{"id":127065,"date":"2021-02-23T09:15:00","date_gmt":"2021-02-23T08:15:00","guid":{"rendered":"http:\/\/www.tucomarca.com\/wordpress\/segunda\/?p=127065"},"modified":"2021-02-23T21:42:37","modified_gmt":"2021-02-23T20:42:37","slug":"la-cultura-torna-a-xest-amb-un-concert-de-veus-femenines-a-carrec-del-cor-de-la-generalitat","status":"publish","type":"post","link":"https:\/\/tucomarca.whitekongsoftware.com\/ca\/la-cultura-torna-a-xest-amb-un-concert-de-veus-femenines-a-carrec-del-cor-de-la-generalitat\/","title":{"rendered":"La cultura torna a Xest amb un concert de veus femenines a c\u00e0rrec del Cor de la Generalitat"},"content":{"rendered":"\n<figure class=\"wp-block-image size-large\"><img loading=\"lazy\" decoding=\"async\" width=\"1024\" height=\"683\" src=\"http:\/\/www.tucomarca.com\/wordpress\/segunda\/wp-content\/uploads\/2021\/02\/CorodonesGeneralitat-1024x683.jpg\" alt=\"\" class=\"wp-image-127062\" srcset=\"https:\/\/tucomarca.whitekongsoftware.com\/wp-content\/uploads\/2021\/02\/CorodonesGeneralitat-1024x683.jpg 1024w, https:\/\/tucomarca.whitekongsoftware.com\/wp-content\/uploads\/2021\/02\/CorodonesGeneralitat-300x200.jpg 300w, https:\/\/tucomarca.whitekongsoftware.com\/wp-content\/uploads\/2021\/02\/CorodonesGeneralitat-768x512.jpg 768w, https:\/\/tucomarca.whitekongsoftware.com\/wp-content\/uploads\/2021\/02\/CorodonesGeneralitat-1536x1024.jpg 1536w, https:\/\/tucomarca.whitekongsoftware.com\/wp-content\/uploads\/2021\/02\/CorodonesGeneralitat-2048x1365.jpg 2048w\" sizes=\"auto, (max-width: 1024px) 100vw, 1024px\" \/><\/figure>\n\n\n\n<p class=\"wp-block-paragraph\">Despr\u00e9s de gaireb\u00e9 dos mesos d&#8217;aturada cultural, el teatre Liceu de Xest va obrir les seves portes dissabte passat, 20 de febrer, per a rebre al *Cor de Dons i Piano de la Generalitat amb un concert titulat Sacre-Po\u00e8tic-Popular.<br>Amb dist\u00e0ncies de seguretat, obligatorietat d&#8217;\u00fas de m\u00e0scara, control de temperatura i dispensador de gel hidroalcoh\u00f2lic en l&#8217;entrada, aforament limitat i acomodadors\/as per a facilitar tant un acc\u00e9s ordenat com una sortida sense aglomeracions, el recinte del Liceu es reafirmava com un lloc segur enfront de la Covid-19. \u201cLa programaci\u00f3 cultural es repr\u00e8n de la mateixa forma que es feia fins ara perqu\u00e8 el teatre sempre ha estat un lloc que ha complert amb totes les mesures sanit\u00e0ries, sent doncs un espai segur; a m\u00e9s, recentment s&#8217;han instal\u00b7lat cinc humidificadors en l&#8217;escenari\u201d, declarava la regidora de Cultura, M\u00aa \u00c1ngeles Llorente. \u201cVull agrair a les persones que estan avui aqu\u00ed la seva assist\u00e8ncia, la majoria s\u00f3n part del p\u00fablic que participa en totes les activitats que es programen en el teatre, sabedor que la cultura \u00e9s segura. Els convido que continu\u00efn fent-ho i al fet que animin als seus coneguts i conegudes a gaudir de la programaci\u00f3 cultural. Avui iniciem les actuacions amb un convidat de luxe: el cor de la Generalitat, i la continuarem cada cap de setmana amb espectacles i cinema\u201d.<\/p>\n\n\n\n<p class=\"wp-block-paragraph\"><br><strong><em>Sacro-po\u00e9tico-popular<\/em>&nbsp;del Cor de Dones i Piano de la Generalitat<\/strong><\/p>\n\n\n\n<p class=\"wp-block-paragraph\">Bajo la direcci\u00f3n de \u00d3scar Pay\u00e1 Prats y con el acompa\u00f1amiento de Francisco Herv\u00e1s al piano, las cantantes del Cor de Dones de la Generalitat pusieron el list\u00f3n bien alto y se llevaron los aplausos de un p\u00fablico asombrado por la calidad de las interpretaciones.&nbsp;<br>El concierto hizo un recorrido por la m\u00fasica sacra de los siglos XVI a XX, con piezas de Schubert y Poulenc, entre otros compositores. Despu\u00e9s, dio paso a una selecci\u00f3n de temas inspirados en textos po\u00e9ticos de Paul Heyse, Rainer Maria Rilke y Federico Garc\u00eda Lorca; donde se pudo escuchar la&nbsp;<em>Suite de Lorca<\/em>&nbsp;del compositor finland\u00e9s Einojuhani Rautavaara. La actuaci\u00f3n finaliz\u00f3 con canciones populares de Josep Vila i Casa\u00f1as, sobre textos de Miquel Desclot. Antes de despedirse, la agrupaci\u00f3n interpret\u00f3 como bis el&nbsp;<em>Coro de las costureras,<\/em>&nbsp;de la zarzuela&nbsp;<em>El barberillo de Lavapi\u00e9s,&nbsp;<\/em>que pronto se estrenar\u00e1 en el Palau de Les Arts de Valencia, con la participaci\u00f3n del Coro de la Generalitat.<\/p>\n\n\n\n<p class=\"wp-block-paragraph\"><br><strong>Programaci\u00f3n<\/strong><\/p>\n\n\n\n<p class=\"wp-block-paragraph\">Este domingo, 21 de febrero, tuvo lugar la proyecci\u00f3n de&nbsp;<em>Invisibles<\/em>, de Gracia Querejeta. El pr\u00f3ximo fin de semana contin\u00faa la programaci\u00f3n con el espect\u00e1culo&nbsp;<em>Alma con la jota<\/em>, a cargo de la Asociaci\u00f3n Folkl\u00f3rica Aragonesa, el s\u00e1bado 27 de febrero a las 19 horas en el teatro Liceo; y el domingo, d\u00eda 28, volver\u00e1 a haber sesi\u00f3n de cine, con la pel\u00edcula&nbsp;<em>Nieva en Benidorm<\/em>, de Isabel Coixet, tambi\u00e9n a las 19 horas en el teatro Liceo.<\/p>\n\n\n\n<figure class=\"wp-block-image size-large\"><img loading=\"lazy\" decoding=\"async\" width=\"1024\" height=\"683\" src=\"http:\/\/www.tucomarca.com\/wordpress\/segunda\/wp-content\/uploads\/2021\/02\/CorodonesGeneralitat0-1024x683.jpg\" alt=\"\" class=\"wp-image-127058\" srcset=\"https:\/\/tucomarca.whitekongsoftware.com\/wp-content\/uploads\/2021\/02\/CorodonesGeneralitat0-1024x683.jpg 1024w, https:\/\/tucomarca.whitekongsoftware.com\/wp-content\/uploads\/2021\/02\/CorodonesGeneralitat0-300x200.jpg 300w, https:\/\/tucomarca.whitekongsoftware.com\/wp-content\/uploads\/2021\/02\/CorodonesGeneralitat0-768x512.jpg 768w, https:\/\/tucomarca.whitekongsoftware.com\/wp-content\/uploads\/2021\/02\/CorodonesGeneralitat0-1536x1024.jpg 1536w, https:\/\/tucomarca.whitekongsoftware.com\/wp-content\/uploads\/2021\/02\/CorodonesGeneralitat0-2048x1365.jpg 2048w\" sizes=\"auto, (max-width: 1024px) 100vw, 1024px\" \/><\/figure>\n","protected":false},"excerpt":{"rendered":"<div class=\"mh-excerpt\">Despr\u00e9s de gaireb\u00e9 dos mesos d&#8217;aturada cultural, el teatre Liceu de Xest va obrir les seves portes dissabte passat, 20 de febrer, per a rebre al *Cor de Dons i Piano de la Generalitat amb <a class=\"mh-excerpt-more\" href=\"https:\/\/tucomarca.whitekongsoftware.com\/ca\/la-cultura-torna-a-xest-amb-un-concert-de-veus-femenines-a-carrec-del-cor-de-la-generalitat\/\" title=\"La cultura torna a Xest amb un concert de veus femenines a c\u00e0rrec del Cor de la Generalitat\">[+] <\/a><\/div>\n","protected":false},"author":1,"featured_media":127061,"comment_status":"open","ping_status":"open","sticky":false,"template":"","format":"gallery","meta":{"footnotes":""},"categories":[11005,10912,11007,10896,10974],"tags":[11071,10914],"class_list":["post-127065","post","type-post","status-publish","format-gallery","has-post-thumbnail","category-canal-musica","category-la-hoya-ca","category-ocio-y-cultura-ca","category-seccion-ca","category-cheste-ca","tag-cheste","tag-la-hoya-de-bunol-chiva-ca","post_format-post-format-gallery"],"_links":{"self":[{"href":"https:\/\/tucomarca.whitekongsoftware.com\/ca\/wp-json\/wp\/v2\/posts\/127065","targetHints":{"allow":["GET"]}}],"collection":[{"href":"https:\/\/tucomarca.whitekongsoftware.com\/ca\/wp-json\/wp\/v2\/posts"}],"about":[{"href":"https:\/\/tucomarca.whitekongsoftware.com\/ca\/wp-json\/wp\/v2\/types\/post"}],"author":[{"embeddable":true,"href":"https:\/\/tucomarca.whitekongsoftware.com\/ca\/wp-json\/wp\/v2\/users\/1"}],"replies":[{"embeddable":true,"href":"https:\/\/tucomarca.whitekongsoftware.com\/ca\/wp-json\/wp\/v2\/comments?post=127065"}],"version-history":[{"count":0,"href":"https:\/\/tucomarca.whitekongsoftware.com\/ca\/wp-json\/wp\/v2\/posts\/127065\/revisions"}],"wp:featuredmedia":[{"embeddable":true,"href":"https:\/\/tucomarca.whitekongsoftware.com\/ca\/wp-json\/wp\/v2\/media\/127061"}],"wp:attachment":[{"href":"https:\/\/tucomarca.whitekongsoftware.com\/ca\/wp-json\/wp\/v2\/media?parent=127065"}],"wp:term":[{"taxonomy":"category","embeddable":true,"href":"https:\/\/tucomarca.whitekongsoftware.com\/ca\/wp-json\/wp\/v2\/categories?post=127065"},{"taxonomy":"post_tag","embeddable":true,"href":"https:\/\/tucomarca.whitekongsoftware.com\/ca\/wp-json\/wp\/v2\/tags?post=127065"}],"curies":[{"name":"wp","href":"https:\/\/api.w.org\/{rel}","templated":true}]}}