{"id":127033,"date":"2021-02-23T16:04:00","date_gmt":"2021-02-23T15:04:00","guid":{"rendered":"http:\/\/www.tucomarca.com\/wordpress\/segunda\/?p=127033"},"modified":"2021-02-23T20:08:28","modified_gmt":"2021-02-23T19:08:28","slug":"lajuntament-de-leliana-obre-la-convocatoria-dajudes-demergencia-social-2021","status":"publish","type":"post","link":"https:\/\/tucomarca.whitekongsoftware.com\/ca\/lajuntament-de-leliana-obre-la-convocatoria-dajudes-demergencia-social-2021\/","title":{"rendered":"L&#8217;Ajuntament de L&#8217;Eliana obre la convocat\u00f2ria d&#8217;ajudes d&#8217;Emerg\u00e8ncia Social 2021"},"content":{"rendered":"\n<h4 class=\"wp-block-heading\"><strong><strong>El Consistori incrementa el pressupost de les Prestacions Econ\u00f2miques Individualitzades per a fer front a la situaci\u00f3 social derivada de la pand\u00e8mia.<\/strong><\/strong><\/h4>\n\n\n\n<p class=\"wp-block-paragraph\">L&#8217;Ajuntament de l&#8217;Eliana ha convocat les Prestacions Econ\u00f2miques Individualitzades d&#8217;emerg\u00e8ncia social amb un pressupost de 230.578 euros. Aquesta xifra implica un increment de 50.000 euros respecte a l&#8217;any 2020, amb el qual els Serveis Socials refor\u00e7aran l&#8217;atenci\u00f3 a les fam\u00edlies elianeres vulnerables, especialment a les afectades per la crisi de la pand\u00e8mia de Covid-19.<\/p>\n\n\n\n<p class=\"wp-block-paragraph\">Aquestes prestacions estan dirigides a persones o nuclis familiars que estan en una situaci\u00f3 econ\u00f2mica greu, d&#8217;urgent necessitat o amb greus problemes espec\u00edfics que afecten la seua autonomia personal, social i econ\u00f2mica i que no poden resoldre amb mitjans econ\u00f2mics propis, amb la finalitat d&#8217;aconseguir el seu normal desenvolupament hum\u00e0 i social.<\/p>\n\n\n\n<p class=\"wp-block-paragraph\">Com en anys anteriors existeixen dues modalitats: l&#8217;emerg\u00e8ncia social i les ajudes a persones de la tercera edat. La primera, t\u00e9 car\u00e0cter extraordinari i est\u00e0 destinada a pal\u00b7liar situacions d&#8217;extrema necessitat i a cobrir despeses imprescindibles per a l&#8217;\u00fas de l&#8217;habitatge habitual, despeses excepcionals, necessitats b\u00e0siques i despeses per despla\u00e7aments. La segona modalitat per la seua part est\u00e0 destinada a ajudar al desenvolupament personal de beneficiaris de la tercera edat (ajudes t\u00e8cniques com audi\u00f2fons o adaptaci\u00f3 de vehicles de motor).<\/p>\n\n\n\n<p class=\"wp-block-paragraph\">Les persones interessades hauran d&#8217;emplenar la sol\u00b7licitud i la documentaci\u00f3 requerida, a disposici\u00f3 en l&#8217;edifici de Serveis Socials i en la <a href=\"http:\/\/www.leliana.es.\/va\/page\/exercici-2021\">web<\/a> municipal. El termini per a sol\u00b7licitar aquestes ajudes finalitzar\u00e0 el pr\u00f2xim 31 d&#8217;octubre. Per a requerir informaci\u00f3 o cita pr\u00e8via poden dirigir-se al tel\u00e8fon 96 275 80 30, marcant les extensions 515 i 504.<\/p>\n\n\n\n<p class=\"wp-block-paragraph\">Tal com ha recordat la regidora de Pol\u00edtiques Socials, M\u00aa Jos\u00e9 Valenzuela, aquesta acci\u00f3 forma part del Pla d&#8217;Intervenci\u00f3 enfront del Covid-19, que inclou el suport en la realitzaci\u00f3 de tr\u00e0mits i gestions de casos positius; el seguiment de persones majors que viuen soles i la seua atenci\u00f3 en la prevenci\u00f3 de contagis; suport psicol\u00f2gic a persones majors i positives per coronavirus; refor\u00e7 dels serveis i programes; o la derivaci\u00f3 al Banc d&#8217;Aliments de les persones que el necessiten.<\/p>\n","protected":false},"excerpt":{"rendered":"<div class=\"mh-excerpt\">El Consistori incrementa el pressupost de les Prestacions Econ\u00f2miques Individualitzades per a fer front a la situaci\u00f3 social derivada de la pand\u00e8mia. L&#8217;Ajuntament de l&#8217;Eliana ha convocat les Prestacions Econ\u00f2miques Individualitzades d&#8217;emerg\u00e8ncia social amb un <a class=\"mh-excerpt-more\" href=\"https:\/\/tucomarca.whitekongsoftware.com\/ca\/lajuntament-de-leliana-obre-la-convocatoria-dajudes-demergencia-social-2021\/\" title=\"L&#8217;Ajuntament de L&#8217;Eliana obre la convocat\u00f2ria d&#8217;ajudes d&#8217;Emerg\u00e8ncia Social 2021\">[+] <\/a><\/div>\n","protected":false},"author":1,"featured_media":104979,"comment_status":"open","ping_status":"open","sticky":false,"template":"","format":"standard","meta":{"footnotes":""},"categories":[10892,12202,10948,10894,10893,10947,10896,10897],"tags":[10899,10395,11937,11939,11940,11938,11172,10433],"class_list":["post-127033","post","type-post","status-publish","format-standard","has-post-thumbnail","category-camp-de-turia-ca","category-covid-19-ca","category-infraestructuras-ca","category-la-comarca-ca","category-leliana-ca","category-politica","category-seccion-ca","category-sucesos-la-comarca-ca","tag-camp-de-turia-ca","tag-camp-de-turia","tag-coronavirus","tag-coronavirus-ca","tag-covid-19-ca","tag-covid-19","tag-leliana-ca-2","tag-leliana"],"_links":{"self":[{"href":"https:\/\/tucomarca.whitekongsoftware.com\/ca\/wp-json\/wp\/v2\/posts\/127033","targetHints":{"allow":["GET"]}}],"collection":[{"href":"https:\/\/tucomarca.whitekongsoftware.com\/ca\/wp-json\/wp\/v2\/posts"}],"about":[{"href":"https:\/\/tucomarca.whitekongsoftware.com\/ca\/wp-json\/wp\/v2\/types\/post"}],"author":[{"embeddable":true,"href":"https:\/\/tucomarca.whitekongsoftware.com\/ca\/wp-json\/wp\/v2\/users\/1"}],"replies":[{"embeddable":true,"href":"https:\/\/tucomarca.whitekongsoftware.com\/ca\/wp-json\/wp\/v2\/comments?post=127033"}],"version-history":[{"count":0,"href":"https:\/\/tucomarca.whitekongsoftware.com\/ca\/wp-json\/wp\/v2\/posts\/127033\/revisions"}],"wp:featuredmedia":[{"embeddable":true,"href":"https:\/\/tucomarca.whitekongsoftware.com\/ca\/wp-json\/wp\/v2\/media\/104979"}],"wp:attachment":[{"href":"https:\/\/tucomarca.whitekongsoftware.com\/ca\/wp-json\/wp\/v2\/media?parent=127033"}],"wp:term":[{"taxonomy":"category","embeddable":true,"href":"https:\/\/tucomarca.whitekongsoftware.com\/ca\/wp-json\/wp\/v2\/categories?post=127033"},{"taxonomy":"post_tag","embeddable":true,"href":"https:\/\/tucomarca.whitekongsoftware.com\/ca\/wp-json\/wp\/v2\/tags?post=127033"}],"curies":[{"name":"wp","href":"https:\/\/api.w.org\/{rel}","templated":true}]}}