{"id":127028,"date":"2021-02-23T17:00:00","date_gmt":"2021-02-23T16:00:00","guid":{"rendered":"http:\/\/www.tucomarca.com\/wordpress\/segunda\/?p=127028"},"modified":"2021-02-23T19:38:44","modified_gmt":"2021-02-23T18:38:44","slug":"els-populars-presentaran-en-la-mancomunitat-mocions-per-a-la-posada-en-marxa-del-transport-comarcal-finalitzacio-de-la-cv-50-i-de-suport-a-la-policia-i-guardia-civil","status":"publish","type":"post","link":"https:\/\/tucomarca.whitekongsoftware.com\/ca\/els-populars-presentaran-en-la-mancomunitat-mocions-per-a-la-posada-en-marxa-del-transport-comarcal-finalitzacio-de-la-cv-50-i-de-suport-a-la-policia-i-guardia-civil\/","title":{"rendered":"Els populars presentaran en la mancomunitat mocions per a la posada en marxa del transport comarcal, finalitzaci\u00f3 de la CV-50 i de suport a la Policia i Gu\u00e0rdia Civil"},"content":{"rendered":"\n<h4 class=\"wp-block-heading\"><strong>Aquestes propostes neixen de reunions mantingudes per part dels portaveus populars amb diversos agents econ\u00f2mics i socials de la comarca.<\/strong><\/h4>\n\n\n\n<h4 class=\"wp-block-heading\"><strong>Pretenen aconseguir el consens un\u00e0nime de totes les forces pol\u00edtiques comarcals perqu\u00e8 es duguin a terme demandes hist\u00f2riques a Camp de T\u00faria.<\/strong><\/h4>\n\n\n\n<p class=\"wp-block-paragraph\">&#8220;Malgrat que vivim mesos molt durs de pand\u00e8mia des de Populars Camp de T\u00faria no cessem en el nostre intent per aconseguir amplis consensos entorn de q\u00fcestions que afecten la vida de les persones a la nostra comarca&#8221;, segons han informat fonts del PP comarcal.<\/p>\n\n\n\n<p class=\"wp-block-paragraph\">&#8220;Hace ya 5 a\u00f1os que se llev\u00f3 a cabo una reuni\u00f3n en la Mancomunidad Camp de T\u00faria con la presencia del Secretario Auton\u00f3mico de Transportes en el que se nos presentaban las nuevas acciones en materia de transporte para nuestra comarca&#8221;.<\/p>\n\n\n\n<p class=\"wp-block-paragraph\">&#8220;Cinco a\u00f1os despu\u00e9s, seguimos esperando la puesta en marcha del transporte comarcal que ahora m\u00e1s que nunca resulta urgente y vital para poder desplazarnos entre municipios, lograr un crecimiento social, desplazarse hasta otras localidades para trabajar o acudir hasta el Hospital de LL\u00edria&#8221;.<\/p>\n\n\n\n<p class=\"wp-block-paragraph\">&#8220;Otra de las cuestiones que desde Populares Camp de T\u00faria queremos plantear es otra reivindicaci\u00f3n hist\u00f3rica en Camp de T\u00faria, la finalizaci\u00f3n de la CV-50 por parte de la Generalitat Valenciana. Esta propuesta se plantea como una reclamaci\u00f3n dentro de los nuevos Fondos Europeos NEXT Generation que van a ser puestos a disposici\u00f3n de las Comunidades Aut\u00f3nomas con un importe total de 140.000 millones de euros. Esta es la mejor oportunidad que tenemos para elevar nuestra reivindicaci\u00f3n al Consell de la Generalitat y a Les Corts Valencianes para que de forma urgente y durante 2021 se vuelva a dar comienzo a la finalizaci\u00f3n de esta obra fundamental para el desarrollo social y econ\u00f3mico de Camp de T\u00faria&#8221;, han a\u00f1adido desde el PP.<\/p>\n\n\n\n<p class=\"wp-block-paragraph\">Por otro lado, desde el Grupo Comarcal Camp de T\u00faria &#8220;vamos a plantear una propuesta que estamos convencidos contar\u00e1 con el respaldo de todas las fuerzas democr\u00e1ticas de la Mancomunidad para respaldar a la Polic\u00eda Nacional, Polic\u00eda Auton\u00f3mica y Guardia Civil, m\u00e1s a\u00fan, despu\u00e9s de los episodios violentos perpetrados por extremistas radicales atacando a las Fuerzas y Cuerpos de Seguridad del Estado en diversas ciudades de Espa\u00f1a y que han costado ya millones de euros en da\u00f1os en mobiliario urbano y en un sector tan castigado con motivo de la pandemia como el comercio local&#8221;.<\/p>\n\n\n\n<p class=\"wp-block-paragraph\">En palabras de H\u00e9ctor Troyano, \u201cel Grupo Comarcal Popular sigue trabajando intensamente para que Camp de T\u00faria no se quede atr\u00e1s. La ciudadan\u00eda encontrar\u00e1 siempre en nuestro partido defensa de los intereses de la comarca, sentido de la responsabilidad y mano tendida\u201d.<\/p>\n","protected":false},"excerpt":{"rendered":"<div class=\"mh-excerpt\">Aquestes propostes neixen de reunions mantingudes per part dels portaveus populars amb diversos agents econ\u00f2mics i socials de la comarca. Pretenen aconseguir el consens un\u00e0nime de totes les forces pol\u00edtiques comarcals perqu\u00e8 es duguin a <a class=\"mh-excerpt-more\" href=\"https:\/\/tucomarca.whitekongsoftware.com\/ca\/els-populars-presentaran-en-la-mancomunitat-mocions-per-a-la-posada-en-marxa-del-transport-comarcal-finalitzacio-de-la-cv-50-i-de-suport-a-la-policia-i-guardia-civil\/\" title=\"Els populars presentaran en la mancomunitat mocions per a la posada en marxa del transport comarcal, finalitzaci\u00f3 de la CV-50 i de suport a la Policia i Gu\u00e0rdia Civil\">[+] <\/a><\/div>\n","protected":false},"author":1,"featured_media":127026,"comment_status":"open","ping_status":"open","sticky":false,"template":"","format":"standard","meta":{"footnotes":""},"categories":[10952,10938,10937,10892,10930,10929,10948,10894,10915,10928,10931,10893,10932,10903,10936,10935,10947,10906,10934,10896,10933,10927],"tags":[10899,13930,13342,11344],"class_list":["post-127028","post","type-post","status-publish","format-standard","has-post-thumbnail","category-benaguasil-ca","category-benisano-ca","category-betera-ca","category-camp-de-turia-ca","category-casinos-ca","category-gatova-ca","category-infraestructuras-ca","category-la-comarca-ca","category-la-pobla-ca","category-lliria-ca","category-loriguilla-ca","category-leliana-ca","category-marines-ca","category-medio-ambiente-la-comarca-ca","category-naquera-ca","category-olocau-ca","category-politica","category-riba-roja-ca","category-san-antonio-de-benageber-ca","category-seccion-ca","category-serra-ca","category-vilamarxant-ca","tag-camp-de-turia-ca","tag-populares-ca","tag-populares-camp-de-turia-ca","tag-pp-ca"],"_links":{"self":[{"href":"https:\/\/tucomarca.whitekongsoftware.com\/ca\/wp-json\/wp\/v2\/posts\/127028","targetHints":{"allow":["GET"]}}],"collection":[{"href":"https:\/\/tucomarca.whitekongsoftware.com\/ca\/wp-json\/wp\/v2\/posts"}],"about":[{"href":"https:\/\/tucomarca.whitekongsoftware.com\/ca\/wp-json\/wp\/v2\/types\/post"}],"author":[{"embeddable":true,"href":"https:\/\/tucomarca.whitekongsoftware.com\/ca\/wp-json\/wp\/v2\/users\/1"}],"replies":[{"embeddable":true,"href":"https:\/\/tucomarca.whitekongsoftware.com\/ca\/wp-json\/wp\/v2\/comments?post=127028"}],"version-history":[{"count":0,"href":"https:\/\/tucomarca.whitekongsoftware.com\/ca\/wp-json\/wp\/v2\/posts\/127028\/revisions"}],"wp:featuredmedia":[{"embeddable":true,"href":"https:\/\/tucomarca.whitekongsoftware.com\/ca\/wp-json\/wp\/v2\/media\/127026"}],"wp:attachment":[{"href":"https:\/\/tucomarca.whitekongsoftware.com\/ca\/wp-json\/wp\/v2\/media?parent=127028"}],"wp:term":[{"taxonomy":"category","embeddable":true,"href":"https:\/\/tucomarca.whitekongsoftware.com\/ca\/wp-json\/wp\/v2\/categories?post=127028"},{"taxonomy":"post_tag","embeddable":true,"href":"https:\/\/tucomarca.whitekongsoftware.com\/ca\/wp-json\/wp\/v2\/tags?post=127028"}],"curies":[{"name":"wp","href":"https:\/\/api.w.org\/{rel}","templated":true}]}}