{"id":127014,"date":"2021-02-23T18:42:52","date_gmt":"2021-02-23T17:42:52","guid":{"rendered":"http:\/\/www.tucomarca.com\/wordpress\/segunda\/?p=127014"},"modified":"2021-02-23T18:42:55","modified_gmt":"2021-02-23T17:42:55","slug":"la-comunitat-valenciana-registra-829-nous-casos-de-coronavirus-53-defuncions-i-2-447-altes","status":"publish","type":"post","link":"https:\/\/tucomarca.whitekongsoftware.com\/ca\/la-comunitat-valenciana-registra-829-nous-casos-de-coronavirus-53-defuncions-i-2-447-altes\/","title":{"rendered":"La Comunitat Valenciana registra 829 nous casos de coronavirus, 53 defuncions i 2.447 altes"},"content":{"rendered":"\n<h4 class=\"wp-block-heading\"><strong><strong>Sanitat ha administrat ja 275.663 dosi de la vacuna contra el coronavirus<\/strong><\/strong><\/h4>\n\n\n\n<h4 class=\"wp-block-heading\"><strong>Nous positius per prov\u00edncies: 73 a Castell\u00f3, 347 a Alacant i 409 a la prov\u00edncia de Val\u00e8ncia<\/strong><\/h4>\n\n\n\n<p class=\"wp-block-paragraph\">La Comunitat Valenciana ha administrat un total de 275.663 dosi de la vacuna contra el coronavirus. Per prov\u00edncies, 34.584 a Castell\u00f3, 98.378 a Alacant i 142.701 a Val\u00e8ncia. Han rebut les dues dosis de la vacuna 99.821 persones.<\/p>\n\n\n\n<p class=\"wp-block-paragraph\">D&#8217;altra banda, s&#8217;han registrat 829 casos nous de coronavirus confirmats per prova *PCR o a trav\u00e9s de test d&#8217;ant\u00edgens des de l&#8217;\u00faltima actualitzaci\u00f3, que situen la xifra total de positius en 376.052 persones. Per prov\u00edncies, la distribuci\u00f3 de nous positius \u00e9s la seg\u00fcent: 73 a Castell\u00f3 (38.514 en total), 347 a Alacant (141.408 en total) i 409 a la prov\u00edncia de Val\u00e8ncia (196.128). A m\u00e9s, el total de casos sense assignar en tota la Comunitat Valenciana se situa en 2.<\/p>\n\n\n\n<p class=\"wp-block-paragraph\">Des de l&#8217;\u00faltima actualitzaci\u00f3 s&#8217;han registrat 2.447 altes a pacients amb coronavirus. D&#8217;aquesta manera, ja s\u00f3n 367.102 persones en la Comunitat Valenciana les que han superat la malaltia des que va comen\u00e7ar la pand\u00e8mia. Per prov\u00edncies, les altes es distribueixen de la seg\u00fcent manera: 37.612 a Castell\u00f3, 137.741 a Alacant i 191.693 a Val\u00e8ncia, a m\u00e9s de 56 no assignades.<\/p>\n\n\n\n<p class=\"wp-block-paragraph\">Els hospitals valencians tenen, actualment, 1.472 persones ingressades: 141 a la prov\u00edncia de Castell\u00f3, amb 20 pacients en UCI; 624 a la prov\u00edncia d&#8217;Alacant, 139 d&#8217;ells en l&#8217;UCI; i 707 a la prov\u00edncia de Val\u00e8ncia, 185 d&#8217;ells en UCI.<\/p>\n\n\n\n<p class=\"wp-block-paragraph\">A m\u00e9s, s&#8217;han registrat 53 defuncions per coronavirus des de l&#8217;\u00faltima actualitzaci\u00f3, per la qual cosa el total de defuncions des de l&#8217;inici de la pand\u00e8mia \u00e9s de 6.490 persones: 744 a la prov\u00edncia de Castell\u00f3, 2.438 en la d&#8217;Alacant i 3.308 en la de Val\u00e8ncia.<\/p>\n\n\n\n<p class=\"wp-block-paragraph\">D&#8217;acord amb les dades registrades, en aquests moments hi ha 13.941 casos actius, la qual cosa suposa un 3,60% del total de positius.<\/p>\n\n\n\n<p class=\"wp-block-paragraph\">Actualitzaci\u00f3 de la situaci\u00f3 en resid\u00e8ncies<\/p>\n\n\n\n<p class=\"wp-block-paragraph\">Des de l&#8217;\u00faltima actualitzaci\u00f3, hi ha algun cas positiu en 104 resid\u00e8ncies de majors (9 a la prov\u00edncia de Castell\u00f3, 34 a la prov\u00edncia d&#8217;Alacant i 61 a la prov\u00edncia de Val\u00e8ncia), 17 centres de diversitat funcional (2 a la prov\u00edncia de Castell\u00f3, 3 a la prov\u00edncia d&#8217;Alacant i 12 a la prov\u00edncia de Val\u00e8ncia) i 3 centres de menors (1 a la prov\u00edncia d&#8217;Alacant i 2 a la prov\u00edncia de Val\u00e8ncia).<\/p>\n\n\n\n<p class=\"wp-block-paragraph\">\u00b7 Residents nous positius: 8<\/p>\n\n\n\n<p class=\"wp-block-paragraph\">\u00b7 Treballadors i treballadores nous positius: 5<\/p>\n\n\n\n<p class=\"wp-block-paragraph\">\u00b7 Residents que han mort: 3<\/p>\n\n\n\n<p class=\"wp-block-paragraph\">Actualment, es troben sota vigil\u00e0ncia activa de control sanitari 48 resid\u00e8ncies en la Comunitat Valenciana: 6 a la prov\u00edncia de Castell\u00f3, 17 a la prov\u00edncia d&#8217;Alacant i 25 a la prov\u00edncia de Val\u00e8ncia.<\/p>\n\n\n\n<p class=\"wp-block-paragraph\">Actualitzaci\u00f3 brollis de coronavirus<\/p>\n\n\n\n<p class=\"wp-block-paragraph\">S&#8217;han registrat 31 nous brots des de l&#8217;\u00faltima actualitzaci\u00f3: 7 de la prov\u00edncia d&#8217;Alacant, 4 de la prov\u00edncia de Castell\u00f3 i 20 de la prov\u00edncia de Val\u00e8ncia.<\/p>\n\n\n\n<p class=\"wp-block-paragraph\">\u00b7 X\u00e0bia: 5 casos. Origen social<\/p>\n\n\n\n<p class=\"wp-block-paragraph\">\u00b7 Altea: 14 casos. Origen laboral<\/p>\n\n\n\n<p class=\"wp-block-paragraph\">\u00b7 Alaqu\u00e0s: 3 casos. \u00c0mbit educatiu<\/p>\n\n\n\n<p class=\"wp-block-paragraph\">\u00b7 Asp: 4 casos. Origen laboral<\/p>\n\n\n\n<p class=\"wp-block-paragraph\">\u00b7 Ontinyent: 7 casos. Origen social<\/p>\n\n\n\n<p class=\"wp-block-paragraph\">\u00b7 Pu\u00e7ol: 5 casos. Origen social<\/p>\n\n\n\n<p class=\"wp-block-paragraph\">\u00b7 Ontinyent: 5 casos. Origen social<\/p>\n\n\n\n<p class=\"wp-block-paragraph\">\u00b7 Guadassuar: 5 casos. Origen social<\/p>\n\n\n\n<p class=\"wp-block-paragraph\">\u00b7 Foios: 5 casos. Origen social<\/p>\n\n\n\n<p class=\"wp-block-paragraph\">\u00b7 Val\u00e8ncia: 3 casos. Origen social<\/p>\n\n\n\n<p class=\"wp-block-paragraph\">\u00b7 Val\u00e8ncia: 4 casos. Origen social<\/p>\n\n\n\n<p class=\"wp-block-paragraph\">\u00b7 Alboraia: 3 casos. Origen social<\/p>\n\n\n\n<p class=\"wp-block-paragraph\">\u00b7 Nules: 3 casos. \u00c0mbit educatiu<\/p>\n\n\n\n<p class=\"wp-block-paragraph\">\u00b7 Bigastre: 5 casos. \u00c0mbit educatiu<\/p>\n\n\n\n<p class=\"wp-block-paragraph\">\u00b7 Castell\u00f3 de la Plana: 6 casos. Origen laboral<\/p>\n\n\n\n<p class=\"wp-block-paragraph\">\u00b7 Beniarbeig: 9 casos. Origen social<\/p>\n\n\n\n<p class=\"wp-block-paragraph\">\u00b7 Val\u00e8ncia: 5 casos. Origen social<\/p>\n\n\n\n<p class=\"wp-block-paragraph\">\u00b7 Pu\u00e7ol: 5 casos. Origen social<\/p>\n\n\n\n<p class=\"wp-block-paragraph\">\u00b7 Castell\u00f3 de la Plana: 3 casos. \u00c0mbit educatiu<\/p>\n\n\n\n<p class=\"wp-block-paragraph\">\u00b7 Bigastre: 4 casos. \u00c0mbit educatiu<\/p>\n\n\n\n<p class=\"wp-block-paragraph\">\u00b7 Val\u00e8ncia: 4 casos. Origen social<\/p>\n\n\n\n<p class=\"wp-block-paragraph\">\u00b7 Castell\u00f3 de la Plana: 4 casos. \u00c0mbit educatiu<\/p>\n\n\n\n<p class=\"wp-block-paragraph\">\u00b7 Torrent: 8 casos. \u00c0mbit educatiu<\/p>\n\n\n\n<p class=\"wp-block-paragraph\">\u00b7 Catarroja: 10 casos. Origen social<\/p>\n\n\n\n<p class=\"wp-block-paragraph\">\u00b7 Quartell: 5 casos. Origen social<\/p>\n\n\n\n<p class=\"wp-block-paragraph\">\u00b7 *Massalfasar: 3 casos. Origen social<\/p>\n\n\n\n<p class=\"wp-block-paragraph\">\u00b7 Xirivella: 5 casos. Origen social<\/p>\n\n\n\n<p class=\"wp-block-paragraph\">\u00b7 Val\u00e8ncia: 6 casos. Origen social<\/p>\n\n\n\n<p class=\"wp-block-paragraph\">\u00b7 Val\u00e8ncia: 4 casos. Origen social<\/p>\n\n\n\n<p class=\"wp-block-paragraph\">\u00b7 Teulada: 4 casos. Origen social<\/p>\n\n\n\n<p class=\"wp-block-paragraph\">\u00b7 Vilamarxant: 7 casos. Origen laboral<\/p>\n","protected":false},"excerpt":{"rendered":"<div class=\"mh-excerpt\">Sanitat ha administrat ja 275.663 dosi de la vacuna contra el coronavirus Nous positius per prov\u00edncies: 73 a Castell\u00f3, 347 a Alacant i 409 a la prov\u00edncia de Val\u00e8ncia La Comunitat Valenciana ha administrat un <a class=\"mh-excerpt-more\" href=\"https:\/\/tucomarca.whitekongsoftware.com\/ca\/la-comunitat-valenciana-registra-829-nous-casos-de-coronavirus-53-defuncions-i-2-447-altes\/\" title=\"La Comunitat Valenciana registra 829 nous casos de coronavirus, 53 defuncions i 2.447 altes\">[+] <\/a><\/div>\n","protected":false},"author":1,"featured_media":123277,"comment_status":"open","ping_status":"open","sticky":false,"template":"","format":"standard","meta":{"footnotes":""},"categories":[10892,11010,12202,10898,10948,10894,10903,10947,10896,10897,10927],"tags":[10899,11939,11940],"class_list":["post-127014","post","type-post","status-publish","format-standard","has-post-thumbnail","category-camp-de-turia-ca","category-canal-salud","category-covid-19-ca","category-ventana-ca","category-infraestructuras-ca","category-la-comarca-ca","category-medio-ambiente-la-comarca-ca","category-politica","category-seccion-ca","category-sucesos-la-comarca-ca","category-vilamarxant-ca","tag-camp-de-turia-ca","tag-coronavirus-ca","tag-covid-19-ca"],"_links":{"self":[{"href":"https:\/\/tucomarca.whitekongsoftware.com\/ca\/wp-json\/wp\/v2\/posts\/127014","targetHints":{"allow":["GET"]}}],"collection":[{"href":"https:\/\/tucomarca.whitekongsoftware.com\/ca\/wp-json\/wp\/v2\/posts"}],"about":[{"href":"https:\/\/tucomarca.whitekongsoftware.com\/ca\/wp-json\/wp\/v2\/types\/post"}],"author":[{"embeddable":true,"href":"https:\/\/tucomarca.whitekongsoftware.com\/ca\/wp-json\/wp\/v2\/users\/1"}],"replies":[{"embeddable":true,"href":"https:\/\/tucomarca.whitekongsoftware.com\/ca\/wp-json\/wp\/v2\/comments?post=127014"}],"version-history":[{"count":0,"href":"https:\/\/tucomarca.whitekongsoftware.com\/ca\/wp-json\/wp\/v2\/posts\/127014\/revisions"}],"wp:featuredmedia":[{"embeddable":true,"href":"https:\/\/tucomarca.whitekongsoftware.com\/ca\/wp-json\/wp\/v2\/media\/123277"}],"wp:attachment":[{"href":"https:\/\/tucomarca.whitekongsoftware.com\/ca\/wp-json\/wp\/v2\/media?parent=127014"}],"wp:term":[{"taxonomy":"category","embeddable":true,"href":"https:\/\/tucomarca.whitekongsoftware.com\/ca\/wp-json\/wp\/v2\/categories?post=127014"},{"taxonomy":"post_tag","embeddable":true,"href":"https:\/\/tucomarca.whitekongsoftware.com\/ca\/wp-json\/wp\/v2\/tags?post=127014"}],"curies":[{"name":"wp","href":"https:\/\/api.w.org\/{rel}","templated":true}]}}