{"id":127006,"date":"2021-02-23T10:00:00","date_gmt":"2021-02-23T09:00:00","guid":{"rendered":"http:\/\/www.tucomarca.com\/wordpress\/segunda\/?p=127006"},"modified":"2021-02-23T19:43:21","modified_gmt":"2021-02-23T18:43:21","slug":"detenen-a-dos-homes-i-una-dona-per-la-seua-presumpta-implicacio-en-14-delictes-de-robatori-amb-forca-en-arees-de-servei-i-casetes-de-camp","status":"publish","type":"post","link":"https:\/\/tucomarca.whitekongsoftware.com\/ca\/detenen-a-dos-homes-i-una-dona-per-la-seua-presumpta-implicacio-en-14-delictes-de-robatori-amb-forca-en-arees-de-servei-i-casetes-de-camp\/","title":{"rendered":"Detenen a dos homes i una dona per la seua presumpta implicaci\u00f3 en 14 delictes de robatori amb for\u00e7a en \u00e0rees de servei i casetes de camp"},"content":{"rendered":"\n<p class=\"wp-block-paragraph\">La Gu\u00e0rdia Civil dins dels serveis establerts de manera permanent, en el marc del pla d&#8217;actuacions per a la prevenci\u00f3 de robatoris amb for\u00e7a en establiments de serveis (gasolineres) i cases de camp. Aquesta Unitat, d\u00f3na principi a l&#8217;Operaci\u00f3 \u201cVANACH\u201d.<\/p>\n\n\n\n<p class=\"wp-block-paragraph\">&#8220;Desde comienzos del mes de enero del 2021, se vienen observando numerosas denuncias relativas al robo con fuerza en estaciones de servicio (gasolineras) y tambi\u00e9n en casas de campo, en diferentes t\u00e9rminos municipales de la provincia de Valencia, afectando principalmente a las localidades de Carcaixent, Alzira, Castell\u00f3, Alberic, Massalav\u00e9s, X\u00e1tiva, La llosa de Ranes y Benifair\u00f3o&#8221;, seg\u00fan han informado desde la Comandancia.<\/p>\n\n\n\n<p class=\"wp-block-paragraph\">Por todo eso, se inicia la investigaci\u00f3n para el esclarecimiento de los hechos denunciados, procediendo al an\u00e1lisis de cada una de las denuncias interpuestas, realizando un inventario de todos los efectos sustra\u00eddos, datos caracter\u00edsticos, posibles elementos de trazabilidad y ampliaci\u00f3n de datos, relativos a estos efectos. De igual modo se procede a establecer un posible modus operandi presente en cada uno de los robos.<\/p>\n\n\n\n<p class=\"wp-block-paragraph\">&#8220;En un inicio, las personas sobre las que se sospechan, resultan ser conocidos de la zona, que vendr\u00edan dedic\u00e1ndose a delitos contra el patrimonio, en diferentes \u00e1mbitos. Sobre dichas personas, se estrecha la vigilancia y se concretan las gestiones a fin de constatar la posible vinculaci\u00f3n de estos, con los hechos delictivos que se vienen aconteciendo. Es de destacar que estas personas&nbsp; tienen multitud de antecedentes de diferente tipolog\u00eda, no se les conoce trabajo alguno, por tanto, se deduce que se trata de uno de los modos \u201cf\u00e1ciles\u201d, de obtener dinero r\u00e1pidamente&#8221;, seg\u00fan fuentes policiales.&nbsp;<\/p>\n\n\n\n<p class=\"wp-block-paragraph\">Esta investigaci\u00f3n&nbsp; ha generado una dificultad manifiesta, ya que todos los investigados, resultaron afectados por la enfermedad Covid-19, llegando a saltarse reiteradamente, el confinamiento obligatorio, ordenado por Sanidad P\u00fablica, para cometer los robos con fuerza, poniendo en peligro a terceras personas con un posible contagio.<\/p>\n\n\n\n<p class=\"wp-block-paragraph\">El \u201cmodus operandi\u201d, observado en todas las denuncias plasmadas, coinciden en todas ellas, siendo este,&nbsp; el acceder a la estaciones de servicio con diferentes veh\u00edculos, con las placas de matr\u00edculas, tapadas con un trapo y los autores utilizando pasamonta\u00f1as, para dificultar su identificaci\u00f3n. Asimismo en las casas de campo la utilizaci\u00f3n de herramientas para forzar las cerraduras.&nbsp;<\/p>\n\n\n\n<p class=\"wp-block-paragraph\">&#8220;Destacar que la totalidad de los objetos que sustra\u00edan en las estaciones de servicio (gasolineras), son bombonas de butano (llegando a sustraer m\u00e1s de 100 bombonas) y en las diferentes casas de campo se tratan de maquinaria y elementos relacionados con la agricultura, as\u00ed como bicicletas de alta gama. Objetos que en la mayor\u00eda de ocasiones obtienen una salida r\u00e1pida en el mercado de segunda mano e incluso en transacciones como medio de intercambio por droga. Como ultimo extremo, es de remarcar que los delitos, se cometen cerca de los municipios en donde residen los autores de los hechos, de f\u00e1cil y r\u00e1pida comunicaci\u00f3n, incluso por caminos rurales, que facilitan la huida sin ser detectados en posibles controles policiales rutinarios&#8221;, han a\u00f1adido desde la Comandancia.<\/p>\n\n\n\n<p class=\"wp-block-paragraph\">Fruto de la gestiones realizadas por los agentes, se consigue establecer e identificar los diferentes veh\u00edculos utilizados para cometer los il\u00edcitos y los posibles lugares utilizados, donde poder ocultar los objetos sustra\u00eddos.<\/p>\n\n\n\n<p class=\"wp-block-paragraph\">Con todo eso, el d\u00eda 15 de febrero se procedi\u00f3 a la explotaci\u00f3n de la operaci\u00f3n \u201cVANACH\u201d, realizando tres detenciones y dos entradas y registros en las localidades de Massalav\u00e9s y Alberic, en los cuales fue posible la aprehensi\u00f3n de numerosos objetos, entre ellos bombonas de butano y objetos procedentes de otros robos.&nbsp;<\/p>\n\n\n\n<p class=\"wp-block-paragraph\">Con dicha operaci\u00f3n se han conseguido esclarecer judicialmente m\u00e1s de catorce hechos delictivos.<\/p>\n\n\n\n<p class=\"wp-block-paragraph\">&nbsp;Asimismo se ha procedido a la detenci\u00f3n de tres personas, dos varones y una mujer de edades comprendidas entre 27 y 46 a\u00f1os y de nacionalidad espa\u00f1ola como presuntos autores de delitos continuados de robos con fuerza en estaciones de servicio y casas de campo.<\/p>\n\n\n\n<p class=\"wp-block-paragraph\">Las diligencias han pasado a disposici\u00f3n del Juzgado de Primera Instancia e Instrucci\u00f3n n\u00ba2 de Alzira. &nbsp;<\/p>\n\n\n\n<figure class=\"wp-block-image size-large\"><img loading=\"lazy\" decoding=\"async\" width=\"768\" height=\"1024\" src=\"http:\/\/www.tucomarca.com\/wordpress\/segunda\/wp-content\/uploads\/2021\/02\/GCAlziraRobos-768x1024.jpg\" alt=\"\" class=\"wp-image-127003\" srcset=\"https:\/\/tucomarca.whitekongsoftware.com\/wp-content\/uploads\/2021\/02\/GCAlziraRobos-768x1024.jpg 768w, https:\/\/tucomarca.whitekongsoftware.com\/wp-content\/uploads\/2021\/02\/GCAlziraRobos-225x300.jpg 225w, https:\/\/tucomarca.whitekongsoftware.com\/wp-content\/uploads\/2021\/02\/GCAlziraRobos-1152x1536.jpg 1152w, https:\/\/tucomarca.whitekongsoftware.com\/wp-content\/uploads\/2021\/02\/GCAlziraRobos-1536x2048.jpg 1536w, https:\/\/tucomarca.whitekongsoftware.com\/wp-content\/uploads\/2021\/02\/GCAlziraRobos-scaled.jpg 1920w\" sizes=\"auto, (max-width: 768px) 100vw, 768px\" \/><\/figure>\n","protected":false},"excerpt":{"rendered":"<div class=\"mh-excerpt\">La Gu\u00e0rdia Civil dins dels serveis establerts de manera permanent, en el marc del pla d&#8217;actuacions per a la prevenci\u00f3 de robatoris amb for\u00e7a en establiments de serveis (gasolineres) i cases de camp. Aquesta Unitat, <a class=\"mh-excerpt-more\" href=\"https:\/\/tucomarca.whitekongsoftware.com\/ca\/detenen-a-dos-homes-i-una-dona-per-la-seua-presumpta-implicacio-en-14-delictes-de-robatori-amb-forca-en-arees-de-servei-i-casetes-de-camp\/\" title=\"Detenen a dos homes i una dona per la seua presumpta implicaci\u00f3 en 14 delictes de robatori amb for\u00e7a en \u00e0rees de servei i casetes de camp\">[+] <\/a><\/div>\n","protected":false},"author":1,"featured_media":127002,"comment_status":"open","ping_status":"open","sticky":false,"template":"","format":"standard","meta":{"footnotes":""},"categories":[10889,10898,10894,10904,10902,10999,10896,10897,11052],"tags":[11192,11118,11077],"class_list":["post-127006","post","type-post","status-publish","format-standard","has-post-thumbnail","category-alzira-cat","category-ventana-ca","category-la-comarca-ca","category-sin-categorizar-ca","category-la-ribera-ca","category-masalaves-ca","category-seccion-ca","category-sucesos-la-comarca-ca","category-villanueva-de-castellon-ca","tag-alzira-ca","tag-guardia-civil-ca","tag-la-ribera-alta-ca"],"_links":{"self":[{"href":"https:\/\/tucomarca.whitekongsoftware.com\/ca\/wp-json\/wp\/v2\/posts\/127006","targetHints":{"allow":["GET"]}}],"collection":[{"href":"https:\/\/tucomarca.whitekongsoftware.com\/ca\/wp-json\/wp\/v2\/posts"}],"about":[{"href":"https:\/\/tucomarca.whitekongsoftware.com\/ca\/wp-json\/wp\/v2\/types\/post"}],"author":[{"embeddable":true,"href":"https:\/\/tucomarca.whitekongsoftware.com\/ca\/wp-json\/wp\/v2\/users\/1"}],"replies":[{"embeddable":true,"href":"https:\/\/tucomarca.whitekongsoftware.com\/ca\/wp-json\/wp\/v2\/comments?post=127006"}],"version-history":[{"count":0,"href":"https:\/\/tucomarca.whitekongsoftware.com\/ca\/wp-json\/wp\/v2\/posts\/127006\/revisions"}],"wp:featuredmedia":[{"embeddable":true,"href":"https:\/\/tucomarca.whitekongsoftware.com\/ca\/wp-json\/wp\/v2\/media\/127002"}],"wp:attachment":[{"href":"https:\/\/tucomarca.whitekongsoftware.com\/ca\/wp-json\/wp\/v2\/media?parent=127006"}],"wp:term":[{"taxonomy":"category","embeddable":true,"href":"https:\/\/tucomarca.whitekongsoftware.com\/ca\/wp-json\/wp\/v2\/categories?post=127006"},{"taxonomy":"post_tag","embeddable":true,"href":"https:\/\/tucomarca.whitekongsoftware.com\/ca\/wp-json\/wp\/v2\/tags?post=127006"}],"curies":[{"name":"wp","href":"https:\/\/api.w.org\/{rel}","templated":true}]}}