{"id":126999,"date":"2021-02-23T08:00:00","date_gmt":"2021-02-23T07:00:00","guid":{"rendered":"http:\/\/www.tucomarca.com\/wordpress\/segunda\/?p=126999"},"modified":"2021-02-23T18:46:43","modified_gmt":"2021-02-23T17:46:43","slug":"la-pobla-de-vallbona-incrementa-las-ayudas-sociales-un-60-en-2020","status":"publish","type":"post","link":"https:\/\/tucomarca.whitekongsoftware.com\/ca\/la-pobla-de-vallbona-incrementa-las-ayudas-sociales-un-60-en-2020\/","title":{"rendered":"La Pobla de Vallbona incrementa les ajudes socials un 60% en 2020"},"content":{"rendered":"\n<p class=\"wp-block-paragraph\">L&#8217;Ajuntament de la Pobla de Vallbona ha augmentat un 60% les ajudes socials durant 2020 per a fer front a la situaci\u00f3 creada per la pand\u00e8mia de la COVID19. En concret s&#8217;han concedit prop de 250.000 euros en subvencions socials enfront dels 157.000 concedits l&#8217;any anterior.<\/p>\n\n\n\n<p class=\"wp-block-paragraph\">Durant el 2020, l&#8217;Ajuntament ha tramitat favorablement 774 sol\u00b7licituds d&#8217;ajuda, la qual cosa suposa 268 peticions m\u00e9s que en 2019. D&#8217;aquestes ajudes, 176.800 euros, s&#8217;han destinat a necessitats b\u00e0siques com l&#8217;alimentaci\u00f3 i la roba de fam\u00edlies en situaci\u00f3 de vulnerabilitat. A situacions extraordin\u00e0ries i sobrevingudes de les fam\u00edlies s&#8217;han destinat 64.000 euros. Tamb\u00e9 l&#8217;ajuntament ha aprovat ajudes per un valor de 7.760 euros per al suport de fam\u00edlies en situaci\u00f3 de pobresa energ\u00e8tica.<\/p>\n\n\n\n<p class=\"wp-block-paragraph\">Entre les ajudes concedides en 2020, l&#8217;ajuntament ha donat suport a 153 fam\u00edlies que a causa de la COVID-19 s&#8217;han vist afectades per un ERTO o que han perdut el treball per un import de 33.385 euros. Tamb\u00e9 s&#8217;han aprovat 3.790 euros a la compra d&#8217;aliments infantils per a aquestes fam\u00edlies que la pand\u00e8mia ha deixat en una situaci\u00f3 prec\u00e0ria.<\/p>\n\n\n\n<p class=\"wp-block-paragraph\">Les repercussions econ\u00f2miques provocades per la pand\u00e8mia de la COVID-19 ha fet que fam\u00edlies que fins ara no ho necessitaven s&#8217;hagin vist abocades a demanar ajudes socials. Amb aquest increment del pressupost en pol\u00edtiques socials, des del govern municipal es mant\u00e9 el comprom\u00eds d&#8217;augmentar les partides tot all\u00f2 que sigui necessari per a evitar que cap fam\u00edlia es quedi enrere. Des de l&#8217;ajuntament es vol evitar que una situaci\u00f3 de crisi temporal de vulnerabilitat es converteixi en definitiva per a les fam\u00edlies.<\/p>\n","protected":false},"excerpt":{"rendered":"<div class=\"mh-excerpt\">L&#8217;Ajuntament de la Pobla de Vallbona ha augmentat un 60% les ajudes socials durant 2020 per a fer front a la situaci\u00f3 creada per la pand\u00e8mia de la COVID19. En concret s&#8217;han concedit prop de <a class=\"mh-excerpt-more\" href=\"https:\/\/tucomarca.whitekongsoftware.com\/ca\/la-pobla-de-vallbona-incrementa-las-ayudas-sociales-un-60-en-2020\/\" title=\"La Pobla de Vallbona incrementa les ajudes socials un 60% en 2020\">[+] <\/a><\/div>\n","protected":false},"author":1,"featured_media":116761,"comment_status":"open","ping_status":"open","sticky":false,"template":"","format":"standard","meta":{"footnotes":""},"categories":[10892,12202,10948,10894,10915,10903,10947,10896,10897],"tags":[10899,11939,11940,10916],"class_list":["post-126999","post","type-post","status-publish","format-standard","has-post-thumbnail","category-camp-de-turia-ca","category-covid-19-ca","category-infraestructuras-ca","category-la-comarca-ca","category-la-pobla-ca","category-medio-ambiente-la-comarca-ca","category-politica","category-seccion-ca","category-sucesos-la-comarca-ca","tag-camp-de-turia-ca","tag-coronavirus-ca","tag-covid-19-ca","tag-la-pobla-de-vallbona-ca"],"_links":{"self":[{"href":"https:\/\/tucomarca.whitekongsoftware.com\/ca\/wp-json\/wp\/v2\/posts\/126999","targetHints":{"allow":["GET"]}}],"collection":[{"href":"https:\/\/tucomarca.whitekongsoftware.com\/ca\/wp-json\/wp\/v2\/posts"}],"about":[{"href":"https:\/\/tucomarca.whitekongsoftware.com\/ca\/wp-json\/wp\/v2\/types\/post"}],"author":[{"embeddable":true,"href":"https:\/\/tucomarca.whitekongsoftware.com\/ca\/wp-json\/wp\/v2\/users\/1"}],"replies":[{"embeddable":true,"href":"https:\/\/tucomarca.whitekongsoftware.com\/ca\/wp-json\/wp\/v2\/comments?post=126999"}],"version-history":[{"count":0,"href":"https:\/\/tucomarca.whitekongsoftware.com\/ca\/wp-json\/wp\/v2\/posts\/126999\/revisions"}],"wp:featuredmedia":[{"embeddable":true,"href":"https:\/\/tucomarca.whitekongsoftware.com\/ca\/wp-json\/wp\/v2\/media\/116761"}],"wp:attachment":[{"href":"https:\/\/tucomarca.whitekongsoftware.com\/ca\/wp-json\/wp\/v2\/media?parent=126999"}],"wp:term":[{"taxonomy":"category","embeddable":true,"href":"https:\/\/tucomarca.whitekongsoftware.com\/ca\/wp-json\/wp\/v2\/categories?post=126999"},{"taxonomy":"post_tag","embeddable":true,"href":"https:\/\/tucomarca.whitekongsoftware.com\/ca\/wp-json\/wp\/v2\/tags?post=126999"}],"curies":[{"name":"wp","href":"https:\/\/api.w.org\/{rel}","templated":true}]}}