{"id":126862,"date":"2021-02-20T12:00:00","date_gmt":"2021-02-20T11:00:00","guid":{"rendered":"http:\/\/www.tucomarca.com\/wordpress\/segunda\/?p=126862"},"modified":"2021-02-21T11:46:32","modified_gmt":"2021-02-21T10:46:32","slug":"xest-fara-un-descompte-en-la-taxa-de-fems-del-consorci-a-les-persones-que-separen-lorganic","status":"publish","type":"post","link":"https:\/\/tucomarca.whitekongsoftware.com\/ca\/xest-fara-un-descompte-en-la-taxa-de-fems-del-consorci-a-les-persones-que-separen-lorganic\/","title":{"rendered":"Xest far\u00e1 un descompte en la taxa de fems del Consorci a les persones que separen l&#8217;org\u00e0nic"},"content":{"rendered":"\n<p class=\"wp-block-paragraph\">Des de la regidoria Servicis s&#8217;ha posat en marxa una iniciativa perqu\u00e8 la ciutadania separe els residus org\u00e0nics que generen en les seues vivendes oferint gratu\u00eftament un kit amb un poal, bosses de fem compostables i una clau per a obrir els contenidors marrons instal\u00b7lats recentment en el municipi. Ja han sigut m\u00e9s de 300 persones les que han arreplegat el lot per a la separaci\u00f3 del fem org\u00e0nica, que continuen estant disponibles en l&#8217;oficina de Turisme.<\/p>\n\n\n\n<p class=\"wp-block-paragraph\">&#8220;El Consorci Val\u00e8ncia Interior reduir\u00e0 la taxa anual que cobra per la gesti\u00f3 del fem del municipi als ve\u00efns i ve\u00efnes i als locals que realitzen bones pr\u00e0ctiques, \u00e9s a dir, que separen el fem org\u00e0nica depositant-la en el contenidor corresponent; prompte anunciar\u00e0 quin percentatge restar\u00e0 dels seus rebuts&#8221;, ha explicat el regidor de Servicis, Jos\u00e9 Vicente Guijarro.<\/p>\n\n\n\n<p class=\"wp-block-paragraph\"><strong><strong>Conscienciaci\u00f3 per a reduir l&#8217;\u00fas del pl\u00e0stic<\/strong><\/strong><\/p>\n\n\n\n<p class=\"wp-block-paragraph\">Guijarro tamb\u00e9 ha insistit en la necessitat de separar la resta de residus que es generen en les llars, incidint tamb\u00e9 en la import\u00e0ncia de reduir el consum de productes envasats en pl\u00e0stic, apostant per la compra a granel amb recipients reutilitzats o triant embolcalls m\u00e9s sostenibles com el paper o el cart\u00f3.<\/p>\n\n\n\n<p class=\"wp-block-paragraph\"><strong><strong>Continuen els abocaments incontrolats<\/strong><\/strong><\/p>\n\n\n\n<p class=\"wp-block-paragraph\">Durant els \u00faltims mesos la quantitat de trastos depositats en punts d&#8217;abocament incontrolat ha experimentat un lleuger descens, per\u00f2 recentment s&#8217;han tornat a localitzar efectes en els afores i en el nucli urb\u00e0. \u201cPareixia que per fi, despr\u00e9s de tanta insist\u00e8ncia per part de l&#8217;Ajuntament, les persones inc\u00edviques que depositaven els seus fems en abocadors incontrolats s&#8217;estaven comen\u00e7ant a conscienciar; per\u00f2 recentment hem tornat a localitzar nombrosos abocaments. L&#8217;arreplega la paguem tots i totes, tamb\u00e9 els que s\u00ed que tenim una actitud responsable, per\u00f2 no podem posar vigil\u00e0ncia darrere de cada habitant\u201d,ha apuntat Guijarro.\u201cD&#8217;altra banda, torne a fer una crida a la poblaci\u00f3 amb mascotes perqu\u00e8 netege amb aigua els rovells dels seus animals i arreplegue els seus excrements, aix\u00ed podrem evitar les males olors, les mol\u00e8sties i la insalubritat en els nostres carrers, que donen tan mala imatge a la localitat\u201d<\/p>\n","protected":false},"excerpt":{"rendered":"<div class=\"mh-excerpt\">Des de la regidoria Servicis s&#8217;ha posat en marxa una iniciativa perqu\u00e8 la ciutadania separe els residus org\u00e0nics que generen en les seues vivendes oferint gratu\u00eftament un kit amb un poal, bosses de fem compostables <a class=\"mh-excerpt-more\" href=\"https:\/\/tucomarca.whitekongsoftware.com\/ca\/xest-fara-un-descompte-en-la-taxa-de-fems-del-consorci-a-les-persones-que-separen-lorganic\/\" title=\"Xest far\u00e1 un descompte en la taxa de fems del Consorci a les persones que separen l&#8217;org\u00e0nic\">[+] <\/a><\/div>\n","protected":false},"author":12,"featured_media":122754,"comment_status":"open","ping_status":"open","sticky":false,"template":"","format":"standard","meta":{"footnotes":""},"categories":[10948,10894,10912,10903,10947,10896,10974],"tags":[11071,11117,11305,10914],"class_list":["post-126862","post","type-post","status-publish","format-standard","has-post-thumbnail","category-infraestructuras-ca","category-la-comarca-ca","category-la-hoya-ca","category-medio-ambiente-la-comarca-ca","category-politica","category-seccion-ca","category-cheste-ca","tag-cheste","tag-consorcio-valencia-interior-ca","tag-cvi-ca","tag-la-hoya-de-bunol-chiva-ca"],"_links":{"self":[{"href":"https:\/\/tucomarca.whitekongsoftware.com\/ca\/wp-json\/wp\/v2\/posts\/126862","targetHints":{"allow":["GET"]}}],"collection":[{"href":"https:\/\/tucomarca.whitekongsoftware.com\/ca\/wp-json\/wp\/v2\/posts"}],"about":[{"href":"https:\/\/tucomarca.whitekongsoftware.com\/ca\/wp-json\/wp\/v2\/types\/post"}],"author":[{"embeddable":true,"href":"https:\/\/tucomarca.whitekongsoftware.com\/ca\/wp-json\/wp\/v2\/users\/12"}],"replies":[{"embeddable":true,"href":"https:\/\/tucomarca.whitekongsoftware.com\/ca\/wp-json\/wp\/v2\/comments?post=126862"}],"version-history":[{"count":0,"href":"https:\/\/tucomarca.whitekongsoftware.com\/ca\/wp-json\/wp\/v2\/posts\/126862\/revisions"}],"wp:featuredmedia":[{"embeddable":true,"href":"https:\/\/tucomarca.whitekongsoftware.com\/ca\/wp-json\/wp\/v2\/media\/122754"}],"wp:attachment":[{"href":"https:\/\/tucomarca.whitekongsoftware.com\/ca\/wp-json\/wp\/v2\/media?parent=126862"}],"wp:term":[{"taxonomy":"category","embeddable":true,"href":"https:\/\/tucomarca.whitekongsoftware.com\/ca\/wp-json\/wp\/v2\/categories?post=126862"},{"taxonomy":"post_tag","embeddable":true,"href":"https:\/\/tucomarca.whitekongsoftware.com\/ca\/wp-json\/wp\/v2\/tags?post=126862"}],"curies":[{"name":"wp","href":"https:\/\/api.w.org\/{rel}","templated":true}]}}