{"id":126853,"date":"2021-02-20T14:30:00","date_gmt":"2021-02-20T13:30:00","guid":{"rendered":"http:\/\/www.tucomarca.com\/wordpress\/segunda\/?p=126853"},"modified":"2021-02-21T12:14:35","modified_gmt":"2021-02-21T11:14:35","slug":"el-conseller-soler-trasllada-la-gestio-de-la-generalitat-en-la-pandemia-a-la-comarca-de-la-foia-de-bunyol-xiva","status":"publish","type":"post","link":"https:\/\/tucomarca.whitekongsoftware.com\/ca\/el-conseller-soler-trasllada-la-gestio-de-la-generalitat-en-la-pandemia-a-la-comarca-de-la-foia-de-bunyol-xiva\/","title":{"rendered":"El conseller Soler trasllada la gesti\u00f3 de la Generalitat en la pand\u00e8mia a la comarca de La Foia de Bunyol-Xiva"},"content":{"rendered":"\n<p class=\"wp-block-paragraph\">El conseller d&#8217;Hisenda i Model Econ\u00f2mic, Vicent Soler, ha presentat hui la gesti\u00f3 sanit\u00e0ria, econ\u00f2mica i social de la Generalitat en la pand\u00e8mia en la comarca de La Foia de Bunyol-Xiva que, ha destacat, pot disposar d&#8217;un total de 1.133.115 euros nom\u00e9s de les Ajudes Par\u00e8ntesi, a m\u00e9s de tindre acc\u00e9s a la resta de l\u00ednies d&#8217;ajudes del Pla Resistir, dotat amb 400 milions d&#8217;euros per als sectors m\u00e9s afectats per la crisi sanit\u00e0ria. Aix\u00ed ho ha afirmat Soler en la trobada telem\u00e0tica celebrat hui per a traslladar els dirigents comarcals i locals les mesures &#8220;\u00e0gils i eficients&#8221; que el Consell de Ximo Puig ha adoptat durant estos m.eses de pand\u00e8mia.\u00a0 En la reuni\u00f3 han participat tamb\u00e9 el director general d&#8217;Administraci\u00f3 Local, Toni Such, la secret\u00e0ria auton\u00f2mica d&#8217;Efici\u00e8ncia i Tecnologia Sanit\u00e0ria, Concha Andr\u00e9s, el secretari de Relacions Institucionals i Acci\u00f3 Territorial de la CEN del PSPV-PSOE, Carlos Fern\u00e1ndez Bielsa, el diputat en Les Corts Valencianes, Pedro Ruiz i el secretari general en la comarca, Lucas Ferrando.<\/p>\n\n\n\n<p class=\"wp-block-paragraph\">La trobada forma part de la campanya posada en marxa pel PSPV-PSOE per a difondre i explicar en l&#8217;\u00e0mbit comarcal la gesti\u00f3 de la Generalitat en la pand\u00e8mia i escoltar les propostes de les comarques i municipis per a avan\u00e7ar en la resposta justa i social a la crisi. Tal com va explicar el president de la Generalitat i secretari general del PSPV-PSOE, Ximo Puig, en l&#8217;\u00faltim Consell Territorial amb els secretaris generals del partit en les comarques, la campanya consta de 26 actes telem\u00e0tics, u per comarca, en els que s&#8217;explica la gesti\u00f3 de la pand\u00e8mia i les mesures adoptades en el pla sanitari, econ\u00f2mic i social pel Consell. <\/p>\n\n\n\n<p class=\"wp-block-paragraph\">En este sentit, diferents c\u00e0rrecs del partit i del Consell exposen en estes trobades virtuals amb dirigents comarcals, alcaldes, alcaldesses i portaveus municipals les accions adoptades enfront de la crisi sanit\u00e0ria, els plans econ\u00f2mics i socials i el funcionament de les diferents l\u00ednia d&#8217;ajuda.<\/p>\n\n\n\n<p class=\"wp-block-paragraph\"><strong>PLA RESISTIR I AJUDES PAR\u00c8NTESI<\/strong><\/p>\n\n\n\n<p class=\"wp-block-paragraph\">Durant la trobada, s&#8217;ha fet especial \u00e8mfasi en el Pla Resistir de la Generalitat, el pla d&#8217;ajudes m\u00e9s ambici\u00f3s de tota Espanya, amb 400 milions d&#8217;euros en ajudes directe i finan\u00e7ament per a les empreses, persones aut\u00f2nomes i persones treballadores dels sectors m\u00e9s afectats per les restriccions per a fer front a la pand\u00e8mia. Entre altres coses, el Consell de Ximo Puig ha aprovat com a part del Pla ajudes per a hotels, restaurants i cafeteries per valor de 100 milions d&#8217;euros, ajudes al foment de l&#8217;ocupaci\u00f3 per 80 milions, ajudes a les persones en ERTE per 17 milions, ajudes a persones aut\u00f2nomes per 8 milions, altres ajudes espec\u00edfiques per als sectors m\u00e9s afectats per 15 milions i ajudes al sector del taxi per a 4500 llic\u00e8ncies.<\/p>\n\n\n\n<p class=\"wp-block-paragraph\">Aix\u00ed mateix, el Pla Resistir inclou les Ajudes Par\u00e8ntesi, que consistixen en la creaci\u00f3 d&#8217;un fons amb aportacions de la Generalitat, les diputacions i els ajuntaments, dotat amb 160 milions d&#8217;euros a repartir entre tots els municipis de la Comunitat Valenciana per a escometre actuacions encaminades a pal\u00b7liar les conseq\u00fc\u00e8ncies derivades de la pand\u00e8mia sobre els sectors m\u00e9s afectats.<\/p>\n","protected":false},"excerpt":{"rendered":"<div class=\"mh-excerpt\">El conseller d&#8217;Hisenda i Model Econ\u00f2mic, Vicent Soler, ha presentat hui la gesti\u00f3 sanit\u00e0ria, econ\u00f2mica i social de la Generalitat en la pand\u00e8mia en la comarca de La Foia de Bunyol-Xiva que, ha destacat, pot <a class=\"mh-excerpt-more\" href=\"https:\/\/tucomarca.whitekongsoftware.com\/ca\/el-conseller-soler-trasllada-la-gestio-de-la-generalitat-en-la-pandemia-a-la-comarca-de-la-foia-de-bunyol-xiva\/\" title=\"El conseller Soler trasllada la gesti\u00f3 de la Generalitat en la pand\u00e8mia a la comarca de La Foia de Bunyol-Xiva\">[+] <\/a><\/div>\n","protected":false},"author":12,"featured_media":86457,"comment_status":"open","ping_status":"open","sticky":false,"template":"","format":"standard","meta":{"footnotes":""},"categories":[10973,10911,12202,10976,10977,10980,10948,10894,10912,10978,10947,10896,10979,10974,10975],"tags":[11939,11940,10914],"class_list":["post-126853","post","type-post","status-publish","format-standard","has-post-thumbnail","category-alborache-ca","category-bunol-ca","category-covid-19-ca","category-dos-aguas-ca","category-godelleta-ca","category-yatova-ca","category-infraestructuras-ca","category-la-comarca-ca","category-la-hoya-ca","category-macastre-ca","category-politica","category-seccion-ca","category-siete-aguas-ca","category-cheste-ca","category-chiva-ca","tag-coronavirus-ca","tag-covid-19-ca","tag-la-hoya-de-bunol-chiva-ca"],"_links":{"self":[{"href":"https:\/\/tucomarca.whitekongsoftware.com\/ca\/wp-json\/wp\/v2\/posts\/126853","targetHints":{"allow":["GET"]}}],"collection":[{"href":"https:\/\/tucomarca.whitekongsoftware.com\/ca\/wp-json\/wp\/v2\/posts"}],"about":[{"href":"https:\/\/tucomarca.whitekongsoftware.com\/ca\/wp-json\/wp\/v2\/types\/post"}],"author":[{"embeddable":true,"href":"https:\/\/tucomarca.whitekongsoftware.com\/ca\/wp-json\/wp\/v2\/users\/12"}],"replies":[{"embeddable":true,"href":"https:\/\/tucomarca.whitekongsoftware.com\/ca\/wp-json\/wp\/v2\/comments?post=126853"}],"version-history":[{"count":0,"href":"https:\/\/tucomarca.whitekongsoftware.com\/ca\/wp-json\/wp\/v2\/posts\/126853\/revisions"}],"wp:featuredmedia":[{"embeddable":true,"href":"https:\/\/tucomarca.whitekongsoftware.com\/ca\/wp-json\/wp\/v2\/media\/86457"}],"wp:attachment":[{"href":"https:\/\/tucomarca.whitekongsoftware.com\/ca\/wp-json\/wp\/v2\/media?parent=126853"}],"wp:term":[{"taxonomy":"category","embeddable":true,"href":"https:\/\/tucomarca.whitekongsoftware.com\/ca\/wp-json\/wp\/v2\/categories?post=126853"},{"taxonomy":"post_tag","embeddable":true,"href":"https:\/\/tucomarca.whitekongsoftware.com\/ca\/wp-json\/wp\/v2\/tags?post=126853"}],"curies":[{"name":"wp","href":"https:\/\/api.w.org\/{rel}","templated":true}]}}