{"id":126817,"date":"2021-02-19T14:00:00","date_gmt":"2021-02-19T13:00:00","guid":{"rendered":"http:\/\/www.tucomarca.com\/wordpress\/segunda\/los-residuos-aumentan-un-10-en-el-area-del-consorcio-valencia-interior-ante-el-aumento-de-poblacion-durante-el-primer-ano-de-pandemia\/"},"modified":"2021-02-19T21:01:36","modified_gmt":"2021-02-19T20:01:36","slug":"los-residuos-aumentan-un-10-en-el-area-del-consorcio-valencia-interior-ante-el-aumento-de-poblacion-durante-el-primer-ano-de-pandemia","status":"publish","type":"post","link":"https:\/\/tucomarca.whitekongsoftware.com\/ca\/los-residuos-aumentan-un-10-en-el-area-del-consorcio-valencia-interior-ante-el-aumento-de-poblacion-durante-el-primer-ano-de-pandemia\/","title":{"rendered":"Els residus augmenten un 10% en l&#8217;\u00e0rea de el Consorci Val\u00e8ncia Interior davant l&#8217;augment de poblaci\u00f3 durant el primer any de pand\u00e8mia"},"content":{"rendered":"\n<p class=\"wp-block-paragraph\">El Consorci Val\u00e8ncia Interior, que engloba els municipis de la Foia de Bunyol-Xiva, La Plana Utiel-Requena, Serrans, Camp de T\u00faria i el Rac\u00f3 d&#8217;Adem\u00fas, ha vist incrementat un 10% la quantitat de residus durant l&#8217;any 2020, any de la pand\u00e8mia de l&#8217;COVID19. En altres \u00e0rees poblacionals, com la zona metropolitana de Val\u00e8ncia, han disminu\u00eft les tones de residus respecte a 2019, per\u00f2 en part dels municipis consorciats s&#8217;ha produ\u00eft un augment considerable en els residus que es dipositen tant en els contenidors de vorera com a la xarxa d&#8217;ecoparcs i Ecom\u00f2bils.<\/p>\n\n\n\n<p class=\"wp-block-paragraph\">El creixement de les quantitats de residus generats \u00e9s patent en comarques com La Foia de Bunyol-Xiva i Camp de T\u00faria, on les segones resid\u00e8ncies han passat a ser ocupades tot l&#8217;any. Aix\u00ed, municipis com Alborache, Chiva, Godelleta, Benaguasil, Vilamarxant, Ll\u00edria o B\u00e9tera, entre altres, han augmentat les tones de residus durant el confinament i durant la desescalada.<\/p>\n\n\n\n<p class=\"wp-block-paragraph\">Les dades parlen per si sols: els residus en general impliquen un augment de l&#8217;10%, passant de generar-170.586 tones a 2.019-186.944 el 2020. La borsa gris, \u00e9s a dir, els residus que es dipositen barrejats, ha augmentat un 7%, passant de 111.447 el 2019 a prop de 120.000 en 2020. Per\u00f2 si alguna cosa ha cridat l&#8217;atenci\u00f3 s\u00f3n els residus dipositats en l&#8217;ecoparc, que s&#8217;han incrementat un 13%. El major augment en aquest tipus d&#8217;instal\u00b7lacions de l&#8217;CVI es deu als residus verds dipositats per la ciutadania, pujada que suposa un 26% m\u00e9s respecte a 2019, aix\u00ed com els estris i voluminosos que han augmentat un 16% durant l&#8217;any de l&#8217;confinament.<\/p>\n\n\n\n<p class=\"wp-block-paragraph\"><strong>Augmenten un 17% els residus d&#8217;envasos lleugers<\/strong><\/p>\n\n\n\n<p class=\"wp-block-paragraph\">A aix\u00f2 se li suma una pujada de l&#8217;21% en els residus verds municipals, passant de 14.946 tones a 2.019-23.570 tones el 2020. A m\u00e9s, s&#8217;han recollit 1.000 tones m\u00e9s de residus recollits separadament en els contenidors de vorera, fet que suposa un increment de el 9%. D&#8217;aquests, s&#8217;ha produ\u00eft un augment de l&#8217;17% en els residus d&#8217;envasos lleugers (contenidor groc) i d&#8217;un 13% en el paper i cartr\u00f3 (contenidor blau).<\/p>\n\n\n\n<p class=\"wp-block-paragraph\">Amb les xifres a la m\u00e0, si es comptabilitzen conjuntament tots els residus recollits separadament, \u00e9s a dir, els dels contenidors de vorera blaus, verds i grocs, els ecoparcs fixos o m\u00f2bils i els residus verds municipals, l&#8217;increment de tots ells ens d\u00f3na com a resultat una pujada de l&#8217;15% de 2019 a 2020. O el que \u00e9s el mateix, prop de 9.000 tones m\u00e9s en nom\u00e9s un any.<\/p>\n\n\n\n<figure class=\"wp-block-image size-large\"><img loading=\"lazy\" decoding=\"async\" width=\"1024\" height=\"634\" src=\"http:\/\/www.tucomarca.com\/wordpress\/segunda\/wp-content\/uploads\/2021\/02\/tablaResiduosCVI-1024x634.jpg\" alt=\"\" class=\"wp-image-126810\" srcset=\"https:\/\/tucomarca.whitekongsoftware.com\/wp-content\/uploads\/2021\/02\/tablaResiduosCVI-1024x634.jpg 1024w, https:\/\/tucomarca.whitekongsoftware.com\/wp-content\/uploads\/2021\/02\/tablaResiduosCVI-300x186.jpg 300w, https:\/\/tucomarca.whitekongsoftware.com\/wp-content\/uploads\/2021\/02\/tablaResiduosCVI-768x475.jpg 768w, https:\/\/tucomarca.whitekongsoftware.com\/wp-content\/uploads\/2021\/02\/tablaResiduosCVI-1536x951.jpg 1536w, https:\/\/tucomarca.whitekongsoftware.com\/wp-content\/uploads\/2021\/02\/tablaResiduosCVI.jpg 2000w\" sizes=\"auto, (max-width: 1024px) 100vw, 1024px\" \/><\/figure>\n","protected":false},"excerpt":{"rendered":"<div class=\"mh-excerpt\">El Consorci Val\u00e8ncia Interior, que engloba els municipis de la Foia de Bunyol-Xiva, La Plana Utiel-Requena, Serrans, Camp de T\u00faria i el Rac\u00f3 d&#8217;Adem\u00fas, ha vist incrementat un 10% la quantitat de residus durant l&#8217;any <a class=\"mh-excerpt-more\" href=\"https:\/\/tucomarca.whitekongsoftware.com\/ca\/los-residuos-aumentan-un-10-en-el-area-del-consorcio-valencia-interior-ante-el-aumento-de-poblacion-durante-el-primer-ano-de-pandemia\/\" title=\"Els residus augmenten un 10% en l&#8217;\u00e0rea de el Consorci Val\u00e8ncia Interior davant l&#8217;augment de poblaci\u00f3 durant el primer any de pand\u00e8mia\">[+] <\/a><\/div>\n","protected":false},"author":12,"featured_media":126737,"comment_status":"open","ping_status":"open","sticky":false,"template":"","format":"standard","meta":{"footnotes":""},"categories":[10890,10892,12202,11046,10898,10948,10894,10904,10912,10903,10947,10909,10896,10897],"tags":[11097,10899,13353,11939,11940,10914,11080,10910],"class_list":["post-126817","post","type-post","status-publish","format-standard","has-post-thumbnail","category-ademus","category-camp-de-turia-ca","category-covid-19-ca","category-los-serranos-ca","category-ventana-ca","category-infraestructuras-ca","category-la-comarca-ca","category-sin-categorizar-ca","category-la-hoya-ca","category-medio-ambiente-la-comarca-ca","category-politica","category-requena-utiel-ca","category-seccion-ca","category-sucesos-la-comarca-ca","tag-ademuz-ca","tag-camp-de-turia-ca","tag-canal-de-navarres-ca","tag-coronavirus-ca","tag-covid-19-ca","tag-la-hoya-de-bunol-chiva-ca","tag-los-serranos-ca","tag-requena-utiel-ca"],"_links":{"self":[{"href":"https:\/\/tucomarca.whitekongsoftware.com\/ca\/wp-json\/wp\/v2\/posts\/126817","targetHints":{"allow":["GET"]}}],"collection":[{"href":"https:\/\/tucomarca.whitekongsoftware.com\/ca\/wp-json\/wp\/v2\/posts"}],"about":[{"href":"https:\/\/tucomarca.whitekongsoftware.com\/ca\/wp-json\/wp\/v2\/types\/post"}],"author":[{"embeddable":true,"href":"https:\/\/tucomarca.whitekongsoftware.com\/ca\/wp-json\/wp\/v2\/users\/12"}],"replies":[{"embeddable":true,"href":"https:\/\/tucomarca.whitekongsoftware.com\/ca\/wp-json\/wp\/v2\/comments?post=126817"}],"version-history":[{"count":0,"href":"https:\/\/tucomarca.whitekongsoftware.com\/ca\/wp-json\/wp\/v2\/posts\/126817\/revisions"}],"wp:featuredmedia":[{"embeddable":true,"href":"https:\/\/tucomarca.whitekongsoftware.com\/ca\/wp-json\/wp\/v2\/media\/126737"}],"wp:attachment":[{"href":"https:\/\/tucomarca.whitekongsoftware.com\/ca\/wp-json\/wp\/v2\/media?parent=126817"}],"wp:term":[{"taxonomy":"category","embeddable":true,"href":"https:\/\/tucomarca.whitekongsoftware.com\/ca\/wp-json\/wp\/v2\/categories?post=126817"},{"taxonomy":"post_tag","embeddable":true,"href":"https:\/\/tucomarca.whitekongsoftware.com\/ca\/wp-json\/wp\/v2\/tags?post=126817"}],"curies":[{"name":"wp","href":"https:\/\/api.w.org\/{rel}","templated":true}]}}