{"id":126764,"date":"2021-02-19T12:00:00","date_gmt":"2021-02-19T11:00:00","guid":{"rendered":"http:\/\/www.tucomarca.com\/wordpress\/segunda\/?p=126764"},"modified":"2021-02-19T20:28:25","modified_gmt":"2021-02-19T19:28:25","slug":"lajuntament-de-turis-adquirix-un-nou-porta-feretres-per-al-cementeri-municipal","status":"publish","type":"post","link":"https:\/\/tucomarca.whitekongsoftware.com\/ca\/lajuntament-de-turis-adquirix-un-nou-porta-feretres-per-al-cementeri-municipal\/","title":{"rendered":"L&#8217;Ajuntament de Tur\u00eds adquirix un nou porta f\u00e8retres per al cementeri municipal"},"content":{"rendered":"\n<p class=\"wp-block-paragraph\">L&#8217;Ajuntament de&nbsp;Tur\u00eds&nbsp;ha adquirit un nou&nbsp;porta&nbsp;f\u00e8retres per al cementeri municipal per tal de millorar el servei durant la celebraci\u00f3 dels sepelis.<\/p>\n\n\n\n<p class=\"wp-block-paragraph\">Segons explica l&#8217;alcalde,&nbsp;Eugenio&nbsp;Forta\u00f1a, &#8220;precisament en&nbsp;estos&nbsp;dies en qu\u00e8 a causa de la pand\u00e8mia es restringeix l&#8217;assist\u00e8ncia als soterrars s&#8217;ha notat m\u00e9s la necessitat de disposar d&#8217;este&nbsp;element en el moment d&#8217;acomiadar els \u00e9ssers volguts&#8221;.<\/p>\n\n\n\n<p class=\"wp-block-paragraph\">D&#8217;esta&nbsp;manera el f\u00e8retre es pot despla\u00e7ar amb facilitat fins a qualsevol rac\u00f3 del cementeri.<\/p>\n","protected":false},"excerpt":{"rendered":"<div class=\"mh-excerpt\">L&#8217;Ajuntament de&nbsp;Tur\u00eds&nbsp;ha adquirit un nou&nbsp;porta&nbsp;f\u00e8retres per al cementeri municipal per tal de millorar el servei durant la celebraci\u00f3 dels sepelis. Segons explica l&#8217;alcalde,&nbsp;Eugenio&nbsp;Forta\u00f1a, &#8220;precisament en&nbsp;estos&nbsp;dies en qu\u00e8 a causa de la pand\u00e8mia es restringeix l&#8217;assist\u00e8ncia <a class=\"mh-excerpt-more\" href=\"https:\/\/tucomarca.whitekongsoftware.com\/ca\/lajuntament-de-turis-adquirix-un-nou-porta-feretres-per-al-cementeri-municipal\/\" title=\"L&#8217;Ajuntament de Tur\u00eds adquirix un nou porta f\u00e8retres per al cementeri municipal\">[+] <\/a><\/div>\n","protected":false},"author":12,"featured_media":126762,"comment_status":"open","ping_status":"open","sticky":false,"template":"","format":"standard","meta":{"footnotes":""},"categories":[10948,10894,10902,10947,10896,11047],"tags":[13916,11356,11093],"class_list":["post-126764","post","type-post","status-publish","format-standard","has-post-thumbnail","category-infraestructuras-ca","category-la-comarca-ca","category-la-ribera-ca","category-politica","category-seccion-ca","category-turis-ca","tag-porta-feretros-ca","tag-ribera-alta-ca","tag-turis-ca"],"_links":{"self":[{"href":"https:\/\/tucomarca.whitekongsoftware.com\/ca\/wp-json\/wp\/v2\/posts\/126764","targetHints":{"allow":["GET"]}}],"collection":[{"href":"https:\/\/tucomarca.whitekongsoftware.com\/ca\/wp-json\/wp\/v2\/posts"}],"about":[{"href":"https:\/\/tucomarca.whitekongsoftware.com\/ca\/wp-json\/wp\/v2\/types\/post"}],"author":[{"embeddable":true,"href":"https:\/\/tucomarca.whitekongsoftware.com\/ca\/wp-json\/wp\/v2\/users\/12"}],"replies":[{"embeddable":true,"href":"https:\/\/tucomarca.whitekongsoftware.com\/ca\/wp-json\/wp\/v2\/comments?post=126764"}],"version-history":[{"count":0,"href":"https:\/\/tucomarca.whitekongsoftware.com\/ca\/wp-json\/wp\/v2\/posts\/126764\/revisions"}],"wp:featuredmedia":[{"embeddable":true,"href":"https:\/\/tucomarca.whitekongsoftware.com\/ca\/wp-json\/wp\/v2\/media\/126762"}],"wp:attachment":[{"href":"https:\/\/tucomarca.whitekongsoftware.com\/ca\/wp-json\/wp\/v2\/media?parent=126764"}],"wp:term":[{"taxonomy":"category","embeddable":true,"href":"https:\/\/tucomarca.whitekongsoftware.com\/ca\/wp-json\/wp\/v2\/categories?post=126764"},{"taxonomy":"post_tag","embeddable":true,"href":"https:\/\/tucomarca.whitekongsoftware.com\/ca\/wp-json\/wp\/v2\/tags?post=126764"}],"curies":[{"name":"wp","href":"https:\/\/api.w.org\/{rel}","templated":true}]}}