{"id":126642,"date":"2021-02-18T11:00:00","date_gmt":"2021-02-18T10:00:00","guid":{"rendered":"http:\/\/www.tucomarca.com\/wordpress\/segunda\/?p=126642"},"modified":"2021-02-18T23:40:25","modified_gmt":"2021-02-18T22:40:25","slug":"la-pobla-de-vallbona-assumeix-el-dret-de-tanteig-i-retracte-en-la-compra-dhabitatges-entre-fons-inversors","status":"publish","type":"post","link":"https:\/\/tucomarca.whitekongsoftware.com\/ca\/la-pobla-de-vallbona-assumeix-el-dret-de-tanteig-i-retracte-en-la-compra-dhabitatges-entre-fons-inversors\/","title":{"rendered":"La Pobla de Vallbona assumeix el dret de tanteig i retracte en la compra d\u2019habitatges entre fons inversors"},"content":{"rendered":"\n<p class=\"wp-block-paragraph\">L\u2019Ajuntament de la Pobla de Vallbona s\u2019ha adherit al conveni de la Generalitat per poder exercir el dret de tanteig i retracte en la compra d\u2019habitatges entre fons inversors. Amb esta subscripci\u00f3, el consistori es reserva el dret de comprar pisos d\u2019operacions que habitualment suposen la venda d\u2019habitatges a preus m\u00e9s baixos que els de mercat.<\/p>\n\n\n\n<p class=\"wp-block-paragraph\">Amb l\u2019adhesi\u00f3 al conveni, l\u2019Ajuntament de la Pobla de Vallbona podr\u00e0 augmentar el parc d\u2019habitatge p\u00fablic amb l\u2019adquisici\u00f3 de vivendes. Es podr\u00e0 aix\u00ed tindre en propietat pisos per a situacions d\u2019emerg\u00e8ncia habitacional del ve\u00efnat que es trobe en problemes sobrevinguts o fam\u00edlies en situacions de vulnerabilitat.<\/p>\n\n\n\n<p class=\"wp-block-paragraph\">L\u2019Ajuntament de la Pobla de Vallbona s\u2019ha convertit en un referent en pol\u00edtica d\u2019habitatge social. El municipi passar\u00e0 en pocs mesos de no tindre cap vivenda p\u00fablica a gestionar 38 pisos cedits per la Generalitat Valenciana i la SAREB per a fam\u00edlies vulnerables a trav\u00e9s d\u2019un lloguer social&nbsp; i per a necessitats d\u2019emerg\u00e8ncia habitacional.<\/p>\n","protected":false},"excerpt":{"rendered":"<div class=\"mh-excerpt\">L\u2019Ajuntament de la Pobla de Vallbona s\u2019ha adherit al conveni de la Generalitat per poder exercir el dret de tanteig i retracte en la compra d\u2019habitatges entre fons inversors. Amb esta subscripci\u00f3, el consistori es <a class=\"mh-excerpt-more\" href=\"https:\/\/tucomarca.whitekongsoftware.com\/ca\/la-pobla-de-vallbona-assumeix-el-dret-de-tanteig-i-retracte-en-la-compra-dhabitatges-entre-fons-inversors\/\" title=\"La Pobla de Vallbona assumeix el dret de tanteig i retracte en la compra d\u2019habitatges entre fons inversors\">[+] <\/a><\/div>\n","protected":false},"author":12,"featured_media":126641,"comment_status":"open","ping_status":"open","sticky":false,"template":"","format":"standard","meta":{"footnotes":""},"categories":[10892,10948,10894,10915,10947,10896],"tags":[10899,10916,13896,13492],"class_list":["post-126642","post","type-post","status-publish","format-standard","has-post-thumbnail","category-camp-de-turia-ca","category-infraestructuras-ca","category-la-comarca-ca","category-la-pobla-ca","category-politica","category-seccion-ca","tag-camp-de-turia-ca","tag-la-pobla-de-vallbona-ca","tag-sareb-ca","tag-vivienda-publica-ca"],"_links":{"self":[{"href":"https:\/\/tucomarca.whitekongsoftware.com\/ca\/wp-json\/wp\/v2\/posts\/126642","targetHints":{"allow":["GET"]}}],"collection":[{"href":"https:\/\/tucomarca.whitekongsoftware.com\/ca\/wp-json\/wp\/v2\/posts"}],"about":[{"href":"https:\/\/tucomarca.whitekongsoftware.com\/ca\/wp-json\/wp\/v2\/types\/post"}],"author":[{"embeddable":true,"href":"https:\/\/tucomarca.whitekongsoftware.com\/ca\/wp-json\/wp\/v2\/users\/12"}],"replies":[{"embeddable":true,"href":"https:\/\/tucomarca.whitekongsoftware.com\/ca\/wp-json\/wp\/v2\/comments?post=126642"}],"version-history":[{"count":0,"href":"https:\/\/tucomarca.whitekongsoftware.com\/ca\/wp-json\/wp\/v2\/posts\/126642\/revisions"}],"wp:featuredmedia":[{"embeddable":true,"href":"https:\/\/tucomarca.whitekongsoftware.com\/ca\/wp-json\/wp\/v2\/media\/126641"}],"wp:attachment":[{"href":"https:\/\/tucomarca.whitekongsoftware.com\/ca\/wp-json\/wp\/v2\/media?parent=126642"}],"wp:term":[{"taxonomy":"category","embeddable":true,"href":"https:\/\/tucomarca.whitekongsoftware.com\/ca\/wp-json\/wp\/v2\/categories?post=126642"},{"taxonomy":"post_tag","embeddable":true,"href":"https:\/\/tucomarca.whitekongsoftware.com\/ca\/wp-json\/wp\/v2\/tags?post=126642"}],"curies":[{"name":"wp","href":"https:\/\/api.w.org\/{rel}","templated":true}]}}