{"id":126598,"date":"2021-02-17T07:00:00","date_gmt":"2021-02-17T06:00:00","guid":{"rendered":"http:\/\/www.tucomarca.com\/wordpress\/segunda\/?p=126598"},"modified":"2021-02-17T19:24:18","modified_gmt":"2021-02-17T18:24:18","slug":"la-consellera-ana-barcelo-destaca-a-la-costera-la-canal-de-navarres-la-resposta-agil-i-eficient-de-la-generalitat-davant-de-la-pandemia","status":"publish","type":"post","link":"https:\/\/tucomarca.whitekongsoftware.com\/ca\/la-consellera-ana-barcelo-destaca-a-la-costera-la-canal-de-navarres-la-resposta-agil-i-eficient-de-la-generalitat-davant-de-la-pandemia\/","title":{"rendered":"La consellera Ana Barcel\u00f3 destaca a la Costera-la Canal de Navarr\u00e9s la resposta &#8220;\u00e0gil i eficient&#8221; de la Generalitat davant de la pand\u00e8mia"},"content":{"rendered":"\n<h4 class=\"wp-block-heading\">La responsable de Sanitat, el director general de l&#8217;IVF, Manuel Illueca, les secret\u00e0ries de Creixement Econ\u00f2mic i de Cooperaci\u00f3 de la CEN, Blanca Mar\u00edn i Xelo Angulo, i el secretari general de PSPV-PSOE de la comarca i alcalde de X\u00e0tiva, Roger Cerd\u00e0 , participen en una trobada telem\u00e0tica per explicar la gesti\u00f3 de la Generalitat davant de la pand\u00e8mia i les ajudes als sectors m\u00e9s afectats<\/h4>\n\n\n\n<h4 class=\"wp-block-heading\">La trobada forma part de la campanya posada en marxa pel PSPV-PSOE a les 26 comarques per difondre les mesures sanit\u00e0ries, socials i econ\u00f2miques de el Consell i escoltar les propostes de les comarques i municipis per avan\u00e7ar en la resposta justa i social a la crisi<\/h4>\n\n\n\n<p class=\"wp-block-paragraph\">La consellera de Sanitat Universal i Salut P\u00fablica, Ana Barcel\u00f3, ha presentat avui la gesti\u00f3 sanit\u00e0ria, econ\u00f2mica i social de la Generalitat a la pand\u00e8mia a la comarca de la Costera-la Canal de Navarr\u00e9s que, ha destacat, pot disposar d&#8217;un total de 2,2 milions d&#8217;euros nom\u00e9s de les ajudes Par\u00e8ntesi, a m\u00e9s de tenir acc\u00e9s a la resta de l\u00ednies d&#8217;ajuts de el Pla Resistir, dotat amb 400 milions d&#8217;euros per als sectors m\u00e9s afectats per la crisi sanit\u00e0ria. Aix\u00ed ho ha afirmat Barcel\u00f3 a la trobada telem\u00e0tic celebrat avui per traslladar els dirigents comarcals i locals les mesures &#8220;\u00e0gils i eficients&#8221; que el Consell de Ximo Puig ha adoptat durant aquests mesos de pand\u00e8mia. A la reuni\u00f3 han participat tamb\u00e9 el director general de l&#8217;IVF, Manuel Illueca, les secret\u00e0ries de Creixement Econ\u00f2mic i de Cooperaci\u00f3 de la CEN de el PSPV-PSOE, Blanca Mar\u00edn i Xelo Angulo, i el secretari general de l&#8217;partit a la comarca i alcalde de X\u00e0tiva , Roger Cerd\u00e0,<\/p>\n\n\n\n<p class=\"wp-block-paragraph\">La trobada forma part de la campanya posada en marxa pel PSPV-PSOE per difondre i explicar en l&#8217;\u00e0mbit comarcal la gesti\u00f3 de la Generalitat a la pand\u00e8mia i escoltar les propostes de les comarques i municipis per avan\u00e7ar en la resposta justa i social a la crisi. Tal com va explicar el president de la Generalitat i secretari general de PSPV-PSOE, Ximo Puig, en l&#8217;\u00faltim Consell Territorial amb els secretaris generals de el partit a les comarques, la campanya consta de 26 actes telem\u00e0tics, un per comarca, en els quals s&#8217;explica la gesti\u00f3 de la pand\u00e8mia i les mesures adoptades en el pla sanitari, econ\u00f2mic i social pel Consell.<br>En aquest sentit, diferents c\u00e0rrecs de el partit i de el Consell exposen en aquestes trobades virtuals amb dirigents comarcals, alcaldes, alcaldesses i portaveus municipals les accions adoptades davant de la crisi sanit\u00e0ria, els plans econ\u00f2mics i socials i el funcionament de les diferents l\u00ednia d&#8217;ajuda.<\/p>\n\n\n\n<p class=\"wp-block-paragraph\"><strong>Plan Resistir y Ajudes Par\u00e9ntesis<\/strong><\/p>\n\n\n\n<p class=\"wp-block-paragraph\">Durant la trobada, s&#8217;ha fet especial \u00e8mfasi en el Pla Resistir de la Generalitat, el pla d&#8217;ajudes m\u00e9s ambici\u00f3s de tot Espanya, amb 400 milions d&#8217;euros en ajudes directes i finan\u00e7ament per a les empreses, persones aut\u00f2nomes i persones treballadores dels sectors m\u00e9s afectats per les restriccions per fer front a la pand\u00e8mia. Entre altres coses, el Consell de Ximo Puig ha aprovat com a part de el Pla ajuts per a hotels, restaurants i cafeteries per valor de 100 milions d&#8217;euros, ajudes a el foment de l&#8217;ocupaci\u00f3 per 80 milions, ajudes a les persones en ERTO per 17 milions, ajudes a persones aut\u00f2nomes per 8 milions, altres ajudes espec\u00edfiques per als sectors m\u00e9s afectats per 15 milions i ajudes a al sector de l&#8217;taxi per 4500 llic\u00e8ncies.<\/p>\n\n\n\n<p class=\"wp-block-paragraph\">Aix\u00ed mateix, el Pla Resistir inclou les Ajudes Par\u00e8ntesi, que consisteixen en la creaci\u00f3 d&#8217;un fons amb aportacions de la Generalitat, les diputacions i els ajuntaments, dotat amb 160 milions d&#8217;euros a repartir entre tots els municipis de la Comunitat Valenciana per a escometre actuacions encaminades a pal\u00b7liar les conseq\u00fc\u00e8ncies derivades de la pand\u00e8mia sobre els sectors m\u00e9s afectats.<\/p>\n","protected":false},"excerpt":{"rendered":"<div class=\"mh-excerpt\">La responsable de Sanitat, el director general de l&#8217;IVF, Manuel Illueca, les secret\u00e0ries de Creixement Econ\u00f2mic i de Cooperaci\u00f3 de la CEN, Blanca Mar\u00edn i Xelo Angulo, i el secretari general de PSPV-PSOE de la <a class=\"mh-excerpt-more\" href=\"https:\/\/tucomarca.whitekongsoftware.com\/ca\/la-consellera-ana-barcelo-destaca-a-la-costera-la-canal-de-navarres-la-resposta-agil-i-eficient-de-la-generalitat-davant-de-la-pandemia\/\" title=\"La consellera Ana Barcel\u00f3 destaca a la Costera-la Canal de Navarr\u00e9s la resposta &#8220;\u00e0gil i eficient&#8221; de la Generalitat davant de la pand\u00e8mia\">[+] <\/a><\/div>\n","protected":false},"author":12,"featured_media":126600,"comment_status":"open","ping_status":"open","sticky":false,"template":"","format":"standard","meta":{"footnotes":""},"categories":[10890,10951,10892,11010,12202,11046,10898,10948,10963,10894,10904,10912,10902,10903,10947,10909,10896,10897],"tags":[11497,11939,11940,11498,13133,11319],"class_list":["post-126598","post","type-post","status-publish","format-standard","has-post-thumbnail","category-ademus","category-ayora-cofrentes-ca","category-camp-de-turia-ca","category-canal-salud","category-covid-19-ca","category-los-serranos-ca","category-ventana-ca","category-infraestructuras-ca","category-la-canal-de-navarres-ca","category-la-comarca-ca","category-sin-categorizar-ca","category-la-hoya-ca","category-la-ribera-ca","category-medio-ambiente-la-comarca-ca","category-politica","category-requena-utiel-ca","category-seccion-ca","category-sucesos-la-comarca-ca","tag-comunitat-valenciana-ca","tag-coronavirus-ca","tag-covid-19-ca","tag-generalitat-valenciana-ca","tag-pandemia-ca","tag-pspv-psoe-ca"],"_links":{"self":[{"href":"https:\/\/tucomarca.whitekongsoftware.com\/ca\/wp-json\/wp\/v2\/posts\/126598","targetHints":{"allow":["GET"]}}],"collection":[{"href":"https:\/\/tucomarca.whitekongsoftware.com\/ca\/wp-json\/wp\/v2\/posts"}],"about":[{"href":"https:\/\/tucomarca.whitekongsoftware.com\/ca\/wp-json\/wp\/v2\/types\/post"}],"author":[{"embeddable":true,"href":"https:\/\/tucomarca.whitekongsoftware.com\/ca\/wp-json\/wp\/v2\/users\/12"}],"replies":[{"embeddable":true,"href":"https:\/\/tucomarca.whitekongsoftware.com\/ca\/wp-json\/wp\/v2\/comments?post=126598"}],"version-history":[{"count":0,"href":"https:\/\/tucomarca.whitekongsoftware.com\/ca\/wp-json\/wp\/v2\/posts\/126598\/revisions"}],"wp:featuredmedia":[{"embeddable":true,"href":"https:\/\/tucomarca.whitekongsoftware.com\/ca\/wp-json\/wp\/v2\/media\/126600"}],"wp:attachment":[{"href":"https:\/\/tucomarca.whitekongsoftware.com\/ca\/wp-json\/wp\/v2\/media?parent=126598"}],"wp:term":[{"taxonomy":"category","embeddable":true,"href":"https:\/\/tucomarca.whitekongsoftware.com\/ca\/wp-json\/wp\/v2\/categories?post=126598"},{"taxonomy":"post_tag","embeddable":true,"href":"https:\/\/tucomarca.whitekongsoftware.com\/ca\/wp-json\/wp\/v2\/tags?post=126598"}],"curies":[{"name":"wp","href":"https:\/\/api.w.org\/{rel}","templated":true}]}}