{"id":126552,"date":"2021-02-16T19:00:00","date_gmt":"2021-02-16T18:00:00","guid":{"rendered":"http:\/\/www.tucomarca.com\/wordpress\/segunda\/?p=126552"},"modified":"2021-02-16T21:01:19","modified_gmt":"2021-02-16T20:01:19","slug":"vilamarxant-comunica-oficialment-la-suspensio-de-les-falles-a-la-localitat","status":"publish","type":"post","link":"https:\/\/tucomarca.whitekongsoftware.com\/ca\/vilamarxant-comunica-oficialment-la-suspensio-de-les-falles-a-la-localitat\/","title":{"rendered":"Vilamarxant comunica oficialment la suspensi\u00f3 de les Falles a la localitat"},"content":{"rendered":"\n<p class=\"wp-block-paragraph\"><strong>Comunicat oficial sobre l&#8217;ajornament de les Falles 2021 a Vilamarxant<\/strong><\/p>\n\n\n\n<p class=\"wp-block-paragraph\">El Regidor de Cultura de l&#8217;Ajuntament de Vilamarxant, Miguel Navarro, i els presidents Fernando Engu\u00eddanos, de la Falla El Colp, Jes\u00fas Quintanilla, de Pensat i Fet, i Javier P\u00e9rez, d\u2019El Pilar, han decidit l&#8217;ajornament de les Falles a Vilamarxant que estaven previstes per al pr\u00f2xim mes de mar\u00e7.<\/p>\n\n\n\n<p class=\"wp-block-paragraph\">La delicada situaci\u00f3 epidemiol\u00f2gica en la qual es troba el municipi fa necess\u00e0ria esta decisi\u00f3 de la suspensi\u00f3 de les festes falleres. Davant tal escenari, els responsables municipals estudiaran, si les circumst\u00e0ncies milloren, la celebraci\u00f3 de les Falles en altres dates al llarg d&#8217;este any 2021.<\/p>\n\n\n\n<p class=\"wp-block-paragraph\">L&#8217;Ajuntament de Vilamarxant convida a totes les ve\u00efnes i ve\u00efns i, especialment, al m\u00f3n faller de la localitat a resistir en estos moments complicats provocats per l&#8217;explosi\u00f3 de la COVID-19.<\/p>\n\n\n\n<p class=\"wp-block-paragraph\"><\/p>\n","protected":false},"excerpt":{"rendered":"<div class=\"mh-excerpt\">Comunicat oficial sobre l&#8217;ajornament de les Falles 2021 a Vilamarxant El Regidor de Cultura de l&#8217;Ajuntament de Vilamarxant, Miguel Navarro, i els presidents Fernando Engu\u00eddanos, de la Falla El Colp, Jes\u00fas Quintanilla, de Pensat i <a class=\"mh-excerpt-more\" href=\"https:\/\/tucomarca.whitekongsoftware.com\/ca\/vilamarxant-comunica-oficialment-la-suspensio-de-les-falles-a-la-localitat\/\" title=\"Vilamarxant comunica oficialment la suspensi\u00f3 de les Falles a la localitat\">[+] <\/a><\/div>\n","protected":false},"author":1,"featured_media":126550,"comment_status":"open","ping_status":"open","sticky":false,"template":"","format":"standard","meta":{"footnotes":""},"categories":[11019,10892,11010,12202,10948,10894,11007,11008,10947,10896,10897,10927],"tags":[10899,11939,11940,11499,11500,11090],"class_list":["post-126552","post","type-post","status-publish","format-standard","has-post-thumbnail","category-agenda-ca","category-camp-de-turia-ca","category-canal-salud","category-covid-19-ca","category-infraestructuras-ca","category-la-comarca-ca","category-ocio-y-cultura-ca","category-pueblos-en-fiestas-ca","category-politica","category-seccion-ca","category-sucesos-la-comarca-ca","category-vilamarxant-ca","tag-camp-de-turia-ca","tag-coronavirus-ca","tag-covid-19-ca","tag-fallas-ca","tag-falles-ca","tag-vilamarxant-ca"],"_links":{"self":[{"href":"https:\/\/tucomarca.whitekongsoftware.com\/ca\/wp-json\/wp\/v2\/posts\/126552","targetHints":{"allow":["GET"]}}],"collection":[{"href":"https:\/\/tucomarca.whitekongsoftware.com\/ca\/wp-json\/wp\/v2\/posts"}],"about":[{"href":"https:\/\/tucomarca.whitekongsoftware.com\/ca\/wp-json\/wp\/v2\/types\/post"}],"author":[{"embeddable":true,"href":"https:\/\/tucomarca.whitekongsoftware.com\/ca\/wp-json\/wp\/v2\/users\/1"}],"replies":[{"embeddable":true,"href":"https:\/\/tucomarca.whitekongsoftware.com\/ca\/wp-json\/wp\/v2\/comments?post=126552"}],"version-history":[{"count":0,"href":"https:\/\/tucomarca.whitekongsoftware.com\/ca\/wp-json\/wp\/v2\/posts\/126552\/revisions"}],"wp:featuredmedia":[{"embeddable":true,"href":"https:\/\/tucomarca.whitekongsoftware.com\/ca\/wp-json\/wp\/v2\/media\/126550"}],"wp:attachment":[{"href":"https:\/\/tucomarca.whitekongsoftware.com\/ca\/wp-json\/wp\/v2\/media?parent=126552"}],"wp:term":[{"taxonomy":"category","embeddable":true,"href":"https:\/\/tucomarca.whitekongsoftware.com\/ca\/wp-json\/wp\/v2\/categories?post=126552"},{"taxonomy":"post_tag","embeddable":true,"href":"https:\/\/tucomarca.whitekongsoftware.com\/ca\/wp-json\/wp\/v2\/tags?post=126552"}],"curies":[{"name":"wp","href":"https:\/\/api.w.org\/{rel}","templated":true}]}}