{"id":126519,"date":"2021-02-15T09:20:00","date_gmt":"2021-02-15T08:20:00","guid":{"rendered":"http:\/\/www.tucomarca.com\/wordpress\/segunda\/?p=126519"},"modified":"2021-02-17T11:50:11","modified_gmt":"2021-02-17T10:50:11","slug":"amic-ficcions-tanca-amb-2-973-participante-mas-de-500-de-de-la-comunitat","status":"publish","type":"post","link":"https:\/\/tucomarca.whitekongsoftware.com\/ca\/amic-ficcions-tanca-amb-2-973-participante-mas-de-500-de-de-la-comunitat\/","title":{"rendered":"AMIC-Ficcions tanca amb 2.973 participante, mas de 500 de de la Comunitat"},"content":{"rendered":"\n<p class=\"wp-block-paragraph\">Malgrat que ha estat un any complicat a causa de la crisi actual de la Covid-19, el concurs literari \u201cAMIC-Ficcions, l\u2019aventura de crear hist\u00f2ries\u201d ha mantingut la seua alta participaci\u00f3 amb un total de 2.973 alumnes registrats de 223 centres educatius de Catalunya, Illes Balears, Pa\u00eds Valenci\u00e0, Andorra, Arag\u00f3 i Catalunya Nord.<\/p>\n\n\n\n<p class=\"wp-block-paragraph\">Concretament, al&nbsp;<strong>Pa\u00eds Valenci\u00e0&nbsp;<\/strong>participen un total de 527 alumnes de 42 centres educatius.&nbsp;<strong>L\u2019IES Cayetano Sempere d\u2019Alacant<\/strong>, per segon any consecutiu, \u00e9s el centre m\u00e9s participatiu dels territoris de parla catalana amb un total de 259 inscrits.<\/p>\n\n\n\n<p class=\"wp-block-paragraph\"><strong>Alacant&nbsp;<\/strong>\u00e9s la prov\u00edncia del territori m\u00e9s participativa amb 376 joves, seguida de&nbsp;<strong>Castell\u00f3&nbsp;<\/strong>amb 106 inscrits i, per \u00faltim,&nbsp;<strong>Val\u00e8ncia&nbsp;<\/strong>amb 45 registres.<\/p>\n\n\n\n<p class=\"wp-block-paragraph\">En la seg\u00fcent taula es pot observar la distribuci\u00f3 de participants per territoris:<\/p>\n\n\n\n<figure class=\"wp-block-image size-large is-style-default\"><img loading=\"lazy\" decoding=\"async\" width=\"787\" height=\"811\" src=\"http:\/\/www.tucomarca.com\/wordpress\/segunda\/wp-content\/uploads\/2021\/02\/FiccionsVALENCIA-1.jpg\" alt=\"\" class=\"wp-image-126510\" srcset=\"https:\/\/tucomarca.whitekongsoftware.com\/wp-content\/uploads\/2021\/02\/FiccionsVALENCIA-1.jpg 787w, https:\/\/tucomarca.whitekongsoftware.com\/wp-content\/uploads\/2021\/02\/FiccionsVALENCIA-1-291x300.jpg 291w, https:\/\/tucomarca.whitekongsoftware.com\/wp-content\/uploads\/2021\/02\/FiccionsVALENCIA-1-768x791.jpg 768w\" sizes=\"auto, (max-width: 787px) 100vw, 787px\" \/><\/figure>\n\n\n\n<p class=\"wp-block-paragraph\">De&nbsp;<strong>Catalunya&nbsp;<\/strong>participen a AMIC-Ficcions un total de 2.134 joves. M\u00e9s en concret, la demarcaci\u00f3 de Barcelona ha arribat als 1.513 participants, Girona als 418, Tarragona als 128 i Lleida als 75.<\/p>\n\n\n\n<p class=\"wp-block-paragraph\">A les&nbsp;<strong>Illes Balears&nbsp;<\/strong>232 nois i noies s\u2019han inscrit en el concurs. L\u2019illa amb m\u00e9s participaci\u00f3 \u00e9s Mallorca amb 102 alumnes, seguida de Menorca amb 78 i Eivissa amb 52.<\/p>\n\n\n\n<p class=\"wp-block-paragraph\">A m\u00e9s, per primer cop, s\u2019han unit al concurs literari 47 estudiants de&nbsp;<strong>La Llitera (Arag\u00f3)<\/strong>. I, s\u2019ha consolidat la participaci\u00f3 en&nbsp;<strong>El Matarranya (Arag\u00f3)&nbsp;<\/strong>amb 28 inscrits, a&nbsp;<strong>Andorra&nbsp;<\/strong>amb 3 participants i a la&nbsp;<strong>Catalunya Nord&nbsp;<\/strong>amb 2.<\/p>\n\n\n\n<p class=\"wp-block-paragraph\">Les inscripcions per participar en el certamen de creaci\u00f3 liter\u00e0ria es van activar el passat 5 d\u2019octubre i es van tancar el 8 de febrer amb m\u00e9s de 1.270 hist\u00f2ries publicades. A trav\u00e9s de la p\u00e0gina web&nbsp;www.ficcions.cat&nbsp;qualsevol usuari pot llegir els cap\u00edtols que van publicant els joves participants.<\/p>\n","protected":false},"excerpt":{"rendered":"<div class=\"mh-excerpt\">Malgrat que ha estat un any complicat a causa de la crisi actual de la Covid-19, el concurs literari \u201cAMIC-Ficcions, l\u2019aventura de crear hist\u00f2ries\u201d ha mantingut la seua alta participaci\u00f3 amb un total de 2.973 <a class=\"mh-excerpt-more\" href=\"https:\/\/tucomarca.whitekongsoftware.com\/ca\/amic-ficcions-tanca-amb-2-973-participante-mas-de-500-de-de-la-comunitat\/\" title=\"AMIC-Ficcions tanca amb 2.973 participante, mas de 500 de de la Comunitat\">[+] <\/a><\/div>\n","protected":false},"author":12,"featured_media":126515,"comment_status":"open","ping_status":"open","sticky":false,"template":"","format":"standard","meta":{"footnotes":""},"categories":[11019,10904,11007,10896],"tags":[13092],"class_list":["post-126519","post","type-post","status-publish","format-standard","has-post-thumbnail","category-agenda-ca","category-sin-categorizar-ca","category-ocio-y-cultura-ca","category-seccion-ca","tag-amic-ficcions-ca"],"_links":{"self":[{"href":"https:\/\/tucomarca.whitekongsoftware.com\/ca\/wp-json\/wp\/v2\/posts\/126519","targetHints":{"allow":["GET"]}}],"collection":[{"href":"https:\/\/tucomarca.whitekongsoftware.com\/ca\/wp-json\/wp\/v2\/posts"}],"about":[{"href":"https:\/\/tucomarca.whitekongsoftware.com\/ca\/wp-json\/wp\/v2\/types\/post"}],"author":[{"embeddable":true,"href":"https:\/\/tucomarca.whitekongsoftware.com\/ca\/wp-json\/wp\/v2\/users\/12"}],"replies":[{"embeddable":true,"href":"https:\/\/tucomarca.whitekongsoftware.com\/ca\/wp-json\/wp\/v2\/comments?post=126519"}],"version-history":[{"count":0,"href":"https:\/\/tucomarca.whitekongsoftware.com\/ca\/wp-json\/wp\/v2\/posts\/126519\/revisions"}],"wp:featuredmedia":[{"embeddable":true,"href":"https:\/\/tucomarca.whitekongsoftware.com\/ca\/wp-json\/wp\/v2\/media\/126515"}],"wp:attachment":[{"href":"https:\/\/tucomarca.whitekongsoftware.com\/ca\/wp-json\/wp\/v2\/media?parent=126519"}],"wp:term":[{"taxonomy":"category","embeddable":true,"href":"https:\/\/tucomarca.whitekongsoftware.com\/ca\/wp-json\/wp\/v2\/categories?post=126519"},{"taxonomy":"post_tag","embeddable":true,"href":"https:\/\/tucomarca.whitekongsoftware.com\/ca\/wp-json\/wp\/v2\/tags?post=126519"}],"curies":[{"name":"wp","href":"https:\/\/api.w.org\/{rel}","templated":true}]}}