{"id":126503,"date":"2021-02-16T15:00:00","date_gmt":"2021-02-16T14:00:00","guid":{"rendered":"http:\/\/www.tucomarca.com\/wordpress\/segunda\/?p=126503"},"modified":"2021-02-16T18:19:44","modified_gmt":"2021-02-16T17:19:44","slug":"riba-roja-aprova-campanyes-de-divulgacio-i-conscienciacio-a-les-persones-i-families-amb-malalties-rares-de-la-localitat","status":"publish","type":"post","link":"https:\/\/tucomarca.whitekongsoftware.com\/ca\/riba-roja-aprova-campanyes-de-divulgacio-i-conscienciacio-a-les-persones-i-families-amb-malalties-rares-de-la-localitat\/","title":{"rendered":"Riba-roja aprova campanyes de divulgaci\u00f3 i conscienciaci\u00f3 a les persones i fam\u00edlies amb malalties rares de la localitat"},"content":{"rendered":"\n<h4 class=\"wp-block-heading\">El ple municipal aposta per donar visibilitat a aquestes patologies<\/h4>\n\n\n\n<p class=\"wp-block-paragraph\">El ple municipal de l&#8217;Ajuntament de Riba-roja de T\u00faria ha aprovat una moci\u00f3 de el grup socialista en qu\u00e8 es compromet a continuar treballant en l&#8217;atenci\u00f3 de les persones i les fam\u00edlies de la localitat afectades per les malalties rares. La proposta de el PSPV ha estat aprovada per unanimitat de la resta dels partits: Ciutadans, Comprom\u00eds, Esquerra Unida, el Partit Popular, Podem Riba-roja i Vox.<\/p>\n\n\n\n<p class=\"wp-block-paragraph\">La proposici\u00f3n insta a todos los poderes p\u00fablicos a proseguir \u201cdesarrollando medidas y campa\u00f1as para la concienciaci\u00f3n p\u00fablica y la divulgaci\u00f3n de informaci\u00f3n y contenidos cient\u00edficos sobre enfermedades raras\u201d y, adem\u00e1s, apuesta por la lucha contra las enfermedades raras el desarrollo de tratamientos subvencionados y el desarrollo de estrategias globales de mejora de la vida de las personas afectadas\u201d.&nbsp;<\/p>\n\n\n\n<p class=\"wp-block-paragraph\">La propuesta explica que se trata de enfermedad, s\u00edndrome o desorden que se origina, generalmente, por un fallo gen\u00e9tico, si bien un 30% de las mismas puede deberse a un origen infeccioso, al\u00e9rgico o medioambiental. Por tanto, son enfermedades con car\u00e1cter cr\u00f3nico que conlleva dificultades en la vida diaria de las personas e, incluso, un riesgo notable para su integridad\u201d.&nbsp;<\/p>\n\n\n\n<p class=\"wp-block-paragraph\">Los partidos firmantes de la moci\u00f3n subrayan que el desconocimiento social sobre las \u201cenfermedades raras\u201d no deben despertar un sentimiento de culpabilidad \u201csino m\u00e1s bien un elemento motivacional que debe llevar a las autoridades y poderes p\u00fablicos a promover e impulsar campa\u00f1as de informaci\u00f3n sobre las mismas y aportar posibles soluciones personalizadas para todas las personas que las padecen\u201d.&nbsp;<\/p>\n\n\n\n<p class=\"wp-block-paragraph\">La moci\u00f3n apuesta por una lucha llevada a cabo en la vertiente p\u00fablica con una mayor difusi\u00f3n social y, al mismo tiempo, un mejor conocimiento sobre las consecuencias de esta enfermedad, sobre su existencia y su peligrosidad para la salud.&nbsp;<\/p>\n\n\n\n<p class=\"wp-block-paragraph\">\u201cEl inter\u00e9s de acercar esta moci\u00f3n al pleno de Riba-roja es la necesidad de, como m\u00ednimo, informar de una realidad casi invisible que afecta a muchas personas que, como administraci\u00f3n y sociedad, debemos conocer y reconocer, si bien es cierto que no podemos poner fin a esas enfermedades s\u00ed podemos hacer una aproximaci\u00f3n global de lo que es y dar como administraci\u00f3n local el primer paso para cambiar la realidad de esas personas y de sus familias\u201d, destaca la moci\u00f3n.&nbsp;<\/p>\n\n\n\n<p class=\"wp-block-paragraph\">Las enfermedades raras necesitan, a juicio de los expertos, un tratamiento social por el conocimiento que se traslada a la sociedad a la hora de romper el muro del aislamiento de las personas que las sufren y, por otra parte, una vertiente asistencial para atender a las v\u00edctimas o familias con un enfoque diferente a las pautas establecidas de enfermedades y necesidades comunes.&nbsp;<\/p>\n\n\n\n<p class=\"wp-block-paragraph\">El alcalde de Riba-roja de T\u00faria, Robert Raga, ha agradecido el apoyo de todos los partidos pol\u00edticos a la moci\u00f3n presentada \u201cpues representa un primer paso en la visibilidad de estas enfermedades que afectan a m\u00e1s personas de las que pueda parecer, y, por ello, desde las administraciones debemos luchar por conseguir los recursos suficientes para destinarlos al estudio, investigaci\u00f3n y atenci\u00f3n de estas dolencias\u201d.<\/p>\n","protected":false},"excerpt":{"rendered":"<div class=\"mh-excerpt\">El ple municipal aposta per donar visibilitat a aquestes patologies El ple municipal de l&#8217;Ajuntament de Riba-roja de T\u00faria ha aprovat una moci\u00f3 de el grup socialista en qu\u00e8 es compromet a continuar treballant en <a class=\"mh-excerpt-more\" href=\"https:\/\/tucomarca.whitekongsoftware.com\/ca\/riba-roja-aprova-campanyes-de-divulgacio-i-conscienciacio-a-les-persones-i-families-amb-malalties-rares-de-la-localitat\/\" title=\"Riba-roja aprova campanyes de divulgaci\u00f3 i conscienciaci\u00f3 a les persones i fam\u00edlies amb malalties rares de la localitat\">[+] <\/a><\/div>\n","protected":false},"author":12,"featured_media":126424,"comment_status":"open","ping_status":"open","sticky":false,"template":"","format":"standard","meta":{"footnotes":""},"categories":[10892,11010,10948,10894,10947,10906,10896],"tags":[10899,13878,10907],"class_list":["post-126503","post","type-post","status-publish","format-standard","has-post-thumbnail","category-camp-de-turia-ca","category-canal-salud","category-infraestructuras-ca","category-la-comarca-ca","category-politica","category-riba-roja-ca","category-seccion-ca","tag-camp-de-turia-ca","tag-enfermedades-raras-ca","tag-riba-roja-del-turia-ca"],"_links":{"self":[{"href":"https:\/\/tucomarca.whitekongsoftware.com\/ca\/wp-json\/wp\/v2\/posts\/126503","targetHints":{"allow":["GET"]}}],"collection":[{"href":"https:\/\/tucomarca.whitekongsoftware.com\/ca\/wp-json\/wp\/v2\/posts"}],"about":[{"href":"https:\/\/tucomarca.whitekongsoftware.com\/ca\/wp-json\/wp\/v2\/types\/post"}],"author":[{"embeddable":true,"href":"https:\/\/tucomarca.whitekongsoftware.com\/ca\/wp-json\/wp\/v2\/users\/12"}],"replies":[{"embeddable":true,"href":"https:\/\/tucomarca.whitekongsoftware.com\/ca\/wp-json\/wp\/v2\/comments?post=126503"}],"version-history":[{"count":0,"href":"https:\/\/tucomarca.whitekongsoftware.com\/ca\/wp-json\/wp\/v2\/posts\/126503\/revisions"}],"wp:featuredmedia":[{"embeddable":true,"href":"https:\/\/tucomarca.whitekongsoftware.com\/ca\/wp-json\/wp\/v2\/media\/126424"}],"wp:attachment":[{"href":"https:\/\/tucomarca.whitekongsoftware.com\/ca\/wp-json\/wp\/v2\/media?parent=126503"}],"wp:term":[{"taxonomy":"category","embeddable":true,"href":"https:\/\/tucomarca.whitekongsoftware.com\/ca\/wp-json\/wp\/v2\/categories?post=126503"},{"taxonomy":"post_tag","embeddable":true,"href":"https:\/\/tucomarca.whitekongsoftware.com\/ca\/wp-json\/wp\/v2\/tags?post=126503"}],"curies":[{"name":"wp","href":"https:\/\/api.w.org\/{rel}","templated":true}]}}