{"id":126498,"date":"2021-02-16T07:58:00","date_gmt":"2021-02-16T06:58:00","guid":{"rendered":"http:\/\/www.tucomarca.com\/wordpress\/segunda\/?p=126498"},"modified":"2021-02-16T15:14:05","modified_gmt":"2021-02-16T14:14:05","slug":"les-brigades-forestals-de-la-diputacio-collaboren-amb-la-upv-per-a-optimitzar-els-treballs-de-prevencio-dincendis","status":"publish","type":"post","link":"https:\/\/tucomarca.whitekongsoftware.com\/ca\/les-brigades-forestals-de-la-diputacio-collaboren-amb-la-upv-per-a-optimitzar-els-treballs-de-prevencio-dincendis\/","title":{"rendered":"Les brigades forestals de la Diputaci\u00f3 col\u00b7laboren amb la UPV per a optimitzar els treballs de prevenci\u00f3 d&#8217;incendis"},"content":{"rendered":"\n<h4 class=\"wp-block-heading\"><strong>La integraci\u00f3 de les brigades de Divalterra en el projecte Life Resilient Forests de la Polit\u00e8cnica s&#8217;iniciar\u00e0 amb treballs de silvicultura preventiva en un Punt Estrat\u00e8gic de Gesti\u00f3 a Serra<\/strong><\/h4>\n\n\n\n<figure class=\"wp-block-image size-large\"><img loading=\"lazy\" decoding=\"async\" width=\"787\" height=\"795\" src=\"http:\/\/www.tucomarca.com\/wordpress\/segunda\/wp-content\/uploads\/2021\/02\/SerraParajeCiscar.jpg\" alt=\"\" class=\"wp-image-126495\" srcset=\"https:\/\/tucomarca.whitekongsoftware.com\/wp-content\/uploads\/2021\/02\/SerraParajeCiscar.jpg 787w, https:\/\/tucomarca.whitekongsoftware.com\/wp-content\/uploads\/2021\/02\/SerraParajeCiscar-297x300.jpg 297w, https:\/\/tucomarca.whitekongsoftware.com\/wp-content\/uploads\/2021\/02\/SerraParajeCiscar-768x776.jpg 768w\" sizes=\"auto, (max-width: 787px) 100vw, 787px\" \/><\/figure>\n\n\n\n<p class=\"wp-block-paragraph\">La Universitat Polit\u00e8cnica de Val\u00e8ncia, a trav\u00e9s del projecte Life resilient forests, assessorar\u00e0 a Divalterra per a optimitzar els servicis ambientals derivats de la gesti\u00f3 forestal, atenent a criteris com el risc d&#8217;incendi, la producci\u00f3 de biomassa, la biodiversitat, el segrest de carboni o l&#8217;aigua.<\/p>\n\n\n\n<p class=\"wp-block-paragraph\">La integraci\u00f3 de la Diputaci\u00f3 de Val\u00e8ncia en el pla s&#8217;iniciar\u00e0 amb un projecte pilot a Serra en el qual participaran les seues brigades forestals, en concret en una superf\u00edcie de m\u00e9s de set hect\u00e0rees de pi blanc d&#8217;aproximadament cent anys. Els treballs en esta zona havien sigut sol\u00b7licitats per l&#8217;ajuntament de Serra mitjan\u00e7ant el procediment habitual i s&#8217;aprofitar\u00e0 esta actuaci\u00f3 per a integrar-la en el projecte Life donades les especials caracter\u00edstiques del paratge.<\/p>\n\n\n\n<p class=\"wp-block-paragraph\">En concret es tracta d&#8217;un dels Punts estrat\u00e8gics de gesti\u00f3 (PEG) recollits al Pla local de prevenci\u00f3 d&#8217;incendis, que pot definir-se com un punt en el territori en el qual \u201cla modificaci\u00f3 del combustible i la preparaci\u00f3 d&#8217;infraestructures permeten al servici d&#8217;extinci\u00f3 executar maniobres d&#8217;atac segures per a limitar la potencialitat d&#8217;un gran incendi forestal.\u201d A m\u00e9s, est\u00e0 situat al costat d&#8217;una zona urbanitzada, la qual cosa incrementa la seua prioritat d&#8217;actuaci\u00f3.<\/p>\n\n\n\n<p class=\"wp-block-paragraph\">Els PEG s\u00f3n actuacions complement\u00e0ries amb les \u00e0rees tallafocs i suposen una evoluci\u00f3 en les pol\u00edtiques de silvicultura preventiva, sent el de Serra un dels primers que s&#8217;executen a la Comunitat Valenciana.<\/p>\n\n\n\n<p class=\"wp-block-paragraph\">Concretament a trav\u00e9s de l&#8217;eina C.A.F.E. (carboni, aigua, foc i eco-resili\u00e8ncia) del projecte Life resilient forests, es proposen treballs de clareig que eliminarien el 60% de la massa, la qual cosa suposaria obtindre quatre tones de biomassa, disminuir el risc d&#8217;incendi en la zona fins a un 28%, millorar l&#8217;\u00edndex de diversitat intr\u00ednseca i incrementar en un 20% el carboni org\u00e0nic del s\u00f2l.<\/p>\n\n\n\n<p class=\"wp-block-paragraph\">Life resilient forests \u00e9s un projecte cofinan\u00e7at pel programa LIFE de la Uni\u00f3 Europea per a promoure la gesti\u00f3 forestal a escala de conca, de manera que es millore la resili\u00e8ncia del bosc als incendis forestals, l&#8217;escassetat d&#8217;aigua, degradaci\u00f3 ambiental i altres efectes indu\u00efts pel canvi clim\u00e0tic.<\/p>\n\n\n\n<p class=\"wp-block-paragraph\"><strong>Brigades forestals<\/strong><\/p>\n\n\n\n<p class=\"wp-block-paragraph\">La missi\u00f3 principal de les brigades forestals de la Diputaci\u00f3 de Val\u00e8ncia \u00e9s la prevenci\u00f3 d&#8217;incendis mitjan\u00e7ant treballs de silvicultura que es duen a terme durant tot l&#8217;any, especialment durant els mesos de tardor i hivern.<\/p>\n\n\n\n<p class=\"wp-block-paragraph\">Les principals tasques silv\u00edcoles se centren en l&#8217;adequaci\u00f3 de zones d&#8217;interf\u00edcie urbanoforestal, l&#8217;obertura i manteniment de faixes auxiliars i \u00e0rees tallafocs, i actuacions a l&#8217;entorn de pistes forestals, llits fluvials i barrancs.<\/p>\n","protected":false},"excerpt":{"rendered":"<div class=\"mh-excerpt\">La integraci\u00f3 de les brigades de Divalterra en el projecte Life Resilient Forests de la Polit\u00e8cnica s&#8217;iniciar\u00e0 amb treballs de silvicultura preventiva en un Punt Estrat\u00e8gic de Gesti\u00f3 a Serra La Universitat Polit\u00e8cnica de Val\u00e8ncia, <a class=\"mh-excerpt-more\" href=\"https:\/\/tucomarca.whitekongsoftware.com\/ca\/les-brigades-forestals-de-la-diputacio-collaboren-amb-la-upv-per-a-optimitzar-els-treballs-de-prevencio-dincendis\/\" title=\"Les brigades forestals de la Diputaci\u00f3 col\u00b7laboren amb la UPV per a optimitzar els treballs de prevenci\u00f3 d&#8217;incendis\">[+] <\/a><\/div>\n","protected":false},"author":12,"featured_media":126494,"comment_status":"open","ping_status":"open","sticky":false,"template":"","format":"standard","meta":{"footnotes":""},"categories":[10905,10892,10898,10948,10894,10904,10903,10947,10896,10933],"tags":[10899,11246,11096,11429,12693],"class_list":["post-126498","post","type-post","status-publish","format-standard","has-post-thumbnail","category-agricultura-la-comarca-ca","category-camp-de-turia-ca","category-ventana-ca","category-infraestructuras-ca","category-la-comarca-ca","category-sin-categorizar-ca","category-medio-ambiente-la-comarca-ca","category-politica","category-seccion-ca","category-serra-ca","tag-camp-de-turia-ca","tag-diputacio-de-valencia-ca","tag-divalterra-ca","tag-serra-ca","tag-upv-ca"],"_links":{"self":[{"href":"https:\/\/tucomarca.whitekongsoftware.com\/ca\/wp-json\/wp\/v2\/posts\/126498","targetHints":{"allow":["GET"]}}],"collection":[{"href":"https:\/\/tucomarca.whitekongsoftware.com\/ca\/wp-json\/wp\/v2\/posts"}],"about":[{"href":"https:\/\/tucomarca.whitekongsoftware.com\/ca\/wp-json\/wp\/v2\/types\/post"}],"author":[{"embeddable":true,"href":"https:\/\/tucomarca.whitekongsoftware.com\/ca\/wp-json\/wp\/v2\/users\/12"}],"replies":[{"embeddable":true,"href":"https:\/\/tucomarca.whitekongsoftware.com\/ca\/wp-json\/wp\/v2\/comments?post=126498"}],"version-history":[{"count":0,"href":"https:\/\/tucomarca.whitekongsoftware.com\/ca\/wp-json\/wp\/v2\/posts\/126498\/revisions"}],"wp:featuredmedia":[{"embeddable":true,"href":"https:\/\/tucomarca.whitekongsoftware.com\/ca\/wp-json\/wp\/v2\/media\/126494"}],"wp:attachment":[{"href":"https:\/\/tucomarca.whitekongsoftware.com\/ca\/wp-json\/wp\/v2\/media?parent=126498"}],"wp:term":[{"taxonomy":"category","embeddable":true,"href":"https:\/\/tucomarca.whitekongsoftware.com\/ca\/wp-json\/wp\/v2\/categories?post=126498"},{"taxonomy":"post_tag","embeddable":true,"href":"https:\/\/tucomarca.whitekongsoftware.com\/ca\/wp-json\/wp\/v2\/tags?post=126498"}],"curies":[{"name":"wp","href":"https:\/\/api.w.org\/{rel}","templated":true}]}}