{"id":126438,"date":"2021-02-15T13:00:00","date_gmt":"2021-02-15T12:00:00","guid":{"rendered":"http:\/\/www.tucomarca.com\/wordpress\/segunda\/?p=126438"},"modified":"2021-02-15T22:34:40","modified_gmt":"2021-02-15T21:34:40","slug":"xest-repren-lactivitat-cultural-davant-del-descens-de-contagis-en-la-poblacio","status":"publish","type":"post","link":"https:\/\/tucomarca.whitekongsoftware.com\/ca\/xest-repren-lactivitat-cultural-davant-del-descens-de-contagis-en-la-poblacio\/","title":{"rendered":"Xest repr\u00e9n l&#8217;activitat cultural davant del descens de contagis en la poblaci\u00f3"},"content":{"rendered":"\n<p class=\"wp-block-paragraph\">Despr\u00e9s de valorar la disminuci\u00f3 dels contagis per Covid-19 a Xest, des de la regidoria de Cultura s&#8217;ha decidit reprendre la programaci\u00f3 cultural i ja s&#8217;han preparat activitats per a febrer, mar\u00e7 i abril.<\/p>\n\n\n\n<p class=\"wp-block-paragraph\">&#8220;El Decret de Consell de gener no prohibia les activitats culturals, per no considerar-les font de contagis. De fet, en tota la Comunitat Valenciana els cinemes, teatres i la resta d&#8217;activitats culturals han seguit realitzant-se amb aforaments redu\u00efts i les mesures de seguretat pertinents, tal com recomana Conselleria &#8220;, ha explicat la regidora de Cultura, M\u00aa \u00c1ngeles Llorente. &#8220;No obstant aix\u00f2, quan va acabar el confinament de Xest, vam decidir no reprendre les activitats fins que la corba de contagis disminu\u00eds considerablement i la tend\u00e8ncia fos de baixada continuada. Aquestes circumst\u00e0ncies es donen ara i, per aix\u00f2, hem decidit reprendre la programaci\u00f3 en la nostra localitat amb les m\u00e0ximes precaucions, sent susceptible d&#8217;interrompre o canviar-se en funci\u00f3 de la situaci\u00f3 sanit\u00e0ria &#8220;.<\/p>\n\n\n\n<p class=\"wp-block-paragraph\">Les mesures de seguretat de teatre Liceu seguiran aplicant-se de forma exhaustiva, controlant l&#8217;\u00fas permanent de m\u00e0scares, les dist\u00e0ncies de seguretat i la desinfecci\u00f3 de mans, aix\u00ed com prenent la temperatura corporal de les persones assistents a l&#8217;entrada. La ventilaci\u00f3 ser\u00e0 permanent durant els espectacles i es prestar\u00e0 especial atenci\u00f3 per evitar grups de persones en les entrades i sortides. El recinte ser\u00e0 desinfectat minuciosament abans i despr\u00e9s de cada acte.<\/p>\n\n\n\n<p class=\"wp-block-paragraph\">&#8220;Tots els estudis cl\u00ednics realitzats demostren que la cultura \u00e9s font de salut, a m\u00e9s de ser una font d&#8217;educaci\u00f3 i formaci\u00f3 b\u00e0sica per al desenvolupament de la intel\u00b7lig\u00e8ncia i la capacitat creativa i cr\u00edtica. Estem passant per una etapa molt dif\u00edcil i considerem que tenir una oferta cultural a la poblaci\u00f3 aporta m\u00e9s seguretat i beneficis que despla\u00e7ar-se a Val\u00e8ncia o als centres comercials de la perif\u00e8ria. Per tot aix\u00f2, convidem a la poblaci\u00f3 a participar en els actes programats, esperant que els facin passar bons moments &#8220;, ha manifestat Llorente.<\/p>\n\n\n\n<p class=\"wp-block-paragraph\">El programa arrencar\u00e0 dissabte que ve, 20 de febrer, amb el concert Cor de dons i piano, a c\u00e0rrec de el Cor de la Generalitat, a les 19 hores al teatre Liceu. La venda anticipada d&#8217;entrades estar\u00e0 disponible, com \u00e9s habitual, als quioscos de la localitat i al web www.agendacheste.com.<\/p>\n\n\n\n<p class=\"wp-block-paragraph\">Aix\u00ed, tots els caps de setmana se succeiran activitats teatrals, musicals o cinematogr\u00e0fiques al teatre Liceu.<\/p>\n\n\n\n<p class=\"wp-block-paragraph\"><strong>Programaci\u00f3 completa<\/strong><\/p>\n\n\n\n<p class=\"wp-block-paragraph\">L&#8217;agenda es buzonear\u00e1 aquesta setmana en els domicilis de la localitat i ja est\u00e0 disponible en format digital la web municipal. A m\u00e9s, totes les activitats es publicitaran a la secci\u00f3 d&#8217;esdeveniments de la p\u00e0gina de Facebook de l&#8217;Ajuntament ia l&#8217;apartat d&#8217;agenda de l&#8217;app d&#8217;informaci\u00f3 municipal bandos.es.<\/p>\n\n\n\n<p class=\"wp-block-paragraph\">Tamb\u00e9 s&#8217;informar\u00e0 de la programaci\u00f3 al canal Xest Cultural, de l&#8217;aplicaci\u00f3 Telegram. Les persones interessades a subscriure i rebre contingut cultural local, poden fer-ho de forma gratu\u00efta unint-se a l&#8217;canal.<\/p>\n","protected":false},"excerpt":{"rendered":"<div class=\"mh-excerpt\">Despr\u00e9s de valorar la disminuci\u00f3 dels contagis per Covid-19 a Xest, des de la regidoria de Cultura s&#8217;ha decidit reprendre la programaci\u00f3 cultural i ja s&#8217;han preparat activitats per a febrer, mar\u00e7 i abril. &#8220;El <a class=\"mh-excerpt-more\" href=\"https:\/\/tucomarca.whitekongsoftware.com\/ca\/xest-repren-lactivitat-cultural-davant-del-descens-de-contagis-en-la-poblacio\/\" title=\"Xest repr\u00e9n l&#8217;activitat cultural davant del descens de contagis en la poblaci\u00f3\">[+] <\/a><\/div>\n","protected":false},"author":12,"featured_media":126437,"comment_status":"open","ping_status":"open","sticky":false,"template":"","format":"standard","meta":{"footnotes":""},"categories":[11019,10894,10912,11007,10896,10974],"tags":[13872,11071,10914],"class_list":["post-126438","post","type-post","status-publish","format-standard","has-post-thumbnail","category-agenda-ca","category-la-comarca-ca","category-la-hoya-ca","category-ocio-y-cultura-ca","category-seccion-ca","category-cheste-ca","tag-agenda-cultural-ca","tag-cheste","tag-la-hoya-de-bunol-chiva-ca"],"_links":{"self":[{"href":"https:\/\/tucomarca.whitekongsoftware.com\/ca\/wp-json\/wp\/v2\/posts\/126438","targetHints":{"allow":["GET"]}}],"collection":[{"href":"https:\/\/tucomarca.whitekongsoftware.com\/ca\/wp-json\/wp\/v2\/posts"}],"about":[{"href":"https:\/\/tucomarca.whitekongsoftware.com\/ca\/wp-json\/wp\/v2\/types\/post"}],"author":[{"embeddable":true,"href":"https:\/\/tucomarca.whitekongsoftware.com\/ca\/wp-json\/wp\/v2\/users\/12"}],"replies":[{"embeddable":true,"href":"https:\/\/tucomarca.whitekongsoftware.com\/ca\/wp-json\/wp\/v2\/comments?post=126438"}],"version-history":[{"count":0,"href":"https:\/\/tucomarca.whitekongsoftware.com\/ca\/wp-json\/wp\/v2\/posts\/126438\/revisions"}],"wp:featuredmedia":[{"embeddable":true,"href":"https:\/\/tucomarca.whitekongsoftware.com\/ca\/wp-json\/wp\/v2\/media\/126437"}],"wp:attachment":[{"href":"https:\/\/tucomarca.whitekongsoftware.com\/ca\/wp-json\/wp\/v2\/media?parent=126438"}],"wp:term":[{"taxonomy":"category","embeddable":true,"href":"https:\/\/tucomarca.whitekongsoftware.com\/ca\/wp-json\/wp\/v2\/categories?post=126438"},{"taxonomy":"post_tag","embeddable":true,"href":"https:\/\/tucomarca.whitekongsoftware.com\/ca\/wp-json\/wp\/v2\/tags?post=126438"}],"curies":[{"name":"wp","href":"https:\/\/api.w.org\/{rel}","templated":true}]}}