{"id":126411,"date":"2021-02-16T10:05:00","date_gmt":"2021-02-16T09:05:00","guid":{"rendered":"http:\/\/www.tucomarca.com\/wordpress\/segunda\/?p=126411"},"modified":"2021-02-16T15:20:55","modified_gmt":"2021-02-16T14:20:55","slug":"requena-aprova-una-mocio-del-prya-per-a-reparar-camins-rurals","status":"publish","type":"post","link":"https:\/\/tucomarca.whitekongsoftware.com\/ca\/requena-aprova-una-mocio-del-prya-per-a-reparar-camins-rurals\/","title":{"rendered":"Requena aprova una moci\u00f3 del PRyA per a reparar camins rurals"},"content":{"rendered":"\n<h4 class=\"wp-block-heading\"><strong>Van ser danyats considerablement per les pluges torrencials del 27 de novembre passat<\/strong><\/h4>\n\n\n\n<p class=\"wp-block-paragraph\">El ple municipal de l&#8217;Ajuntament de Requena va aprovar una moci\u00f3 presentada pel Partit Requena i Llogarets per reparar els camins rurals del municipi.<br>La formaci\u00f3 pol\u00edtica argumenta que &#8220;el passat 27 de novembre, el municipi es va veure afectat per un temporal de fortes pluges que van deixar gran quantitat d&#8217;aigua en molt poc temps causant danys en alguns camins del municipi&#8221;.<br>&#8220;L&#8217;estat en qu\u00e8 han quedat els camins afegeixen les fonts- no nom\u00e9s dificulta el pas de vehicles, tamb\u00e9 suposa un alt risc d&#8217;accident per als agricultors, sobretot pel perill de bolcada dels tractors&#8221;.<br>L&#8217;esmentada proposta de el Partit Requena i Llogarets va ser recolzada per totes les formacions pol\u00edtiques amb representaci\u00f3 al consistori requenense. Informa, <strong>Luis Ib\u00e1\u00f1ez.<\/strong><\/p>\n","protected":false},"excerpt":{"rendered":"<div class=\"mh-excerpt\">Van ser danyats considerablement per les pluges torrencials del 27 de novembre passat El ple municipal de l&#8217;Ajuntament de Requena va aprovar una moci\u00f3 presentada pel Partit Requena i Llogarets per reparar els camins rurals <a class=\"mh-excerpt-more\" href=\"https:\/\/tucomarca.whitekongsoftware.com\/ca\/requena-aprova-una-mocio-del-prya-per-a-reparar-camins-rurals\/\" title=\"Requena aprova una moci\u00f3 del PRyA per a reparar camins rurals\">[+] <\/a><\/div>\n","protected":false},"author":12,"featured_media":90615,"comment_status":"open","ping_status":"open","sticky":false,"template":"","format":"standard","meta":{"footnotes":""},"categories":[10948,10894,10903,10947,10908,10909,10896],"tags":[13564,12796,11099,10910],"class_list":["post-126411","post","type-post","status-publish","format-standard","has-post-thumbnail","category-infraestructuras-ca","category-la-comarca-ca","category-medio-ambiente-la-comarca-ca","category-politica","category-requena-ca","category-requena-utiel-ca","category-seccion-ca","tag-caminos-rurales-ca","tag-prya-ca","tag-requena-ca","tag-requena-utiel-ca"],"_links":{"self":[{"href":"https:\/\/tucomarca.whitekongsoftware.com\/ca\/wp-json\/wp\/v2\/posts\/126411","targetHints":{"allow":["GET"]}}],"collection":[{"href":"https:\/\/tucomarca.whitekongsoftware.com\/ca\/wp-json\/wp\/v2\/posts"}],"about":[{"href":"https:\/\/tucomarca.whitekongsoftware.com\/ca\/wp-json\/wp\/v2\/types\/post"}],"author":[{"embeddable":true,"href":"https:\/\/tucomarca.whitekongsoftware.com\/ca\/wp-json\/wp\/v2\/users\/12"}],"replies":[{"embeddable":true,"href":"https:\/\/tucomarca.whitekongsoftware.com\/ca\/wp-json\/wp\/v2\/comments?post=126411"}],"version-history":[{"count":0,"href":"https:\/\/tucomarca.whitekongsoftware.com\/ca\/wp-json\/wp\/v2\/posts\/126411\/revisions"}],"wp:featuredmedia":[{"embeddable":true,"href":"https:\/\/tucomarca.whitekongsoftware.com\/ca\/wp-json\/wp\/v2\/media\/90615"}],"wp:attachment":[{"href":"https:\/\/tucomarca.whitekongsoftware.com\/ca\/wp-json\/wp\/v2\/media?parent=126411"}],"wp:term":[{"taxonomy":"category","embeddable":true,"href":"https:\/\/tucomarca.whitekongsoftware.com\/ca\/wp-json\/wp\/v2\/categories?post=126411"},{"taxonomy":"post_tag","embeddable":true,"href":"https:\/\/tucomarca.whitekongsoftware.com\/ca\/wp-json\/wp\/v2\/tags?post=126411"}],"curies":[{"name":"wp","href":"https:\/\/api.w.org\/{rel}","templated":true}]}}