{"id":126394,"date":"2021-02-15T19:07:57","date_gmt":"2021-02-15T18:07:57","guid":{"rendered":"http:\/\/www.tucomarca.com\/wordpress\/segunda\/?p=126394"},"modified":"2021-02-15T19:08:01","modified_gmt":"2021-02-15T18:08:01","slug":"la-comunitat-valenciana-registra-660-nous-casos-de-coronavirus-44-morts-i-6-387-altes","status":"publish","type":"post","link":"https:\/\/tucomarca.whitekongsoftware.com\/ca\/la-comunitat-valenciana-registra-660-nous-casos-de-coronavirus-44-morts-i-6-387-altes\/","title":{"rendered":"La Comunitat Valenciana registra 660 nous casos de coronavirus, 44 morts i 6.387 altes"},"content":{"rendered":"\n<h4 class=\"wp-block-heading\">Sanitat ha administrat ja 223.982 dosis de la vacuna contra el coronavirus <\/h4>\n\n\n\n<h4 class=\"wp-block-heading\">Per prov\u00edncies, es registren 57 nous positius a Castell\u00f3, 292 a Alacant i 311 a la prov\u00edncia de Val\u00e8ncia<\/h4>\n\n\n\n<p class=\"wp-block-paragraph\">La Comunitat Valenciana ha administrat un total de 223.982 dosis de la vacuna contra el coronavirus. Per prov\u00edncies, 29.602 a Castell\u00f3, 82.257 a Alacant i 112.123 a Val\u00e8ncia. En total, han rebut les dues dosis de la vacuna 95.470 persones. D&#8217;altra banda, s&#8217;han registrat 660 casos nous de coronavirus confirmats per prova PCR o mitjan\u00e7ant test d&#8217;ant\u00edgens des de l&#8217;\u00faltima actualitzaci\u00f3, que situen la xifra total de positius en 364.807 persones. <\/p>\n\n\n\n<p class=\"wp-block-paragraph\">Per prov\u00edncies, la distribuci\u00f3 de nous positius \u00e9s la seg\u00fcent: 57 a Castell\u00f3 (37.200 en total), 292 a Alacant (137.120 en total) i 311 a la prov\u00edncia de Val\u00e8ncia (190.484 en total). A m\u00e9s, el total de casos sense assignar en tota la Comunitat Valenciana se situa en 3. <\/p>\n\n\n\n<p class=\"wp-block-paragraph\">Des de l&#8217;\u00faltima actualitzaci\u00f3 s&#8217;han registrat 6.387 altes a pacients amb coronavirus. D&#8217;aquesta manera, ja s\u00f3n 339.952 persones a la Comunitat Valenciana les que han superat la malaltia des que va comen\u00e7ar la pand\u00e8mia. Per prov\u00edncies, les altes es distribueixen de la seg\u00fcent manera: 34.743 a Castell\u00f3, 127.006 a Alacant i 178.145 a Val\u00e8ncia, a m\u00e9s de 58 no assignades. Els hospitals valencians tenen, actualment, 2.355 persones ingressades: 254 a la prov\u00edncia de Castell\u00f3, amb 43 pacients en UCI; 958 a la prov\u00edncia d&#8217;Alacant, 186 d&#8217;ells a l&#8217;UCI; i 1.143 a la prov\u00edncia de Val\u00e8ncia, 262 d&#8217;ells a UCI. <\/p>\n\n\n\n<p class=\"wp-block-paragraph\">A m\u00e9s, s&#8217;han registrat 44 morts per coronavirus des de l&#8217;\u00faltima actualitzaci\u00f3, de manera que el total de defuncions des de l&#8217;inici de la pand\u00e8mia \u00e9s de 6.002 persones: 695 a la prov\u00edncia de Castell\u00f3, 2.254 a la d&#8217;Alacant i 3.053 a la de Val\u00e8ncia . D&#8217;acord amb les dades registrades, a hores d&#8217;ara hi ha 30.337 casos actius, la qual cosa suposa un 8,06% de l&#8217;total de positius. <\/p>\n\n\n\n<p class=\"wp-block-paragraph\"><strong>Actualitzaci\u00f3 de la situaci\u00f3 en resid\u00e8ncies <\/strong><\/p>\n\n\n\n<p class=\"wp-block-paragraph\">Des de l&#8217;\u00faltima actualitzaci\u00f3, hi ha algun cas positiu en 145 resid\u00e8ncies de gent gran (15 a la prov\u00edncia de Castell\u00f3, 45 a la prov\u00edncia d&#8217;Alacant i 85 a la prov\u00edncia de Val\u00e8ncia), 33 centres de diversitat funcional (3 a la prov\u00edncia de Castell\u00f3, 12 a la prov\u00edncia d&#8217;Alacant i 18 a la prov\u00edncia de Val\u00e8ncia) i 9 centres de menors (5 a la prov\u00edncia d&#8217;Alacant i 4 a la prov\u00edncia de Val\u00e8ncia). \u00b7 Residents nous positius: 116 \u00b7 Treballadors i treballadores nous positius: 32 \u00b7 Residents que han mort: 34 Actualment, es troben sota vigil\u00e0ncia activa de control sanitari 64 resid\u00e8ncies a la Comunitat Valenciana: 9 a la prov\u00edncia de Castell\u00f3, 20 a la prov\u00edncia d&#8217;Alacant i 35 a la prov\u00edncia de Val\u00e8ncia. <\/p>\n\n\n\n<p class=\"wp-block-paragraph\"><strong>Actualitzaci\u00f3 brots de coronavirus<\/strong><\/p>\n\n\n\n<p class=\"wp-block-paragraph\">Se han registrado 25 nuevos brotes de coronavirus desde la \u00faltima actualizaci\u00f3n. Por provincias: 21 en Valencia; 1 en Alicante y 3 en Castell\u00f3n.<\/p>\n\n\n\n<p class=\"wp-block-paragraph\">\u00b7 Alfafar: 4 casos. Origen social<\/p>\n\n\n\n<p class=\"wp-block-paragraph\">\u00b7 Val\u00e8ncia: 3 casos. \u00c1mbito educativo<\/p>\n\n\n\n<p class=\"wp-block-paragraph\">\u00b7 Museros: 3 casos. Origen social<\/p>\n\n\n\n<p class=\"wp-block-paragraph\">\u00b7 Alginet: 8 casos. Origen social<\/p>\n\n\n\n<p class=\"wp-block-paragraph\">\u00b7 Elche: 4 casos. Origen social<\/p>\n\n\n\n<p class=\"wp-block-paragraph\">\u00b7 Val\u00e8ncia: 5 casos. \u00c1mbito educativo<\/p>\n\n\n\n<p class=\"wp-block-paragraph\">\u00b7 Carcaixent: 4 casos. Origen social<\/p>\n\n\n\n<p class=\"wp-block-paragraph\">\u00b7 Poliny\u00e0 de X\u00faquer: 5 casos. Origen social<\/p>\n\n\n\n<p class=\"wp-block-paragraph\">\u00b7 Val\u00e8ncia: 4 casos. Origen social<\/p>\n\n\n\n<p class=\"wp-block-paragraph\">\u00b7 Val\u00e8ncia: 5 casos. \u00c1mbito educativo<\/p>\n\n\n\n<p class=\"wp-block-paragraph\">\u00b7 Alboraya: 8 casos. Origen social<\/p>\n\n\n\n<p class=\"wp-block-paragraph\">\u00b7 Massamagrell: 4 casos. Origen social<\/p>\n\n\n\n<p class=\"wp-block-paragraph\">\u00b7 Val\u00e8ncia: 3 casos. Origen laboral<\/p>\n\n\n\n<p class=\"wp-block-paragraph\">\u00b7 La Llosa: 6 casos. Origen social<\/p>\n\n\n\n<p class=\"wp-block-paragraph\">\u00b7 Gandia: 3 casos. \u00c1mbito educativo<\/p>\n\n\n\n<p class=\"wp-block-paragraph\">\u00b7 Val\u00e8ncia: 6 casos. Origen social<\/p>\n\n\n\n<p class=\"wp-block-paragraph\">\u00b7 Val\u00e8ncia: 4 casos. Origen social<\/p>\n\n\n\n<p class=\"wp-block-paragraph\">\u00b7 Val\u00e8ncia: 7 casos. \u00c1mbito educativo<\/p>\n\n\n\n<p class=\"wp-block-paragraph\">\u00b7 Villalonga: 6 casos. Origen social<\/p>\n\n\n\n<p class=\"wp-block-paragraph\">\u00b7 Benicarl\u00f3: 3 casos. Origen social<\/p>\n\n\n\n<p class=\"wp-block-paragraph\">\u00b7 Val\u00e8ncia: 3 casos. Origen social<\/p>\n\n\n\n<p class=\"wp-block-paragraph\">\u00b7 Pe\u00f1\u00edscola: 3 casos. Origen social<\/p>\n\n\n\n<p class=\"wp-block-paragraph\">\u00b7 Rafelbunyol: 6 casos. Origen social<\/p>\n\n\n\n<p class=\"wp-block-paragraph\">\u00b7 Val\u00e8ncia: 4 casos. Origen social<\/p>\n\n\n\n<p class=\"wp-block-paragraph\">\u00b7 Val\u00e8ncia: 3 casos. Origen social<\/p>\n","protected":false},"excerpt":{"rendered":"<div class=\"mh-excerpt\">Sanitat ha administrat ja 223.982 dosis de la vacuna contra el coronavirus Per prov\u00edncies, es registren 57 nous positius a Castell\u00f3, 292 a Alacant i 311 a la prov\u00edncia de Val\u00e8ncia La Comunitat Valenciana ha <a class=\"mh-excerpt-more\" href=\"https:\/\/tucomarca.whitekongsoftware.com\/ca\/la-comunitat-valenciana-registra-660-nous-casos-de-coronavirus-44-morts-i-6-387-altes\/\" title=\"La Comunitat Valenciana registra 660 nous casos de coronavirus, 44 morts i 6.387 altes\">[+] <\/a><\/div>\n","protected":false},"author":1,"featured_media":125389,"comment_status":"open","ping_status":"open","sticky":false,"template":"","format":"standard","meta":{"footnotes":""},"categories":[11010,12202,10898,10948,10894,10904,10903,10947,10896,10897],"tags":[11939,11940],"class_list":["post-126394","post","type-post","status-publish","format-standard","has-post-thumbnail","category-canal-salud","category-covid-19-ca","category-ventana-ca","category-infraestructuras-ca","category-la-comarca-ca","category-sin-categorizar-ca","category-medio-ambiente-la-comarca-ca","category-politica","category-seccion-ca","category-sucesos-la-comarca-ca","tag-coronavirus-ca","tag-covid-19-ca"],"_links":{"self":[{"href":"https:\/\/tucomarca.whitekongsoftware.com\/ca\/wp-json\/wp\/v2\/posts\/126394","targetHints":{"allow":["GET"]}}],"collection":[{"href":"https:\/\/tucomarca.whitekongsoftware.com\/ca\/wp-json\/wp\/v2\/posts"}],"about":[{"href":"https:\/\/tucomarca.whitekongsoftware.com\/ca\/wp-json\/wp\/v2\/types\/post"}],"author":[{"embeddable":true,"href":"https:\/\/tucomarca.whitekongsoftware.com\/ca\/wp-json\/wp\/v2\/users\/1"}],"replies":[{"embeddable":true,"href":"https:\/\/tucomarca.whitekongsoftware.com\/ca\/wp-json\/wp\/v2\/comments?post=126394"}],"version-history":[{"count":0,"href":"https:\/\/tucomarca.whitekongsoftware.com\/ca\/wp-json\/wp\/v2\/posts\/126394\/revisions"}],"wp:featuredmedia":[{"embeddable":true,"href":"https:\/\/tucomarca.whitekongsoftware.com\/ca\/wp-json\/wp\/v2\/media\/125389"}],"wp:attachment":[{"href":"https:\/\/tucomarca.whitekongsoftware.com\/ca\/wp-json\/wp\/v2\/media?parent=126394"}],"wp:term":[{"taxonomy":"category","embeddable":true,"href":"https:\/\/tucomarca.whitekongsoftware.com\/ca\/wp-json\/wp\/v2\/categories?post=126394"},{"taxonomy":"post_tag","embeddable":true,"href":"https:\/\/tucomarca.whitekongsoftware.com\/ca\/wp-json\/wp\/v2\/tags?post=126394"}],"curies":[{"name":"wp","href":"https:\/\/api.w.org\/{rel}","templated":true}]}}