{"id":126270,"date":"2021-02-12T17:58:00","date_gmt":"2021-02-12T16:58:00","guid":{"rendered":"http:\/\/www.tucomarca.com\/wordpress\/segunda\/?p=126270"},"modified":"2021-02-13T01:21:43","modified_gmt":"2021-02-13T00:21:43","slug":"la-regidoria-docupacio-de-xest-inicia-una-analisi-de-limpacte-de-la-pandemia-covid-19-en-el-municipi","status":"publish","type":"post","link":"https:\/\/tucomarca.whitekongsoftware.com\/ca\/la-regidoria-docupacio-de-xest-inicia-una-analisi-de-limpacte-de-la-pandemia-covid-19-en-el-municipi\/","title":{"rendered":"La regidoria d&#8217;Ocupaci\u00f3 de Xest inicia una an\u00e0lisi de l&#8217;impacte de la pand\u00e8mia Covid- 19 en el municipi"},"content":{"rendered":"\n<p class=\"wp-block-paragraph\">La regidoria d&#8217;Ocupaci\u00f3 ha comen\u00e7at a estudiar l&#8217;impacte de la pand\u00e8mia a Xest amb l&#8217;objectiu de realitzar un informe que servisca de base per implementar mesures de suport a persones aturades, afectades per Expedients de Regulaci\u00f3 Temporal d&#8217;Ocupaci\u00f3 ia empresaris i empres\u00e0ries locals amb dificultats en els seus negocis.<\/p>\n\n\n\n<p class=\"wp-block-paragraph\">&#8220;Les l\u00ednies d&#8217;actuaci\u00f3 que resultin de l&#8217;an\u00e0lisi tindran com a objectiu reduir les desigualtats que s&#8217;hagen produ\u00eft a causa de la crisi de la Covid-19 i seran compatibles amb el conjunt de mesures plantejades per la resta de les administracions de l&#8217;Estat&#8221;, ha explicat el regidor d&#8217;Ocupaci\u00f3, Jos\u00e9 Vicente Guijarro.<\/p>\n\n\n\n<p class=\"wp-block-paragraph\">L&#8217;informe analitzar\u00e0 les situacions pr\u00e8vies a el decret d&#8217;Estat d&#8217;Alarma al mar\u00e7 de 2020, i les posteriors. &#8220;El focus primordial se situa al voltant de fam\u00edlies que inclouen persones aturades i \/ o afectades per un ERTE&#8221;, apunta Guijarro. &#8220;De la mateixa manera l&#8217;estudi de prendre en consideraci\u00f3 a l&#8217;col\u00b7lectiu constitu\u00eft pels empresaris individuals i societaris titulars dels diferents negocis de la poblaci\u00f3&#8221;.<\/p>\n\n\n\n<p class=\"wp-block-paragraph\">L&#8217;estudi constar\u00e0 de quatre fases. En primer lloc es dur\u00e0 a terme l&#8217;avaluaci\u00f3 dels principals afectats o afectades per la pand\u00e8mia durant el primer confinament. Una segona fase abordar\u00e0 la identificaci\u00f3 de la poblaci\u00f3 en risc d&#8217;exclusi\u00f3 per l&#8217;impacte econ\u00f2mic. Despr\u00e9s es realitzar\u00e0 un diagn\u00f2stic i finalment, en la quarta fase, es valoraran les possibilitats per posar en marxa noves mesures des de l&#8217;Ajuntament durant 2021.<\/p>\n","protected":false},"excerpt":{"rendered":"<div class=\"mh-excerpt\">La regidoria d&#8217;Ocupaci\u00f3 ha comen\u00e7at a estudiar l&#8217;impacte de la pand\u00e8mia a Xest amb l&#8217;objectiu de realitzar un informe que servisca de base per implementar mesures de suport a persones aturades, afectades per Expedients de <a class=\"mh-excerpt-more\" href=\"https:\/\/tucomarca.whitekongsoftware.com\/ca\/la-regidoria-docupacio-de-xest-inicia-una-analisi-de-limpacte-de-la-pandemia-covid-19-en-el-municipi\/\" title=\"La regidoria d&#8217;Ocupaci\u00f3 de Xest inicia una an\u00e0lisi de l&#8217;impacte de la pand\u00e8mia Covid- 19 en el municipi\">[+] <\/a><\/div>\n","protected":false},"author":12,"featured_media":122754,"comment_status":"open","ping_status":"open","sticky":false,"template":"","format":"standard","meta":{"footnotes":""},"categories":[12202,10948,10894,10912,10947,10896,10974],"tags":[11071,13852,11939,11940,10914,13133],"class_list":["post-126270","post","type-post","status-publish","format-standard","has-post-thumbnail","category-covid-19-ca","category-infraestructuras-ca","category-la-comarca-ca","category-la-hoya-ca","category-politica","category-seccion-ca","category-cheste-ca","tag-cheste","tag-concejalia-de-empleo-cheste-ca","tag-coronavirus-ca","tag-covid-19-ca","tag-la-hoya-de-bunol-chiva-ca","tag-pandemia-ca"],"_links":{"self":[{"href":"https:\/\/tucomarca.whitekongsoftware.com\/ca\/wp-json\/wp\/v2\/posts\/126270","targetHints":{"allow":["GET"]}}],"collection":[{"href":"https:\/\/tucomarca.whitekongsoftware.com\/ca\/wp-json\/wp\/v2\/posts"}],"about":[{"href":"https:\/\/tucomarca.whitekongsoftware.com\/ca\/wp-json\/wp\/v2\/types\/post"}],"author":[{"embeddable":true,"href":"https:\/\/tucomarca.whitekongsoftware.com\/ca\/wp-json\/wp\/v2\/users\/12"}],"replies":[{"embeddable":true,"href":"https:\/\/tucomarca.whitekongsoftware.com\/ca\/wp-json\/wp\/v2\/comments?post=126270"}],"version-history":[{"count":0,"href":"https:\/\/tucomarca.whitekongsoftware.com\/ca\/wp-json\/wp\/v2\/posts\/126270\/revisions"}],"wp:featuredmedia":[{"embeddable":true,"href":"https:\/\/tucomarca.whitekongsoftware.com\/ca\/wp-json\/wp\/v2\/media\/122754"}],"wp:attachment":[{"href":"https:\/\/tucomarca.whitekongsoftware.com\/ca\/wp-json\/wp\/v2\/media?parent=126270"}],"wp:term":[{"taxonomy":"category","embeddable":true,"href":"https:\/\/tucomarca.whitekongsoftware.com\/ca\/wp-json\/wp\/v2\/categories?post=126270"},{"taxonomy":"post_tag","embeddable":true,"href":"https:\/\/tucomarca.whitekongsoftware.com\/ca\/wp-json\/wp\/v2\/tags?post=126270"}],"curies":[{"name":"wp","href":"https:\/\/api.w.org\/{rel}","templated":true}]}}