{"id":126219,"date":"2021-02-11T21:57:00","date_gmt":"2021-02-11T20:57:00","guid":{"rendered":"http:\/\/www.tucomarca.com\/wordpress\/segunda\/?p=126219"},"modified":"2021-02-11T23:49:35","modified_gmt":"2021-02-11T22:49:35","slug":"ximo-puig-anuncia-la-prorroga-de-les-mesures-vigents-per-frenar-la-pandemia-de-covid-19-fins-l1-de-marc","status":"publish","type":"post","link":"https:\/\/tucomarca.whitekongsoftware.com\/ca\/ximo-puig-anuncia-la-prorroga-de-les-mesures-vigents-per-frenar-la-pandemia-de-covid-19-fins-l1-de-marc\/","title":{"rendered":"Ximo Puig anuncia la pr\u00f2rroga de les mesures vigents per frenar la pand\u00e8mia de Covid-19 fins l&#8217;1 de mar\u00e7"},"content":{"rendered":"\n<h4 class=\"wp-block-heading\"><strong class=\"\">El president de la Generalitat ha presidit la reuni\u00f3 de la Taula Interdepartamental per a la Prevenci\u00f3 i Actuaci\u00f3 davant la COVID-19 en la qual s&#8217;ha acordat la decisi\u00f3<\/strong><\/h4>\n\n\n\n<h4 class=\"wp-block-heading\">La mesura ha estat adoptada perqu\u00e8 &#8220;l&#8217;evoluci\u00f3 de les dades \u00e9s positiva&#8221; per\u00f2 la situaci\u00f3 &#8220;encara no \u00e9s bona&#8221;<\/h4>\n\n\n\n<h4 class=\"wp-block-heading\"><strong class=\"\">Puig anuncia un nou paquet d&#8217;ajudes de 18 milions d&#8217;euros per al sector tur\u00edstic que podran sol\u00b7licitar a partir de 22 de febrer<\/strong><\/h4>\n\n\n\n<h4 class=\"wp-block-heading\"><strong class=\"\">Destaca que la setmana que donar\u00e0 comen\u00e7ament la vacunaci\u00f3 en els centres de dia, aix\u00ed com de la gent gran de 90 anys i dels grans dependents<\/strong><\/h4>\n\n\n\n<p class=\"wp-block-paragraph\">El president de la Generalitat, Ximo Puig, ha anunciat despr\u00e9s de la reuni\u00f3 de la Taula Interdepartamental per a la Prevenci\u00f3 i Actuaci\u00f3 davant la COVID-19, la pr\u00f2rroga de les mesures vigents per frenar la pand\u00e8mia de COVID-19 fins a l&#8217;1 de mar\u00e7.<\/p>\n\n\n\n<p class=\"wp-block-paragraph\">El president ha justificat la decisi\u00f3 adoptada en que &#8220;l&#8217;evoluci\u00f3 de les dades \u00e9s positiva&#8221; per\u00f2 la situaci\u00f3 &#8220;encara no \u00e9s bona&#8221;. A m\u00e9s Ximo Puig ha fet al\u00b7lusi\u00f3 a les dades i indicadors de la incid\u00e8ncia del coronavirus a la Comunitat Valenciana, aix\u00ed com a la recomanaci\u00f3 dels experts, ja l&#8217;advert\u00e8ncia realitzada a Espanya per l&#8217;Organitzaci\u00f3 Mundial de la Salut que s&#8217;han de mantenir les restriccions vigents.<\/p>\n\n\n\n<p class=\"wp-block-paragraph\">Durant la seua intervenci\u00f3, ha assegurat que les restriccions &#8220;limiten drets i generen situacions injustes&#8221;, per\u00f2 tot i aix\u00f2 &#8220;no es poden relaxar perqu\u00e8 no seria responsable&#8221;, de manera que &#8220;duraran el temps que resulte necessari&#8221;.<\/p>\n\n\n\n<p class=\"wp-block-paragraph\">El cap de el Consell ha destacat el gran esfor\u00e7 realitzat per la societat valenciana en les dues \u00faltimes setmanes que segons ha manifestat s&#8217;ha tradu\u00eft en uns resultats esperan\u00e7adors &#8220;.<\/p>\n\n\n\n<p class=\"wp-block-paragraph\">En aquest sentit ha assenyalat que durant els \u00faltims 15 dies de restriccions s&#8217;ha registrat un descens de l&#8217;39% en les hospitalitzacions; ja inferiors a les 3.000, i s&#8217;ha redu\u00eft la incid\u00e8ncia un 41%, amb una caiguda de 682 punts, fet que suposa registrar 777 casos per 100.000 habitants.<\/p>\n\n\n\n<p class=\"wp-block-paragraph\">Aix\u00ed mateix, ha destacat que actualment les altes hospital\u00e0ries &#8220;gaireb\u00e9 tripliquen&#8221; els nous casos en aquesta \u00faltima setmana, \u00e9s a dir que per cada nou positiu es registren 2,5 altes; i en els \u00faltims 10 dies el nombre de persones malaltes per COVID-19 s&#8217;ha redu\u00eft en 30.000, aix\u00ed com el nombre d&#8217;hospitalitzats a 2.000, en 17 dies.<\/p>\n\n\n\n<p class=\"wp-block-paragraph\">A m\u00e9s, tamb\u00e9 ha explicat que a les grans ciutats perimetradas els caps de setmana, la caiguda de la incid\u00e8ncia ronda el 40% de mitjana en els \u00faltims 15 dies.<\/p>\n\n\n\n<p class=\"wp-block-paragraph\">Per tot aix\u00f2, Puig ha insistit que les mesures estan funcionant &#8220;d&#8217;una manera m\u00e9s r\u00e0pida de la que pod\u00edem esperar&#8221;, i en aquest sentit ha instat la societat a mantenir l&#8217;esperan\u00e7a perqu\u00e8, segons ha manifestat, &#8220;no tots els dies s\u00f3n iguals &#8220;.<\/p>\n\n\n\n<p class=\"wp-block-paragraph\">A la reuni\u00f3 de la comissi\u00f3 interdepartamental han participat la vicepresidenta i consellera d&#8217;Igualtat i Pol\u00edtiques Inclusives, M\u00f3nica Oltra; el vicepresident segon i conseller d&#8217;Habitatge i Arquitectura Bioclim\u00e0tica, Rub\u00e9n Mart\u00ednez Dalmau; la consellera de Just\u00edcia, Interior i Administraci\u00f3 P\u00fablica, Gabriela Bravo; el conseller d&#8217;Educaci\u00f3, Cultura i Esport, Vicent Marz\u00e0; la consellera de Sanitat Universal i Salut P\u00fablica, Ana Barcel\u00f3, i els consellers d&#8217;Economia Sostenible, sectors productius, Comer\u00e7 i Treball, Rafa Climent, i de Pol\u00edtica Territorial, Obres P\u00fabliques i Mobilitat, Arcadi Espanya.<\/p>\n\n\n\n<p class=\"wp-block-paragraph\"><strong>Pla Resistir i noves ajudes a el sector tur\u00edstic<\/strong><\/p>\n\n\n\n<p class=\"wp-block-paragraph\">En el transcurs de la roda de premsa, el president ha fet refer\u00e8ncia a el Pla Resistir amb el qual la Generalitat est\u00e0 intentant compensar els sectors m\u00e9s afectats per les restriccions per frenar la pand\u00e8mia, i ha recordat que est\u00e0 dotat amb m\u00e9s de 400 milions d&#8217; euros en ajudes directes.<\/p>\n\n\n\n<p class=\"wp-block-paragraph\">Puig ha assegurat comprendre el malestar dels afectats i per aix\u00f2 ha insistit que la Generalitat els compensar\u00e0 de la manera &#8220;m\u00e9s \u00e0gil i efica\u00e7 possible&#8221;, perqu\u00e8 segons ha manifestat &#8220;hem de salvar vides i tamb\u00e9 salvar aut\u00f2noms, pimes i treballs&#8221;.<\/p>\n\n\n\n<p class=\"wp-block-paragraph\">En aquest sentit, ha anunciat que aquesta mateixa tarda, el Diari Oficial de la Generalitat ha publicat un nou paquet d&#8217;ajudes dirigides a el sector tur\u00edstic. Els nous ajuts compten amb 18 milions d&#8217;euros que arribaran a 5.000 empreses dedicades a l&#8217;allotjament, ag\u00e8ncies de viatges, restaurants, festivals de m\u00fasica i altres empreses, els quals podran sol\u00b7licitar-les a partir de l&#8217;22 de febrer.<\/p>\n\n\n\n<p class=\"wp-block-paragraph\"><strong>Proc\u00e9s de vacunaci\u00f3<\/strong><\/p>\n\n\n\n<p class=\"wp-block-paragraph\">Respecte de l&#8217;proc\u00e9s de vacunaci\u00f3, a qu\u00e8 s&#8217;ha referit com &#8220;el gran actiu per superar la pand\u00e8mia&#8221; i &#8220;la porta de l&#8217;esperan\u00e7a&#8221;, el president ha destacat que ja han estat administrades m\u00e9s de 210.000 dosis a la Comunitat Valenciana. Aix\u00ed mateix, ha assegurat que, a l&#8217;acabar aquesta setmana, 100.000 valencianes i valencians hauran rebut ja les 2 dosis.<\/p>\n\n\n\n<p class=\"wp-block-paragraph\">A m\u00e9s, el cap de el Consell ha assegurat que &#8220;s&#8217;est\u00e0 avan\u00e7ant molt en la protecci\u00f3 de les persones m\u00e9s vulnerables&#8221; i que a partir de la setmana que donar\u00e0 comen\u00e7ament i es completar\u00e0 la vacunaci\u00f3 en els centres de dia, aix\u00ed com de la gent gran de 90 anys i dels grans dependents.<\/p>\n","protected":false},"excerpt":{"rendered":"<div class=\"mh-excerpt\">El president de la Generalitat ha presidit la reuni\u00f3 de la Taula Interdepartamental per a la Prevenci\u00f3 i Actuaci\u00f3 davant la COVID-19 en la qual s&#8217;ha acordat la decisi\u00f3 La mesura ha estat adoptada perqu\u00e8 <a class=\"mh-excerpt-more\" href=\"https:\/\/tucomarca.whitekongsoftware.com\/ca\/ximo-puig-anuncia-la-prorroga-de-les-mesures-vigents-per-frenar-la-pandemia-de-covid-19-fins-l1-de-marc\/\" title=\"Ximo Puig anuncia la pr\u00f2rroga de les mesures vigents per frenar la pand\u00e8mia de Covid-19 fins l&#8217;1 de mar\u00e7\">[+] <\/a><\/div>\n","protected":false},"author":12,"featured_media":126218,"comment_status":"open","ping_status":"open","sticky":false,"template":"","format":"standard","meta":{"footnotes":""},"categories":[11010,12202,10898,10948,10894,10904,10903,10947,10896,10897],"tags":[11939,11940,11498,12631,13845,11073],"class_list":["post-126219","post","type-post","status-publish","format-standard","has-post-thumbnail","category-canal-salud","category-covid-19-ca","category-ventana-ca","category-infraestructuras-ca","category-la-comarca-ca","category-sin-categorizar-ca","category-medio-ambiente-la-comarca-ca","category-politica","category-seccion-ca","category-sucesos-la-comarca-ca","tag-coronavirus-ca","tag-covid-19-ca","tag-generalitat-valenciana-ca","tag-medidas-restrictivas-ca","tag-prorroga-ca","tag-ximo-puig-ca"],"_links":{"self":[{"href":"https:\/\/tucomarca.whitekongsoftware.com\/ca\/wp-json\/wp\/v2\/posts\/126219","targetHints":{"allow":["GET"]}}],"collection":[{"href":"https:\/\/tucomarca.whitekongsoftware.com\/ca\/wp-json\/wp\/v2\/posts"}],"about":[{"href":"https:\/\/tucomarca.whitekongsoftware.com\/ca\/wp-json\/wp\/v2\/types\/post"}],"author":[{"embeddable":true,"href":"https:\/\/tucomarca.whitekongsoftware.com\/ca\/wp-json\/wp\/v2\/users\/12"}],"replies":[{"embeddable":true,"href":"https:\/\/tucomarca.whitekongsoftware.com\/ca\/wp-json\/wp\/v2\/comments?post=126219"}],"version-history":[{"count":0,"href":"https:\/\/tucomarca.whitekongsoftware.com\/ca\/wp-json\/wp\/v2\/posts\/126219\/revisions"}],"wp:featuredmedia":[{"embeddable":true,"href":"https:\/\/tucomarca.whitekongsoftware.com\/ca\/wp-json\/wp\/v2\/media\/126218"}],"wp:attachment":[{"href":"https:\/\/tucomarca.whitekongsoftware.com\/ca\/wp-json\/wp\/v2\/media?parent=126219"}],"wp:term":[{"taxonomy":"category","embeddable":true,"href":"https:\/\/tucomarca.whitekongsoftware.com\/ca\/wp-json\/wp\/v2\/categories?post=126219"},{"taxonomy":"post_tag","embeddable":true,"href":"https:\/\/tucomarca.whitekongsoftware.com\/ca\/wp-json\/wp\/v2\/tags?post=126219"}],"curies":[{"name":"wp","href":"https:\/\/api.w.org\/{rel}","templated":true}]}}