{"id":126199,"date":"2021-02-11T20:56:00","date_gmt":"2021-02-11T19:56:00","guid":{"rendered":"http:\/\/www.tucomarca.com\/wordpress\/segunda\/?p=126199"},"modified":"2021-02-13T01:03:00","modified_gmt":"2021-02-13T00:03:00","slug":"alas-unix-al-sector-agrari-espanyol-a-valencia-per-a-reivindicar-una-sostenibilitat-ambiental-social-i-economica","status":"publish","type":"post","link":"https:\/\/tucomarca.whitekongsoftware.com\/ca\/alas-unix-al-sector-agrari-espanyol-a-valencia-per-a-reivindicar-una-sostenibilitat-ambiental-social-i-economica\/","title":{"rendered":"ALAS unix al sector agrari espanyol a Val\u00e8ncia per a reivindicar una sostenibilitat ambiental, social i econ\u00f2mica"},"content":{"rendered":"\n<p class=\"wp-block-paragraph\">Val\u00e8ncia ha estat avui la capital espanyola de l&#8217;agricultura sostenible. La Conselleria d&#8217;Agricultura ha acollit la presentaci\u00f3 d&#8217;ALAS (l&#8217;Alian\u00e7a per a una Agricultura Sostenible), que agrupa les principals organitzacions, cooperatives i exportadors de el sector agrari d&#8217;Espanya, per reivindicar el desenvolupament d&#8217;eines tecnol\u00f2giques i innovadores sota criteris cient\u00edfics en nom de aconseguir una producci\u00f3 agr\u00edcola m\u00e9s sostenible des del punt de vista ambiental, social i econ\u00f2mic.<\/p>\n\n\n\n<p class=\"wp-block-paragraph\">El president d&#8217;ALAS, Pedro Gallardo, qui al seu torn \u00e9s vicepresident d&#8217;ASAJA Nacional, adverteix que &#8220;l&#8217;agricultura valenciana s&#8217;enfronta, d&#8217;una banda, a les dificultats derivades del canvi clim\u00e0tic que obligar\u00e0 a rec\u00f3rrer cada vegada m\u00e9s a cultius subtropicals i fins i tot tropicals i, d&#8217;altra banda, a les creixents restriccions imposades per la Uni\u00f3 Europea que castiguen la productivitat local i eleven la depend\u00e8ncia aliment\u00e0ria de pa\u00efsos tercers&#8221;. En aquest sentit, Gallardo aposta per &#8220;aplicar els aven\u00e7os en innovaci\u00f3 i edici\u00f3 gen\u00e8tica amb l&#8217;objecte de posar a disposici\u00f3 dels agricultors varietats millor adaptades a les creixents temperatures, la sequera o la salinitat, aix\u00ed com mat\u00e8ries actives respectuoses amb el medi ambient que permetin combatre efica\u00e7ment les plagues i malalties &#8220;.<\/p>\n\n\n\n<p class=\"wp-block-paragraph\">El president d&#8217;AVA-ASAJA, Crist\u00f3bal Aguado, valora que des de Val\u00e8ncia la societat escolti &#8220;l&#8217;important missatge d&#8217;ALAS per seguir proporcionant en el futur l&#8217;alimentaci\u00f3 m\u00e9s garantista el m\u00f3n. El sector est\u00e0 unit a l&#8217;hora d&#8217;oferir les m\u00e0ximes garanties de qualitat, seguretat aliment\u00e0ria, tra\u00e7abilitat i respecte ambiental, de manera que els consumidors poden estar tranquils. Per\u00f2, per aix\u00f2, els productors necessitem que la classe pol\u00edtica estableixi mesures que afavoreixin una competitivitat i rendibilitat de les nostres explotacions &#8220;.<\/p>\n\n\n\n<p class=\"wp-block-paragraph\">Per la seua banda, la consellera d&#8217;Agricultura, Mireia Moll\u00e0, va clausurar l&#8217;acte presencial i telem\u00e0tic oferint la seua col\u00b7laboraci\u00f3 a ALAS en mat\u00e8ria de comunicaci\u00f3, proactivitat i impuls de el model d&#8217;agricultura i ramaderia sostenible basat en l&#8217;evid\u00e8ncia cient\u00edfica.<br>ALAS est\u00e0 integrada per les organitzacions professionals agr\u00e0ries ASAJA, UPA i COAG, Cooperatives Agroaliment\u00e0ries d&#8217;Espanya, la Federaci\u00f3 Espanyola de Productors Exportadors de Fruites, Hortalisses, Flores i Plantes Vives (FEPEX) i l&#8217;Associaci\u00f3 Espanyola d&#8217;Agricultura de Conservaci\u00f3 \/ Solars Vius (AEAC.SV).<\/p>\n","protected":false},"excerpt":{"rendered":"<div class=\"mh-excerpt\">Val\u00e8ncia ha estat avui la capital espanyola de l&#8217;agricultura sostenible. La Conselleria d&#8217;Agricultura ha acollit la presentaci\u00f3 d&#8217;ALAS (l&#8217;Alian\u00e7a per a una Agricultura Sostenible), que agrupa les principals organitzacions, cooperatives i exportadors de el sector <a class=\"mh-excerpt-more\" href=\"https:\/\/tucomarca.whitekongsoftware.com\/ca\/alas-unix-al-sector-agrari-espanyol-a-valencia-per-a-reivindicar-una-sostenibilitat-ambiental-social-i-economica\/\" title=\"ALAS unix al sector agrari espanyol a Val\u00e8ncia per a reivindicar una sostenibilitat ambiental, social i econ\u00f2mica\">[+] <\/a><\/div>\n","protected":false},"author":12,"featured_media":126198,"comment_status":"open","ping_status":"open","sticky":false,"template":"","format":"standard","meta":{"footnotes":""},"categories":[10890,10905,10951,10892,11046,10948,10963,10894,10904,10912,10902,10903,10909,10896],"tags":[13841,11924,12856],"class_list":["post-126199","post","type-post","status-publish","format-standard","has-post-thumbnail","category-ademus","category-agricultura-la-comarca-ca","category-ayora-cofrentes-ca","category-camp-de-turia-ca","category-los-serranos-ca","category-infraestructuras-ca","category-la-canal-de-navarres-ca","category-la-comarca-ca","category-sin-categorizar-ca","category-la-hoya-ca","category-la-ribera-ca","category-medio-ambiente-la-comarca-ca","category-requena-utiel-ca","category-seccion-ca","tag-alas-ca","tag-ava-asaja-ca","tag-conselleria-de-agricultura-ca"],"_links":{"self":[{"href":"https:\/\/tucomarca.whitekongsoftware.com\/ca\/wp-json\/wp\/v2\/posts\/126199","targetHints":{"allow":["GET"]}}],"collection":[{"href":"https:\/\/tucomarca.whitekongsoftware.com\/ca\/wp-json\/wp\/v2\/posts"}],"about":[{"href":"https:\/\/tucomarca.whitekongsoftware.com\/ca\/wp-json\/wp\/v2\/types\/post"}],"author":[{"embeddable":true,"href":"https:\/\/tucomarca.whitekongsoftware.com\/ca\/wp-json\/wp\/v2\/users\/12"}],"replies":[{"embeddable":true,"href":"https:\/\/tucomarca.whitekongsoftware.com\/ca\/wp-json\/wp\/v2\/comments?post=126199"}],"version-history":[{"count":0,"href":"https:\/\/tucomarca.whitekongsoftware.com\/ca\/wp-json\/wp\/v2\/posts\/126199\/revisions"}],"wp:featuredmedia":[{"embeddable":true,"href":"https:\/\/tucomarca.whitekongsoftware.com\/ca\/wp-json\/wp\/v2\/media\/126198"}],"wp:attachment":[{"href":"https:\/\/tucomarca.whitekongsoftware.com\/ca\/wp-json\/wp\/v2\/media?parent=126199"}],"wp:term":[{"taxonomy":"category","embeddable":true,"href":"https:\/\/tucomarca.whitekongsoftware.com\/ca\/wp-json\/wp\/v2\/categories?post=126199"},{"taxonomy":"post_tag","embeddable":true,"href":"https:\/\/tucomarca.whitekongsoftware.com\/ca\/wp-json\/wp\/v2\/tags?post=126199"}],"curies":[{"name":"wp","href":"https:\/\/api.w.org\/{rel}","templated":true}]}}