{"id":126188,"date":"2021-02-12T09:00:00","date_gmt":"2021-02-12T08:00:00","guid":{"rendered":"http:\/\/www.tucomarca.com\/wordpress\/segunda\/?p=126188"},"modified":"2021-02-12T11:06:37","modified_gmt":"2021-02-12T10:06:37","slug":"martinez-dalmau-emplaca-a-la-sareb-a-una-reunio-amb-els-alcaldes-de-torrent-alfafar-i-riba-roja-per-a-donar-una-solucio-definitiva-a-persones-llogades-en-les-seues-vivendes","status":"publish","type":"post","link":"https:\/\/tucomarca.whitekongsoftware.com\/ca\/martinez-dalmau-emplaca-a-la-sareb-a-una-reunio-amb-els-alcaldes-de-torrent-alfafar-i-riba-roja-per-a-donar-una-solucio-definitiva-a-persones-llogades-en-les-seues-vivendes\/","title":{"rendered":"Mart\u00ednez Dalmau empla\u00e7a a la Sareb a una reuni\u00f3 amb els alcaldes de Torrent, Alfafar i Riba-roja per a donar una soluci\u00f3 definitiva a persones llogades en les seues vivendes"},"content":{"rendered":"\n<h4 class=\"wp-block-heading\"><strong>El vicepresident segon i l&#8217;alcalde de Riba-roja destaquen la col\u00b7laboraci\u00f3 entre administracions per a defendre el dret a la vivenda<\/strong><\/h4>\n\n\n\n<h4 class=\"wp-block-heading\"><strong>La resoluci\u00f3 judicial coneguda este dimecres reconeix que la totalitat dels contractes de lloguer presentats pels ve\u00efns i ve\u00efnes de Riba-roja s\u00f3n v\u00e0lids<\/strong><\/h4>\n\n\n\n<p class=\"wp-block-paragraph\">El vicepresident segon i conseller d&#8217;Habitatge i Arquitectura Bioclim\u00e0tica, Rub\u00e9n Mart\u00ednez Dalmau, ha empla\u00e7at a la Societat de Gesti\u00f3 d&#8217;Actius Procedents de la Reestructuraci\u00f3 Banc\u00e0ria (Sareb) a una reuni\u00f3 dilluns que ve al costat dels alcaldes de Torrent, Alfafar i Riba-roja de T\u00faria &#8220;per buscar solucions a llarg termini que donen estabilitat i tranquil\u00b7litat a les fam\u00edlies&#8221; que resideixen a lloguer en habitatges propietat de l&#8217;entitat.<\/p>\n\n\n\n<p class=\"wp-block-paragraph\">Mart\u00ednez Dalmau ha realitzat aquestes declaracions despr\u00e9s de la reuni\u00f3 mantinguda amb l&#8217;alcalde de Riba-roja de T\u00faria, Robert Raga, per plantejar una soluci\u00f3 per a les 20 fam\u00edlies afectades en aquesta localitat. En ella ha estat acompanyat pel secretari auton\u00f2mic d&#8217;Habitatge i Funci\u00f3 Social, C\u00e9sar Jim\u00e9nez.<\/p>\n\n\n\n<p class=\"wp-block-paragraph\">Durant el transcurs de la reuni\u00f3, s&#8217;ha conegut la resoluci\u00f3 judicial que reconeix que la totalitat dels contractes de lloguer presentats pels ve\u00efns s\u00f3n v\u00e0lids.<\/p>\n\n\n\n<p class=\"wp-block-paragraph\">Per al conseller d&#8217;Habitatge, aquesta \u00e9s una &#8220;molt bona not\u00edcia&#8221; i refor\u00e7a la idea que la Sareb &#8220;sap que ha de renovar els contractes de lloguer el temps que calgui per buscar solucions a llarg terme, ja que es tracta d&#8217;una entitat amb diners p\u00fablics i amb una resposabilidad social molt important &#8220;.<\/p>\n\n\n\n<p class=\"wp-block-paragraph\">Mart\u00ednez Dalmau ha afirmat que ara &#8220;no \u00e9s el moment que les persones hagin de deixar la seua casa enmig de la pand\u00e8mia. \u00c9s el moment de que puguen dormir tranquils&#8221;.<\/p>\n\n\n\n<p class=\"wp-block-paragraph\">D&#8217;aqu\u00ed la tasca que des de la Vicepresid\u00e8ncia Segona i Conselleria d&#8217;Habitatge s&#8217;est\u00e0 fent per &#8220;anar poble per poble en qu\u00e8 hi ha problemes de desnonaments per solucionar-los al costat dels ajuntaments&#8221;.<\/p>\n\n\n\n<p class=\"wp-block-paragraph\">En aquest sentit, ha recordat les trobades mantingudes aquests dies amb els alcaldes de la Pobla de Vallbona, Torrent, Alfafar i, aquest dimecres, a Riba-roja. &#8220;Sense un habitatge digne, no es pot parlar d&#8217;una vida amb dignitat. Per aix\u00f2, el Govern de l&#8217;Bot\u00e0nic i els ajuntaments anem de la m\u00e0 per garantir aquest dret&#8221;.<\/p>\n\n\n\n<p class=\"wp-block-paragraph\">A la reuni\u00f3 s&#8217;ha constatato que la necessitat d&#8217;habitatge a Riba-roja, a l&#8217;igual que a la comarca de Camp de T\u00faria, &#8220;\u00e9s evident&#8221; i d&#8217;aqu\u00ed les propostes plantejades pel vicepresident Mart\u00ednez Dalmau: &#8220;Cal destensionar el mercat de l&#8217;habitatge, crear noves i treure a el mercat aquelles que estan buides &#8220;&#8221;.<\/p>\n\n\n\n<p class=\"wp-block-paragraph\">Des de la Conselleria s&#8217;han posat 10 milions d&#8217;euros en els Pressupostos de 2021 perqu\u00e8 els ajuntaments puguen adquirir immobles.<\/p>\n\n\n\n<p class=\"wp-block-paragraph\"><strong>Alian\u00e7a entre Ajuntament i Generalitat<\/strong><\/p>\n\n\n\n<p class=\"wp-block-paragraph\">Per la seua banda, l&#8217;alcalde de Riba-roja, Robert Raga, ha assegurat que &#8220;hui \u00e9s un dia molt important per a aquest municipi perqu\u00e8 s&#8217;ha constru\u00eft una alian\u00e7a entre la Generalitat i l&#8217;Ajuntament&#8221; i s&#8217;ha consideguido que aquests ve\u00efns i ve\u00efnes &#8221; amb contractes legals, que pagaven els seus lloguers i impostos, era impensable que fossin desnonats perqu\u00e8 s&#8217;havia produ\u00eft un canvi de propietari &#8220;.<\/p>\n\n\n\n<p class=\"wp-block-paragraph\">De la mateixa manera, ha destacat l&#8217;impuls que la Generalitat, a trav\u00e9s de la Vicepresid\u00e8ncia Segona, est\u00e0 fent per solucionar aquests problemes d&#8217;habitatge i ha assegurat que des de l&#8217;Ajuntament es posaran en marxa els mecanismes per adquirir habitatge i impulsar el parc p\u00fablic municipal.<\/p>\n\n\n\n<p class=\"wp-block-paragraph\">La promotora dels immobles de Riba-roja objecte d&#8217;intent d&#8217;desahuacio deixar diversos pagaments a deure i la Sareb va adquirir l&#8217;edifici a trav\u00e9s d&#8217;una subhasta judicial amb la intenci\u00f3 de recuperar els habitatges al considerar que els contractes eren frau de llei.<\/p>\n","protected":false},"excerpt":{"rendered":"<div class=\"mh-excerpt\">El vicepresident segon i l&#8217;alcalde de Riba-roja destaquen la col\u00b7laboraci\u00f3 entre administracions per a defendre el dret a la vivenda La resoluci\u00f3 judicial coneguda este dimecres reconeix que la totalitat dels contractes de lloguer presentats <a class=\"mh-excerpt-more\" href=\"https:\/\/tucomarca.whitekongsoftware.com\/ca\/martinez-dalmau-emplaca-a-la-sareb-a-una-reunio-amb-els-alcaldes-de-torrent-alfafar-i-riba-roja-per-a-donar-una-solucio-definitiva-a-persones-llogades-en-les-seues-vivendes\/\" title=\"Mart\u00ednez Dalmau empla\u00e7a a la Sareb a una reuni\u00f3 amb els alcaldes de Torrent, Alfafar i Riba-roja per a donar una soluci\u00f3 definitiva a persones llogades en les seues vivendes\">[+] <\/a><\/div>\n","protected":false},"author":12,"featured_media":126191,"comment_status":"open","ping_status":"open","sticky":false,"template":"","format":"standard","meta":{"footnotes":""},"categories":[10892,10948,10894,10947,10906,10896,10897],"tags":[10899,12234,10907],"class_list":["post-126188","post","type-post","status-publish","format-standard","has-post-thumbnail","category-camp-de-turia-ca","category-infraestructuras-ca","category-la-comarca-ca","category-politica","category-riba-roja-ca","category-seccion-ca","category-sucesos-la-comarca-ca","tag-camp-de-turia-ca","tag-conselleria-de-vivienda-ca","tag-riba-roja-del-turia-ca"],"_links":{"self":[{"href":"https:\/\/tucomarca.whitekongsoftware.com\/ca\/wp-json\/wp\/v2\/posts\/126188","targetHints":{"allow":["GET"]}}],"collection":[{"href":"https:\/\/tucomarca.whitekongsoftware.com\/ca\/wp-json\/wp\/v2\/posts"}],"about":[{"href":"https:\/\/tucomarca.whitekongsoftware.com\/ca\/wp-json\/wp\/v2\/types\/post"}],"author":[{"embeddable":true,"href":"https:\/\/tucomarca.whitekongsoftware.com\/ca\/wp-json\/wp\/v2\/users\/12"}],"replies":[{"embeddable":true,"href":"https:\/\/tucomarca.whitekongsoftware.com\/ca\/wp-json\/wp\/v2\/comments?post=126188"}],"version-history":[{"count":0,"href":"https:\/\/tucomarca.whitekongsoftware.com\/ca\/wp-json\/wp\/v2\/posts\/126188\/revisions"}],"wp:featuredmedia":[{"embeddable":true,"href":"https:\/\/tucomarca.whitekongsoftware.com\/ca\/wp-json\/wp\/v2\/media\/126191"}],"wp:attachment":[{"href":"https:\/\/tucomarca.whitekongsoftware.com\/ca\/wp-json\/wp\/v2\/media?parent=126188"}],"wp:term":[{"taxonomy":"category","embeddable":true,"href":"https:\/\/tucomarca.whitekongsoftware.com\/ca\/wp-json\/wp\/v2\/categories?post=126188"},{"taxonomy":"post_tag","embeddable":true,"href":"https:\/\/tucomarca.whitekongsoftware.com\/ca\/wp-json\/wp\/v2\/tags?post=126188"}],"curies":[{"name":"wp","href":"https:\/\/api.w.org\/{rel}","templated":true}]}}