{"id":126136,"date":"2021-02-10T09:05:00","date_gmt":"2021-02-10T08:05:00","guid":{"rendered":"http:\/\/www.tucomarca.com\/wordpress\/segunda\/?p=126136"},"modified":"2021-02-11T11:22:08","modified_gmt":"2021-02-11T10:22:08","slug":"lajuntament-de-xest-compra-purificadors-daire-per-a-les-installacions-municipals","status":"publish","type":"post","link":"https:\/\/tucomarca.whitekongsoftware.com\/ca\/lajuntament-de-xest-compra-purificadors-daire-per-a-les-installacions-municipals\/","title":{"rendered":"L&#8217;Ajuntament de Xest compra purificadors d&#8217;aire per a les instal\u00b7lacions municipals"},"content":{"rendered":"\n<h4 class=\"wp-block-heading\">Es tracta d&#8217;una mesura per augmentar la seguretat en espais tancats, complement\u00e0ria a la ventilaci\u00f3, la dist\u00e0ncia, la mascareta i la higiene de mans<\/h4>\n\n\n\n<p class=\"wp-block-paragraph\">Les regidories de Medi Ambient i Sanitat han apostat per la compra de 31 aparells purificadors d&#8217;aire per col\u00b7locar en els edificis municipals, amb l&#8217;objectiu d&#8217;augmentar la seguretat i minimitzar el risc de contagis, tant per al personal com per als ve\u00efns i ve\u00efnes que van a fer tr\u00e0mits presencials.<\/p>\n\n\n\n<p class=\"wp-block-paragraph\">&#8220;El m\u00e9s important \u00e9s que els espais estiguin ben ventilats, que les superf\u00edcies estiguin netes i que les persones que estiguin en aquests llocs respectin la dist\u00e0ncia, portin la mascareta en bon estat i posada correctament i es higienicen les mans; no obstant aix\u00f2, creiem que els purificadors s\u00f3n una bona iniciativa per complementar la seguretat de les estades a trav\u00e9s del filtrat de l&#8217;aire i el seu sistema d&#8217;eliminaci\u00f3 de part\u00edcules amb llum ultravioleta&#8221;, ha explicat el regidor de Medi Ambient, David Pujals.<\/p>\n\n\n\n<p class=\"wp-block-paragraph\">Els purificadors s\u00f3n de dos tipus, uns per a espais m\u00e9s grans, amb m\u00e9s capacitat de filtrat, dels que s&#8217;han comprat 10, i altres adequats per a despatxos i llocs m\u00e9s petits, els 21 restants. Tots ells ja s&#8217;han distribu\u00eft a l&#8217;ajuntament, el Centre de Formaci\u00f3 de Persones Adultes, les oficines de Serveis Socials, la seu de la Policia Local i les instal\u00b7lacions de la brigada municipal. En total s&#8217;han invertit prop de 5.000 euros d&#8217;una partida pressupost\u00e0ria destinada a mobiliari.<\/p>\n\n\n\n<p class=\"wp-block-paragraph\">&#8220;Hem fet aquesta xicoteta inversi\u00f3 per sumar seguretat a les estades municipals, amb l&#8217;objectiu de reduir el risc de contagi durant els contactes que es produixen en elles&#8221;, ha apuntat la regidora de Sanitat, M\u00aa \u00c1ngeles Llorente.<\/p>\n","protected":false},"excerpt":{"rendered":"<div class=\"mh-excerpt\">Es tracta d&#8217;una mesura per augmentar la seguretat en espais tancats, complement\u00e0ria a la ventilaci\u00f3, la dist\u00e0ncia, la mascareta i la higiene de mans Les regidories de Medi Ambient i Sanitat han apostat per la <a class=\"mh-excerpt-more\" href=\"https:\/\/tucomarca.whitekongsoftware.com\/ca\/lajuntament-de-xest-compra-purificadors-daire-per-a-les-installacions-municipals\/\" title=\"L&#8217;Ajuntament de Xest compra purificadors d&#8217;aire per a les instal\u00b7lacions municipals\">[+] <\/a><\/div>\n","protected":false},"author":12,"featured_media":126135,"comment_status":"open","ping_status":"open","sticky":false,"template":"","format":"standard","meta":{"footnotes":""},"categories":[11010,12202,10948,10894,10912,10947,10896,10974],"tags":[11222,11939,11940,10914,13487],"class_list":["post-126136","post","type-post","status-publish","format-standard","has-post-thumbnail","category-canal-salud","category-covid-19-ca","category-infraestructuras-ca","category-la-comarca-ca","category-la-hoya-ca","category-politica","category-seccion-ca","category-cheste-ca","tag-ayuntamiento-de-cheste-ca","tag-coronavirus-ca","tag-covid-19-ca","tag-la-hoya-de-bunol-chiva-ca","tag-purificadores-de-aire-ca"],"_links":{"self":[{"href":"https:\/\/tucomarca.whitekongsoftware.com\/ca\/wp-json\/wp\/v2\/posts\/126136","targetHints":{"allow":["GET"]}}],"collection":[{"href":"https:\/\/tucomarca.whitekongsoftware.com\/ca\/wp-json\/wp\/v2\/posts"}],"about":[{"href":"https:\/\/tucomarca.whitekongsoftware.com\/ca\/wp-json\/wp\/v2\/types\/post"}],"author":[{"embeddable":true,"href":"https:\/\/tucomarca.whitekongsoftware.com\/ca\/wp-json\/wp\/v2\/users\/12"}],"replies":[{"embeddable":true,"href":"https:\/\/tucomarca.whitekongsoftware.com\/ca\/wp-json\/wp\/v2\/comments?post=126136"}],"version-history":[{"count":0,"href":"https:\/\/tucomarca.whitekongsoftware.com\/ca\/wp-json\/wp\/v2\/posts\/126136\/revisions"}],"wp:featuredmedia":[{"embeddable":true,"href":"https:\/\/tucomarca.whitekongsoftware.com\/ca\/wp-json\/wp\/v2\/media\/126135"}],"wp:attachment":[{"href":"https:\/\/tucomarca.whitekongsoftware.com\/ca\/wp-json\/wp\/v2\/media?parent=126136"}],"wp:term":[{"taxonomy":"category","embeddable":true,"href":"https:\/\/tucomarca.whitekongsoftware.com\/ca\/wp-json\/wp\/v2\/categories?post=126136"},{"taxonomy":"post_tag","embeddable":true,"href":"https:\/\/tucomarca.whitekongsoftware.com\/ca\/wp-json\/wp\/v2\/tags?post=126136"}],"curies":[{"name":"wp","href":"https:\/\/api.w.org\/{rel}","templated":true}]}}