{"id":126128,"date":"2021-02-10T12:00:00","date_gmt":"2021-02-10T11:00:00","guid":{"rendered":"http:\/\/www.tucomarca.com\/wordpress\/segunda\/?p=126128"},"modified":"2021-02-11T11:30:36","modified_gmt":"2021-02-11T10:30:36","slug":"villargordo-del-cabriel-rep-100-000-euros-per-a-la-millora-del-cicle-integral-de-laigua","status":"publish","type":"post","link":"https:\/\/tucomarca.whitekongsoftware.com\/ca\/villargordo-del-cabriel-rep-100-000-euros-per-a-la-millora-del-cicle-integral-de-laigua\/","title":{"rendered":"Villargordo del Cabriel rep 100.000 euros per a la millora del cicle integral de l&#8217;aigua"},"content":{"rendered":"\n<p class=\"wp-block-paragraph\">L&#8217;\u00e0rea de Medi Ambient de la Diputaci\u00f3 de Val\u00e8ncia ha resolt la convocat\u00f2ria d&#8217;ajudes per a la millora del cicle integral de l&#8217;aigua, inclosa en l&#8217;Estrat\u00e8gia Reacciona, per la que a Villargordo del Cabriel se li ha concedit una subvenci\u00f3 de 100.000 euros.<\/p>\n\n\n\n<p class=\"wp-block-paragraph\">Esta ajuda anir\u00e0 destinada a la construcci\u00f3 de la infraestructura de canalitzaci\u00f3 hidr\u00e0ulica del dep\u00f2sit situat en el Cerro de la Cabeza.<\/p>\n\n\n\n<p class=\"wp-block-paragraph\">D&#8217;altra banda, a Villargordo, li corresponen 24.664 euros del &#8220;Plan Resistir&#8221;, dels quals la Generalitat aportar\u00e0 15.415 euros; l&#8217;Ajuntament 3.700 i finalment, 5.549 euros seran abonats per la Diputaci\u00f3 Provincial de Val\u00e8ncia. Informa, <strong>Luis Ib\u00e1\u00f1ez.<\/strong><\/p>\n","protected":false},"excerpt":{"rendered":"<div class=\"mh-excerpt\">L&#8217;\u00e0rea de Medi Ambient de la Diputaci\u00f3 de Val\u00e8ncia ha resolt la convocat\u00f2ria d&#8217;ajudes per a la millora del cicle integral de l&#8217;aigua, inclosa en l&#8217;Estrat\u00e8gia Reacciona, per la que a Villargordo del Cabriel se <a class=\"mh-excerpt-more\" href=\"https:\/\/tucomarca.whitekongsoftware.com\/ca\/villargordo-del-cabriel-rep-100-000-euros-per-a-la-millora-del-cicle-integral-de-laigua\/\" title=\"Villargordo del Cabriel rep 100.000 euros per a la millora del cicle integral de l&#8217;aigua\">[+] <\/a><\/div>\n","protected":false},"author":12,"featured_media":126127,"comment_status":"open","ping_status":"open","sticky":false,"template":"","format":"standard","meta":{"footnotes":""},"categories":[10905,10948,10894,10903,10947,10909,10896,11061],"tags":[11246,12166,11459,13837],"class_list":["post-126128","post","type-post","status-publish","format-standard","has-post-thumbnail","category-agricultura-la-comarca-ca","category-infraestructuras-ca","category-la-comarca-ca","category-medio-ambiente-la-comarca-ca","category-politica","category-requena-utiel-ca","category-seccion-ca","category-villargordo-del-cabriel-ca","tag-diputacio-de-valencia-ca","tag-medio-ambiente-ca","tag-utiel-requena-ca","tag-villargordo-del-cabriel-ca"],"_links":{"self":[{"href":"https:\/\/tucomarca.whitekongsoftware.com\/ca\/wp-json\/wp\/v2\/posts\/126128","targetHints":{"allow":["GET"]}}],"collection":[{"href":"https:\/\/tucomarca.whitekongsoftware.com\/ca\/wp-json\/wp\/v2\/posts"}],"about":[{"href":"https:\/\/tucomarca.whitekongsoftware.com\/ca\/wp-json\/wp\/v2\/types\/post"}],"author":[{"embeddable":true,"href":"https:\/\/tucomarca.whitekongsoftware.com\/ca\/wp-json\/wp\/v2\/users\/12"}],"replies":[{"embeddable":true,"href":"https:\/\/tucomarca.whitekongsoftware.com\/ca\/wp-json\/wp\/v2\/comments?post=126128"}],"version-history":[{"count":0,"href":"https:\/\/tucomarca.whitekongsoftware.com\/ca\/wp-json\/wp\/v2\/posts\/126128\/revisions"}],"wp:featuredmedia":[{"embeddable":true,"href":"https:\/\/tucomarca.whitekongsoftware.com\/ca\/wp-json\/wp\/v2\/media\/126127"}],"wp:attachment":[{"href":"https:\/\/tucomarca.whitekongsoftware.com\/ca\/wp-json\/wp\/v2\/media?parent=126128"}],"wp:term":[{"taxonomy":"category","embeddable":true,"href":"https:\/\/tucomarca.whitekongsoftware.com\/ca\/wp-json\/wp\/v2\/categories?post=126128"},{"taxonomy":"post_tag","embeddable":true,"href":"https:\/\/tucomarca.whitekongsoftware.com\/ca\/wp-json\/wp\/v2\/tags?post=126128"}],"curies":[{"name":"wp","href":"https:\/\/api.w.org\/{rel}","templated":true}]}}