{"id":126114,"date":"2021-02-10T11:00:00","date_gmt":"2021-02-10T10:00:00","guid":{"rendered":"http:\/\/www.tucomarca.com\/wordpress\/segunda\/?p=126114"},"modified":"2021-02-11T11:27:44","modified_gmt":"2021-02-11T10:27:44","slug":"leliana-ofereix-9-places-de-practiques-dins-del-programa-uvempren-valor-public","status":"publish","type":"post","link":"https:\/\/tucomarca.whitekongsoftware.com\/ca\/leliana-ofereix-9-places-de-practiques-dins-del-programa-uvempren-valor-public\/","title":{"rendered":"L&#8217;Eliana ofereix 9 places de pr\u00e0ctiques dins del programa UVempr\u00e9n Valor P\u00fablic"},"content":{"rendered":"\n<h4 class=\"wp-block-heading\"><strong>L&#8217;Ajuntament busca estudiantat de Grau i M\u00e0ster en les \u00e0rees de psicologia, treball o educaci\u00f3 social, enginyers en telecomunicaci\u00f3, inform\u00e0tica, multim\u00e8dia, telem\u00e0tica, ci\u00e8ncies de dades i comunicaci\u00f3.<\/strong><\/h4>\n\n\n\n<p class=\"wp-block-paragraph\">L&#8217;Ajuntament de l&#8217;Eliana s&#8217;ha sumat a la I Edici\u00f3 del Programa de formaci\u00f3, intraemprenedoria i talent en les Administracions P\u00fabliques (UVempr\u00e9n Valor P\u00fablic) de la Universitat de Val\u00e8ncia, a trav\u00e9s del qual oferir\u00e0 als seus estudiants un total de 9 places per a realitzar pr\u00e0ctiques formatives.<\/p>\n\n\n\n<p class=\"wp-block-paragraph\">El programa busca facilitar, a l&#8217;estudiantat que persegueix accedir i desenvolupar una carrera professional en les AAPP, formaci\u00f3 complement\u00e0ria i experi\u00e8ncia pr\u00e0ctica que permeta la comprensi\u00f3 de la seua estructura organitzativa i de la seua cadena de valor, desenvolupant compet\u00e8ncies i habilitats relacionades amb el la intraemprenedoria i amb l&#8217;impuls d&#8217;un perfil innovador.<\/p>\n\n\n\n<p class=\"wp-block-paragraph\">Les ajudes estan dirigides a alumnat de Grau i M\u00e0ster de la UV i ascendeixen a 250 euros per persona per a cobrir les despeses de despla\u00e7ament al llarg de tot el per\u00edode de pr\u00e0ctiques, que haur\u00e0 de realitzar-se abans del 30 de juny de 2021.&nbsp;<\/p>\n\n\n\n<p class=\"wp-block-paragraph\">D&#8217;aquesta manera s&#8217;oferiran dues places per a l&#8217;\u00e0rea d&#8217;Inf\u00e0ncia i Joventut, destinades a l&#8217;elaboraci\u00f3 d&#8217;un projecte d&#8217;acompanyament per al desenvolupament personal de joves. Per a aix\u00f2, es requereixen perfils de psicologia i treball o educaci\u00f3 social.<\/p>\n\n\n\n<p class=\"wp-block-paragraph\">En l&#8217;\u00e0rea de Cultura un estudiant desenvolupar\u00e0 un pla que integre totes les modalitats i disciplines art\u00edstiques del municipi, instal\u00b7lacions, noves propostes, etc, mentre que en Igualtat es treballar\u00e0 en un projecte intergeneracional que establisca la coeducaci\u00f3 com a eina fonamental. En Educaci\u00f3 Social el programa estar\u00e0 dirigit a l&#8217;acompanyament de majors.<\/p>\n\n\n\n<p class=\"wp-block-paragraph\">Per a Comer\u00e7 es busquen perfils d&#8217;enginyers en telecomunicaci\u00f3, inform\u00e0tica, multim\u00e8dia, telem\u00e0tica i grau en ci\u00e8ncies de dades, capaces de desenvolupar un projecte que potencie el comer\u00e7 local a trav\u00e9s de les noves tecnologies.&nbsp;<\/p>\n\n\n\n<p class=\"wp-block-paragraph\">Per a l&#8217;\u00e0rea de Turisme, un estudiant de geografia posar\u00e0 en valor els espais naturals i culturals del municipi, i finalment en l&#8217;\u00e0rea de Digitalitzaci\u00f3 el pla estar\u00e0 vinculat a les ciutats intel\u00b7ligents Smart City. En aquest \u00faltim cas s&#8217;ofereixen altres dues places a estudiants de telecomunicaci\u00f3, inform\u00e0tica, multim\u00e8dia, telem\u00e0tica, ci\u00e8ncia de dades i comunicaci\u00f3 o periodisme.<\/p>\n\n\n\n<p class=\"wp-block-paragraph\">Per a formalitzar la inscripci\u00f3 en el programa \u00e9s necessari accedir a la web UVempr\u00e9n Valor P\u00fablic, seleccionar en el llistat d&#8217;entitats p\u00fabliques d&#8217;acolliment a l&#8217;Ajuntament de l&#8217;Eliana i triar entre les places oferides. El termini de presentaci\u00f3 de sol\u00b7licituds en la seu electr\u00f2nica de la Universitat de Val\u00e8ncia est\u00e0 obert fins dilluns que ve, 15 de febrer.<\/p>\n\n\n\n<p class=\"wp-block-paragraph\">L&#8217;edil de Pol\u00edtiques de Joventut, Jorge P\u00e9rez Comeche, ha convidat als i les estudiants a acollir-se a una d&#8217;aquestes ajudes per a desenvolupar tot el seu potencial en l&#8217;administraci\u00f3 local, al mateix temps que contribuir a augmentar el seu valor p\u00fablic i generar solucions innovadores per als desafiaments dels Objectius de Desenvolupament Sostenible (ODS).<\/p>\n","protected":false},"excerpt":{"rendered":"<div class=\"mh-excerpt\">L&#8217;Ajuntament busca estudiantat de Grau i M\u00e0ster en les \u00e0rees de psicologia, treball o educaci\u00f3 social, enginyers en telecomunicaci\u00f3, inform\u00e0tica, multim\u00e8dia, telem\u00e0tica, ci\u00e8ncies de dades i comunicaci\u00f3. L&#8217;Ajuntament de l&#8217;Eliana s&#8217;ha sumat a la I <a class=\"mh-excerpt-more\" href=\"https:\/\/tucomarca.whitekongsoftware.com\/ca\/leliana-ofereix-9-places-de-practiques-dins-del-programa-uvempren-valor-public\/\" title=\"L&#8217;Eliana ofereix 9 places de pr\u00e0ctiques dins del programa UVempr\u00e9n Valor P\u00fablic\">[+] <\/a><\/div>\n","protected":false},"author":12,"featured_media":126113,"comment_status":"open","ping_status":"open","sticky":false,"template":"","format":"standard","meta":{"footnotes":""},"categories":[10892,10948,10894,10893,10947,10896],"tags":[10395,1507,10433,940,13826],"class_list":["post-126114","post","type-post","status-publish","format-standard","has-post-thumbnail","category-camp-de-turia-ca","category-infraestructuras-ca","category-la-comarca-ca","category-leliana-ca","category-politica","category-seccion-ca","tag-camp-de-turia","tag-juventud","tag-leliana","tag-practicas","tag-uvempren-valor-publico"],"_links":{"self":[{"href":"https:\/\/tucomarca.whitekongsoftware.com\/ca\/wp-json\/wp\/v2\/posts\/126114","targetHints":{"allow":["GET"]}}],"collection":[{"href":"https:\/\/tucomarca.whitekongsoftware.com\/ca\/wp-json\/wp\/v2\/posts"}],"about":[{"href":"https:\/\/tucomarca.whitekongsoftware.com\/ca\/wp-json\/wp\/v2\/types\/post"}],"author":[{"embeddable":true,"href":"https:\/\/tucomarca.whitekongsoftware.com\/ca\/wp-json\/wp\/v2\/users\/12"}],"replies":[{"embeddable":true,"href":"https:\/\/tucomarca.whitekongsoftware.com\/ca\/wp-json\/wp\/v2\/comments?post=126114"}],"version-history":[{"count":0,"href":"https:\/\/tucomarca.whitekongsoftware.com\/ca\/wp-json\/wp\/v2\/posts\/126114\/revisions"}],"wp:featuredmedia":[{"embeddable":true,"href":"https:\/\/tucomarca.whitekongsoftware.com\/ca\/wp-json\/wp\/v2\/media\/126113"}],"wp:attachment":[{"href":"https:\/\/tucomarca.whitekongsoftware.com\/ca\/wp-json\/wp\/v2\/media?parent=126114"}],"wp:term":[{"taxonomy":"category","embeddable":true,"href":"https:\/\/tucomarca.whitekongsoftware.com\/ca\/wp-json\/wp\/v2\/categories?post=126114"},{"taxonomy":"post_tag","embeddable":true,"href":"https:\/\/tucomarca.whitekongsoftware.com\/ca\/wp-json\/wp\/v2\/tags?post=126114"}],"curies":[{"name":"wp","href":"https:\/\/api.w.org\/{rel}","templated":true}]}}