{"id":126051,"date":"2021-02-09T11:00:00","date_gmt":"2021-02-09T10:00:00","guid":{"rendered":"http:\/\/www.tucomarca.com\/wordpress\/segunda\/?p=126051"},"modified":"2021-02-09T21:39:04","modified_gmt":"2021-02-09T20:39:04","slug":"mes-de-1-120-families-dutiel-es-beneficien-de-la-campanya-de-vals-descompte-de-mi-cuenta-ambiental-del-consorci","status":"publish","type":"post","link":"https:\/\/tucomarca.whitekongsoftware.com\/ca\/mes-de-1-120-families-dutiel-es-beneficien-de-la-campanya-de-vals-descompte-de-mi-cuenta-ambiental-del-consorci\/","title":{"rendered":"M\u00e9s de 1.120 fam\u00edlies d&#8217;Utiel es beneficien de la campanya de vals descompte de Mi Cuenta Ambiental del Consorci"},"content":{"rendered":"\n<h4 class=\"wp-block-heading\">El Consorci&nbsp;Val\u00e8ncia Interior&nbsp;ha lliurat&nbsp;14.115&nbsp;euros en&nbsp;tiquets&nbsp;que la ciutadania ha&nbsp;canviat&nbsp;en m\u00e9s de&nbsp;120&nbsp;comer\u00e7oslocals<\/h4>\n\n\n\n<p class=\"wp-block-paragraph\">El Consorci Val\u00e8ncia Interior (CVI) ha finalitzat amb \u00e8xit la campanya de Mi Cuenta Ambiental a Utiel on s&#8217;han lliurat un total de 2.823 vals descompte a 1.121 fam\u00edlies de la localitat. En total, el CVI ha lliurat 14.115 euros que han alleujat l&#8217;economia de la ciutadania d&#8217;Utiel en plena campanya nadalenca.<\/p>\n\n\n\n<p class=\"wp-block-paragraph\">D&#8217;aquesta manera, es pret\u00e9n premiar l&#8217;esfor\u00e7 de la ciutadania que ha reciclat correctament durant l&#8217;any, gr\u00e0cies a la campanya meu Compte ambiental. Els ve\u00efns i ve\u00efnes que han anat dipositant durant l&#8217;any els residus en l&#8217;ecoparc i el ecom\u00f3vil adequadament, s\u00f3n els beneficiaris dels vals descompte de la campanya. Amb els tiquets lliurats s&#8217;ha pogut pagar en m\u00e9s de 120 establiments d&#8217;Utiel adherits a la campanya.<\/p>\n\n\n\n<p class=\"wp-block-paragraph\">Aquest any, la campanya t\u00e9 una particularitat causa del COVID-19. Per aix\u00f2, es va establir una cita pr\u00e8via perqu\u00e8 els ve\u00efns i ve\u00efnes puguen recollir els seus vals amb comoditat i sense aglomeracions i respectant totes les mesures de seguretat.<\/p>\n\n\n\n<p class=\"wp-block-paragraph\">Per informar a la ciutadania sobre la recollida de vals es van desenvolupar durant el mes de desembre tres accions d&#8217;educaci\u00f3 ambiental a la pla\u00e7a Porta de Sol d&#8217;Utiel amb la intenci\u00f3 que tota la informaci\u00f3 de la campanya arrib\u00e9s adequadament a la ciutadania.<\/p>\n\n\n\n<p class=\"wp-block-paragraph\">La iniciativa comercial de la campanya meu Compte Ambiental est\u00e0 consolidada i amb ella es pret\u00e9n unir el bon comportament mediambiental amb l&#8217;impuls a el comer\u00e7 local. I \u00e9s que els comerciants porten anys col\u00b7laborant activament amb aquesta tasca de reconeixement a les persones d&#8217;Utiel que ajuden a aconseguir millors resultats mediambientals en les instal\u00b7lacions de valoritzaci\u00f3 de residus dom\u00e8stics de el Consorci Val\u00e8ncia Interior.<\/p>\n","protected":false},"excerpt":{"rendered":"<div class=\"mh-excerpt\">El Consorci&nbsp;Val\u00e8ncia Interior&nbsp;ha lliurat&nbsp;14.115&nbsp;euros en&nbsp;tiquets&nbsp;que la ciutadania ha&nbsp;canviat&nbsp;en m\u00e9s de&nbsp;120&nbsp;comer\u00e7oslocals El Consorci Val\u00e8ncia Interior (CVI) ha finalitzat amb \u00e8xit la campanya de Mi Cuenta Ambiental a Utiel on s&#8217;han lliurat un total de 2.823 vals <a class=\"mh-excerpt-more\" href=\"https:\/\/tucomarca.whitekongsoftware.com\/ca\/mes-de-1-120-families-dutiel-es-beneficien-de-la-campanya-de-vals-descompte-de-mi-cuenta-ambiental-del-consorci\/\" title=\"M\u00e9s de 1.120 fam\u00edlies d&#8217;Utiel es beneficien de la campanya de vals descompte de Mi Cuenta Ambiental del Consorci\">[+] <\/a><\/div>\n","protected":false},"author":12,"featured_media":126047,"comment_status":"open","ping_status":"open","sticky":false,"template":"","format":"standard","meta":{"footnotes":""},"categories":[12202,10898,10948,10894,10903,10909,10896,11059],"tags":[11117,11939,11940,11305,12727,11174,11459],"class_list":["post-126051","post","type-post","status-publish","format-standard","has-post-thumbnail","category-covid-19-ca","category-ventana-ca","category-infraestructuras-ca","category-la-comarca-ca","category-medio-ambiente-la-comarca-ca","category-requena-utiel-ca","category-seccion-ca","category-utiel-ca","tag-consorcio-valencia-interior-ca","tag-coronavirus-ca","tag-covid-19-ca","tag-cvi-ca","tag-mi-cuenta-ambiental-ca","tag-utiel-ca","tag-utiel-requena-ca"],"_links":{"self":[{"href":"https:\/\/tucomarca.whitekongsoftware.com\/ca\/wp-json\/wp\/v2\/posts\/126051","targetHints":{"allow":["GET"]}}],"collection":[{"href":"https:\/\/tucomarca.whitekongsoftware.com\/ca\/wp-json\/wp\/v2\/posts"}],"about":[{"href":"https:\/\/tucomarca.whitekongsoftware.com\/ca\/wp-json\/wp\/v2\/types\/post"}],"author":[{"embeddable":true,"href":"https:\/\/tucomarca.whitekongsoftware.com\/ca\/wp-json\/wp\/v2\/users\/12"}],"replies":[{"embeddable":true,"href":"https:\/\/tucomarca.whitekongsoftware.com\/ca\/wp-json\/wp\/v2\/comments?post=126051"}],"version-history":[{"count":0,"href":"https:\/\/tucomarca.whitekongsoftware.com\/ca\/wp-json\/wp\/v2\/posts\/126051\/revisions"}],"wp:featuredmedia":[{"embeddable":true,"href":"https:\/\/tucomarca.whitekongsoftware.com\/ca\/wp-json\/wp\/v2\/media\/126047"}],"wp:attachment":[{"href":"https:\/\/tucomarca.whitekongsoftware.com\/ca\/wp-json\/wp\/v2\/media?parent=126051"}],"wp:term":[{"taxonomy":"category","embeddable":true,"href":"https:\/\/tucomarca.whitekongsoftware.com\/ca\/wp-json\/wp\/v2\/categories?post=126051"},{"taxonomy":"post_tag","embeddable":true,"href":"https:\/\/tucomarca.whitekongsoftware.com\/ca\/wp-json\/wp\/v2\/tags?post=126051"}],"curies":[{"name":"wp","href":"https:\/\/api.w.org\/{rel}","templated":true}]}}