{"id":125952,"date":"2021-02-08T07:07:00","date_gmt":"2021-02-08T06:07:00","guid":{"rendered":"http:\/\/www.tucomarca.com\/wordpress\/segunda\/?p=125952"},"modified":"2021-02-08T22:23:41","modified_gmt":"2021-02-08T21:23:41","slug":"el-pcpv-eupv-foia-de-bunyol-xiva-i-dutiel-requena-dona-suport-a-la-convocatoria-de-mobilitzacio-per-la-pujada-del-salari-minim-interprofessional","status":"publish","type":"post","link":"https:\/\/tucomarca.whitekongsoftware.com\/ca\/el-pcpv-eupv-foia-de-bunyol-xiva-i-dutiel-requena-dona-suport-a-la-convocatoria-de-mobilitzacio-per-la-pujada-del-salari-minim-interprofessional\/","title":{"rendered":"El PCPV-EUPV Foia de Bunyol-Xiva i d&#8217;Utiel-Requena d\u00f3na suport a la convocat\u00f2ria de mobilitzaci\u00f3 per la pujada del Salari M\u00ednim Interprofessional"},"content":{"rendered":"\n<p class=\"wp-block-paragraph\">Els sindicats de classe CCOO i UGT han convocat per aquest proper dijous 11 de febrer una jornada de lluita per reclamar que el govern aprove la pujada de l&#8217;Salari M\u00ednim Interprofessional, la derogaci\u00f3 de la reforma laboral i en defensa de les pensions, perqu\u00e8 no es introdueixin reformes que dificulten l&#8217;acc\u00e9s a les pensions p\u00fabliques i representin amenaces per reduir la quantia de les pensions contributives.<\/p>\n\n\n\n<p class=\"wp-block-paragraph\">La jornada de mobilitzaci\u00f3 i de lluita consistir\u00e0 en la realitzaci\u00f3 de concentracions de treballadors i els sindicats aquest dimecres davant de les delegacions de govern de totes les comunitats aut\u00f2nomes. A Val\u00e8ncia la concentraci\u00f3 davant delegaci\u00f3 de govern es produir\u00e0 a les 12 del migdia.<\/p>\n\n\n\n<p class=\"wp-block-paragraph\">El Partit Comunista del Pa\u00eds Valenci\u00e0-PCE i EUPV donem suport plenament aquestes reivindicacions en defensa de la classe treballadora. Cal que el govern acorde i a la pujada del SMI en un moment en qu\u00e8 gran part de les treballadores i treballadors estan sotmesos a relacions laborals de precarietat i amb salaris de pobresa. Cal que el SMI, que afecta tota la classe treballadora que rep menys de 13.000 euros anuals en els seus salaris i que s\u00f3n milions de persones, puge fins al menys els 1200 euros a l&#8217;mes. Com afirma Yolanda D\u00edaz, ministre de treball i militant comunista, amb els 950 euros actuals de SMI no es pot viure i \u00e0mplia la pobresa al nostre pa\u00eds, a m\u00e9s quan s&#8217;ha aprovat les pujades dels salaris dels funcionaris i de les pensions no \u00e9s just que seguisca congelat el SMI. Aix\u00ed mateix s&#8217;exigeix \u200b\u200bla derogaci\u00f3 de la reforma laboral de 2012 aprovada pel govern de PP i que per l&#8217;\u00fanic que ha servit \u00e9s per precaritzar l&#8217;ocupaci\u00f3, abusar dels contractes temporals i restar el poder de negociaci\u00f3 col\u00b7lectiva als sindicats, individualitzant les relacions laborals entre treballadors i empresaris, una reforma neoliberal que pretenia i est\u00e0 aconseguint desprotegir m\u00e9s i m\u00e9s a milions de treballadors. Finalment es reivindica que fora de l&#8217;acord del Pacte de Toledo no intente el ministre de la Seguretat social endurir l&#8217;acc\u00e9s a les pensions contributives i introduir factors que tendeixen a la reducci\u00f3 de la quantia de les pensions, proposant reformes com l&#8217;ampliaci\u00f3 a 35 anys per al c\u00e0lcul de diners a rebre pels treballadors en la seua pensi\u00f3 quan es jubilen.<\/p>\n\n\n\n<p class=\"wp-block-paragraph\">Els ministeris de l&#8217;\u00e0rea econ\u00f2mica de govern estan posant fre als drets de la classe treballadora i tot i que des del Ministeri de Treball s&#8217;han aprovat m\u00e9s de 725.000 ERTES per protegir els treballadors i treballadores dels acomiadaments, a el menys mentre duri l&#8217;Estat d&#8217;Alarma, altres reformes com la pujada de l&#8217;SMI, la nova reforma laboral amb la derogaci\u00f3 de la reforma laboral de l&#8217;any 2012 i la protecci\u00f3 dels drets adquirits dels i les pensionistes s&#8217;estan incomplint per l&#8217;orientaci\u00f3 neoliberal i m\u00e9s favorable a les patronals de els ministeris d&#8217;economia, hisenda i seguretat social.<\/p>\n\n\n\n<p class=\"wp-block-paragraph\">\u00c9s necess\u00e0ria la mobilitzaci\u00f3 social i laboral, encara en aquestes condicions tan dif\u00edcils que imposa la pand\u00e8mia, perqu\u00e8 els acords de l&#8217;pacte progressista de govern PSOE-UP han de complir-se quan abans davant la lamentable situaci\u00f3 per la qual est\u00e0 passant la classe treballadora i sectors populars de la societat.<\/p>\n\n\n\n<p class=\"wp-block-paragraph\">Fem una crida des del PCE i des d&#8217;EUPV a secundar les mobilitzacions de dijous 11 de febrer, sempre respectant les mesures sanit\u00e0ries de seguretat, bra\u00e7 a bra\u00e7 amb els sindicats de classe, sempre al costat de la classe treballadora i altres capes populars de la societat. D&#8217;aquesta crisi si es surt per\u00f2 nom\u00e9s amb major just\u00edcia social i major igualtat.<\/p>\n\n\n\n<p class=\"wp-block-paragraph\">ARA S\u00cd TOCA! \u00a1PUJADA JA DEL SMI! \u00a1DEROGACI\u00d3 DE LA REFORMA LABORAL DEL PP! \u00a1LES PENSIONS ES DEFENSEN!<\/p>\n","protected":false},"excerpt":{"rendered":"<div class=\"mh-excerpt\">Els sindicats de classe CCOO i UGT han convocat per aquest proper dijous 11 de febrer una jornada de lluita per reclamar que el govern aprove la pujada de l&#8217;Salari M\u00ednim Interprofessional, la derogaci\u00f3 de <a class=\"mh-excerpt-more\" href=\"https:\/\/tucomarca.whitekongsoftware.com\/ca\/el-pcpv-eupv-foia-de-bunyol-xiva-i-dutiel-requena-dona-suport-a-la-convocatoria-de-mobilitzacio-per-la-pujada-del-salari-minim-interprofessional\/\" title=\"El PCPV-EUPV Foia de Bunyol-Xiva i d&#8217;Utiel-Requena d\u00f3na suport a la convocat\u00f2ria de mobilitzaci\u00f3 per la pujada del Salari M\u00ednim Interprofessional\">[+] <\/a><\/div>\n","protected":false},"author":12,"featured_media":125951,"comment_status":"open","ping_status":"open","sticky":false,"template":"","format":"standard","meta":{"footnotes":""},"categories":[10911,10894,10912,10947,10908,10909,10896,10979,11059,10974,10975],"tags":[11530,13809,13810,12127],"class_list":["post-125952","post","type-post","status-publish","format-standard","has-post-thumbnail","category-bunol-ca","category-la-comarca-ca","category-la-hoya-ca","category-politica","category-requena-ca","category-requena-utiel-ca","category-seccion-ca","category-siete-aguas-ca","category-utiel-ca","category-cheste-ca","category-chiva-ca","tag-ccoo-ca","tag-pcpv-eupv-ca","tag-salario-minimo-interprofesional-ca","tag-ugt-ca"],"_links":{"self":[{"href":"https:\/\/tucomarca.whitekongsoftware.com\/ca\/wp-json\/wp\/v2\/posts\/125952","targetHints":{"allow":["GET"]}}],"collection":[{"href":"https:\/\/tucomarca.whitekongsoftware.com\/ca\/wp-json\/wp\/v2\/posts"}],"about":[{"href":"https:\/\/tucomarca.whitekongsoftware.com\/ca\/wp-json\/wp\/v2\/types\/post"}],"author":[{"embeddable":true,"href":"https:\/\/tucomarca.whitekongsoftware.com\/ca\/wp-json\/wp\/v2\/users\/12"}],"replies":[{"embeddable":true,"href":"https:\/\/tucomarca.whitekongsoftware.com\/ca\/wp-json\/wp\/v2\/comments?post=125952"}],"version-history":[{"count":0,"href":"https:\/\/tucomarca.whitekongsoftware.com\/ca\/wp-json\/wp\/v2\/posts\/125952\/revisions"}],"wp:featuredmedia":[{"embeddable":true,"href":"https:\/\/tucomarca.whitekongsoftware.com\/ca\/wp-json\/wp\/v2\/media\/125951"}],"wp:attachment":[{"href":"https:\/\/tucomarca.whitekongsoftware.com\/ca\/wp-json\/wp\/v2\/media?parent=125952"}],"wp:term":[{"taxonomy":"category","embeddable":true,"href":"https:\/\/tucomarca.whitekongsoftware.com\/ca\/wp-json\/wp\/v2\/categories?post=125952"},{"taxonomy":"post_tag","embeddable":true,"href":"https:\/\/tucomarca.whitekongsoftware.com\/ca\/wp-json\/wp\/v2\/tags?post=125952"}],"curies":[{"name":"wp","href":"https:\/\/api.w.org\/{rel}","templated":true}]}}