{"id":125872,"date":"2021-02-08T09:00:00","date_gmt":"2021-02-08T08:00:00","guid":{"rendered":"http:\/\/www.tucomarca.com\/wordpress\/segunda\/?p=125872"},"modified":"2021-02-08T10:43:27","modified_gmt":"2021-02-08T09:43:27","slug":"la-do-valencia-dona-la-qualificacio-de-excellent-a-lany-de-2020","status":"publish","type":"post","link":"https:\/\/tucomarca.whitekongsoftware.com\/ca\/la-do-valencia-dona-la-qualificacio-de-excellent-a-lany-de-2020\/","title":{"rendered":"La DO Val\u00e8ncia d\u00f3na la qualificaci\u00f3 de \u201cexcel\u00b7lent\u201d a l&#8217;any de 2020"},"content":{"rendered":"\n<h4 class=\"wp-block-heading\"><strong>L&#8217;elevada qualitat dels vins afavorir\u00e0 la seua comercialitzaci\u00f3<\/strong><\/h4>\n\n\n\n<p class=\"wp-block-paragraph\">El Consell Regulador de la Denominaci\u00f3 d&#8217;Origen Protegida Val\u00e8ncia ha qualificat d'&#8221;Excel\u00b7lent&#8221; l&#8217;anyada 2020, despr\u00e9s de l&#8217;avaluaci\u00f3 dels vins de les diferents subzones d&#8217;aquesta denominaci\u00f3, per part dels seus en\u00f2legs.<\/p>\n\n\n\n<p class=\"wp-block-paragraph\">Per al president de la DOP Val\u00e8ncia, Cosme Guti\u00e9rrez, es tracta d&#8217;una magn\u00edfica not\u00edcia &#8220;ja que des 2016 no es veia una collita tan excepcional&#8221;. A m\u00e9s, aquest any donat el context tan complicat que estem vivint a conseq\u00fc\u00e8ncia de la crisi sanit\u00e0ria, &#8220;aquesta excel\u00b7lent qualificaci\u00f3 de l&#8217;anyada, \u00e9s sens dubte un argument molt positiu a l&#8217;hora de comercialitzar els nostres vins, que ixen a la venda amb una qualitat excepcional&#8221;, ha assegurat.<\/p>\n\n\n\n<p class=\"wp-block-paragraph\">En aquest sentit, cal recordar que &#8220;aquest any la climatologia s&#8217;ha comportat d&#8217;una forma molt \u00f2ptima per a les vinyes. A aix\u00f2 se suma el gran treball dels viticultors i cellerers, que amb el seu esfor\u00e7 i passi\u00f3 han aconseguit que els nostres isquen al mercat al mercat amb una gran qualitat&#8221;, ha afegit. Informa, <strong>Luis Ib\u00e1\u00f1ez.<\/strong><\/p>\n","protected":false},"excerpt":{"rendered":"<div class=\"mh-excerpt\">L&#8217;elevada qualitat dels vins afavorir\u00e0 la seua comercialitzaci\u00f3 El Consell Regulador de la Denominaci\u00f3 d&#8217;Origen Protegida Val\u00e8ncia ha qualificat d&#8217;&#8221;Excel\u00b7lent&#8221; l&#8217;anyada 2020, despr\u00e9s de l&#8217;avaluaci\u00f3 dels vins de les diferents subzones d&#8217;aquesta denominaci\u00f3, per part <a class=\"mh-excerpt-more\" href=\"https:\/\/tucomarca.whitekongsoftware.com\/ca\/la-do-valencia-dona-la-qualificacio-de-excellent-a-lany-de-2020\/\" title=\"La DO Val\u00e8ncia d\u00f3na la qualificaci\u00f3 de \u201cexcel\u00b7lent\u201d a l&#8217;any de 2020\">[+] <\/a><\/div>\n","protected":false},"author":12,"featured_media":125871,"comment_status":"open","ping_status":"open","sticky":false,"template":"","format":"standard","meta":{"footnotes":""},"categories":[10905,11006,10977,10894,10904,10912,10902,11007,10908,10909,10896,11047,11059,10974],"tags":[13786,13787,12985,10914,10910,11356],"class_list":["post-125872","post","type-post","status-publish","format-standard","has-post-thumbnail","category-agricultura-la-comarca-ca","category-canal-vinos","category-godelleta-ca","category-la-comarca-ca","category-sin-categorizar-ca","category-la-hoya-ca","category-la-ribera-ca","category-ocio-y-cultura-ca","category-requena-ca","category-requena-utiel-ca","category-seccion-ca","category-turis-ca","category-utiel-ca","category-cheste-ca","tag-anada-2020-ca","tag-consejo-regulador-de-la-denominacion-de-origen-protegida-valencia-ca","tag-d-o-valencia-ca","tag-la-hoya-de-bunol-chiva-ca","tag-requena-utiel-ca","tag-ribera-alta-ca"],"_links":{"self":[{"href":"https:\/\/tucomarca.whitekongsoftware.com\/ca\/wp-json\/wp\/v2\/posts\/125872","targetHints":{"allow":["GET"]}}],"collection":[{"href":"https:\/\/tucomarca.whitekongsoftware.com\/ca\/wp-json\/wp\/v2\/posts"}],"about":[{"href":"https:\/\/tucomarca.whitekongsoftware.com\/ca\/wp-json\/wp\/v2\/types\/post"}],"author":[{"embeddable":true,"href":"https:\/\/tucomarca.whitekongsoftware.com\/ca\/wp-json\/wp\/v2\/users\/12"}],"replies":[{"embeddable":true,"href":"https:\/\/tucomarca.whitekongsoftware.com\/ca\/wp-json\/wp\/v2\/comments?post=125872"}],"version-history":[{"count":0,"href":"https:\/\/tucomarca.whitekongsoftware.com\/ca\/wp-json\/wp\/v2\/posts\/125872\/revisions"}],"wp:featuredmedia":[{"embeddable":true,"href":"https:\/\/tucomarca.whitekongsoftware.com\/ca\/wp-json\/wp\/v2\/media\/125871"}],"wp:attachment":[{"href":"https:\/\/tucomarca.whitekongsoftware.com\/ca\/wp-json\/wp\/v2\/media?parent=125872"}],"wp:term":[{"taxonomy":"category","embeddable":true,"href":"https:\/\/tucomarca.whitekongsoftware.com\/ca\/wp-json\/wp\/v2\/categories?post=125872"},{"taxonomy":"post_tag","embeddable":true,"href":"https:\/\/tucomarca.whitekongsoftware.com\/ca\/wp-json\/wp\/v2\/tags?post=125872"}],"curies":[{"name":"wp","href":"https:\/\/api.w.org\/{rel}","templated":true}]}}