{"id":125859,"date":"2021-02-07T18:00:00","date_gmt":"2021-02-07T17:00:00","guid":{"rendered":"http:\/\/www.tucomarca.com\/wordpress\/segunda\/?p=125859"},"modified":"2021-02-08T10:39:06","modified_gmt":"2021-02-08T09:39:06","slug":"la-comunitat-valenciana-registra-2-048-nous-casos-de-coronavirus-i-52-morts","status":"publish","type":"post","link":"https:\/\/tucomarca.whitekongsoftware.com\/ca\/la-comunitat-valenciana-registra-2-048-nous-casos-de-coronavirus-i-52-morts\/","title":{"rendered":"La Comunitat Valenciana registra 2.048 nous casos de coronavirus i 52 morts"},"content":{"rendered":"\n<h4 class=\"wp-block-heading\"><strong>Nous positius per prov\u00edncies: 263 a Castell\u00f3, 1.358 a Alacant, 1.496 en la prov\u00edncia de Val\u00e8ncia<\/strong><\/h4>\n\n\n\n<p class=\"wp-block-paragraph\">La Comunitat Valenciana ha registrat 2.048 casos nous de coronavirus confirmats per prova PCR o mitjan\u00e7ant test d&#8217;ant\u00edgens des de l&#8217;\u00faltima actualitzaci\u00f3, que situen la xifra total de positius en 346.146 persones. Per prov\u00edncies, la distribuci\u00f3 de nous positius \u00e9s la seg\u00fcent: 69 a Castell\u00f3 (35.230 en total), 777 a Alacant (129.920 en total) i 1.175 a la prov\u00edncia de Val\u00e8ncia (180.965 en total). A m\u00e9s, s&#8217;han registrat 27 casos sense assignar, de manera que el total de casos no assignats ascendeix a 31.<\/p>\n\n\n\n<p class=\"wp-block-paragraph\">Tamb\u00e9 s&#8217;han registrat 52 morts per coronavirus des de l&#8217;\u00faltima actualitzaci\u00f3, de manera que el total de defuncions des de l&#8217;inici de la pand\u00e8mia \u00e9s de 5.423 persones: 646 a la prov\u00edncia de Castell\u00f3, 1.997 a la d&#8217;Alacant i 2.780 a la de Val\u00e8ncia.<\/p>\n\n\n\n<p class=\"wp-block-paragraph\">Els hospitals valencians tenen, actualment, 3.651 persones ingressades: 355 a la prov\u00edncia de Castell\u00f3, amb 56 pacients en UCI; 1.397 a la prov\u00edncia d&#8217;Alacant, 235 d&#8217;ells a l&#8217;UCI; i 1.899 a la prov\u00edncia de Val\u00e8ncia, 332 d&#8217;ells a UCI.<\/p>\n\n\n\n<p class=\"wp-block-paragraph\"><strong>Actualitzaci\u00f3 brots de coronavirus<\/strong><\/p>\n\n\n\n<p class=\"wp-block-paragraph\">S&#8217;han registrat 41 brots des de l&#8217;\u00faltima actualitzaci\u00f3: 9 a la prov\u00edncia d&#8217;Alacant, 4 a la prov\u00edncia de Castell\u00f3 i 28 a la prov\u00edncia de Val\u00e8ncia.<\/p>\n\n\n\n<ul class=\"wp-block-list\"><li>Massamagrell: 3 casos. Origen social<\/li><li> Alaqu\u00e0s: 10 casos. Origen social<\/li><li>Val\u00e8ncia: 4 casos. Origen social<\/li><li>Almenara: 5 casos. Origen social<\/li><li>Almorad\u00ed: 3 casos. \u00c1mbito educativo<\/li><li>Borriana: 3 casos. \u00c1mbito educativo<\/li><li>Val\u00e8ncia: 3 casos. Origen social<\/li><li>Paiporta: 3 casos: \u00c1mbito educativo<\/li><li>Orihuela: 5 casos. \u00c1mbito educativo<\/li><li>Val\u00e8ncia: 3 casos. Origen social<\/li><li>Pobla de Farnals: 3 casos. Origen social<\/li><li>Benej\u00fazar: 5 casos. \u00c1mbito educativo<\/li><li>Val\u00e8ncia: 6 casos. Origen social<\/li><li>Teulada: 5 casos. Origen social<\/li><li>Onda: 4 casos. \u00c1mbito educativo<\/li><li>Almorad\u00ed: 3 casos. Origen laboral<\/li><li>Petrer: 3 casos. \u00c1mbito educativo<\/li><li>Massanassa: 5 casos. Origen social<\/li><li>Castell\u00f3 de la Plana: 3 casos. \u00c1mbito educativo<\/li><li>X\u00e0bia: 4 casos. Origen social<\/li><li>Sueca: 5 casos. Origen social<\/li><li>Silla: 6 casos. \u00c1mbito educativo<\/li><li>Alc\u00e0sser: 4 casos. \u00c1mbito educativo<\/li><li>Almorad\u00ed: 7 casos. \u00c1mbito educativo<\/li><li>Picassent: 7 casos. Origen laboral<\/li><li>Massamagrell: 4 casos. Origen social<\/li><li>Catarroja: 3 casos. \u00c1mbito educativo<\/li><li>Gata de Gorgos: 5 casos. Origen social<\/li><li>Catarroja: 5 casos. \u00c1mbito educativo<\/li><li>Val\u00e8ncia: 3 casos. Origen social<\/li><li>Val\u00e8ncia: 5 casos. Origen social<\/li><li>Rafelbunyol: 3 casos. \u00c1mbito educativo<\/li><li>Val\u00e8ncia: 4 casos. \u00c1mbito educativo<\/li><li>Val\u00e8ncia: 5 casos. Origen social<\/li><li>Val\u00e8ncia: 6 casos. Origen social<\/li><li>Val\u00e8ncia: 10 casos. Origen social<\/li><li>Val\u00e8ncia: 4 casos. Origen laboral<\/li><li>Val\u00e8ncia: 4 casos. Origen social<\/li><li>Val\u00e8ncia: 6 casos. Origen social<\/li><li>Val\u00e8ncia: 3 casos. \u00c1mbito educativo<\/li><li>Godella: 6 casos. Origen laboral<\/li><\/ul>\n","protected":false},"excerpt":{"rendered":"<div class=\"mh-excerpt\">Nous positius per prov\u00edncies: 263 a Castell\u00f3, 1.358 a Alacant, 1.496 en la prov\u00edncia de Val\u00e8ncia La Comunitat Valenciana ha registrat 2.048 casos nous de coronavirus confirmats per prova PCR o mitjan\u00e7ant test d&#8217;ant\u00edgens des <a class=\"mh-excerpt-more\" href=\"https:\/\/tucomarca.whitekongsoftware.com\/ca\/la-comunitat-valenciana-registra-2-048-nous-casos-de-coronavirus-i-52-morts\/\" title=\"La Comunitat Valenciana registra 2.048 nous casos de coronavirus i 52 morts\">[+] <\/a><\/div>\n","protected":false},"author":12,"featured_media":119483,"comment_status":"open","ping_status":"open","sticky":false,"template":"","format":"standard","meta":{"footnotes":""},"categories":[11010,12202,10898,10894,10904,10947,10896,10897],"tags":[12165,11939,11940,13477],"class_list":["post-125859","post","type-post","status-publish","format-standard","has-post-thumbnail","category-canal-salud","category-covid-19-ca","category-ventana-ca","category-la-comarca-ca","category-sin-categorizar-ca","category-politica","category-seccion-ca","category-sucesos-la-comarca-ca","tag-conselleria-de-sanitat-ca","tag-coronavirus-ca","tag-covid-19-ca","tag-datos-de-contagios-ca"],"_links":{"self":[{"href":"https:\/\/tucomarca.whitekongsoftware.com\/ca\/wp-json\/wp\/v2\/posts\/125859","targetHints":{"allow":["GET"]}}],"collection":[{"href":"https:\/\/tucomarca.whitekongsoftware.com\/ca\/wp-json\/wp\/v2\/posts"}],"about":[{"href":"https:\/\/tucomarca.whitekongsoftware.com\/ca\/wp-json\/wp\/v2\/types\/post"}],"author":[{"embeddable":true,"href":"https:\/\/tucomarca.whitekongsoftware.com\/ca\/wp-json\/wp\/v2\/users\/12"}],"replies":[{"embeddable":true,"href":"https:\/\/tucomarca.whitekongsoftware.com\/ca\/wp-json\/wp\/v2\/comments?post=125859"}],"version-history":[{"count":0,"href":"https:\/\/tucomarca.whitekongsoftware.com\/ca\/wp-json\/wp\/v2\/posts\/125859\/revisions"}],"wp:featuredmedia":[{"embeddable":true,"href":"https:\/\/tucomarca.whitekongsoftware.com\/ca\/wp-json\/wp\/v2\/media\/119483"}],"wp:attachment":[{"href":"https:\/\/tucomarca.whitekongsoftware.com\/ca\/wp-json\/wp\/v2\/media?parent=125859"}],"wp:term":[{"taxonomy":"category","embeddable":true,"href":"https:\/\/tucomarca.whitekongsoftware.com\/ca\/wp-json\/wp\/v2\/categories?post=125859"},{"taxonomy":"post_tag","embeddable":true,"href":"https:\/\/tucomarca.whitekongsoftware.com\/ca\/wp-json\/wp\/v2\/tags?post=125859"}],"curies":[{"name":"wp","href":"https:\/\/api.w.org\/{rel}","templated":true}]}}