{"id":125713,"date":"2021-02-04T19:10:00","date_gmt":"2021-02-04T18:10:00","guid":{"rendered":"http:\/\/www.tucomarca.com\/wordpress\/segunda\/?p=125713"},"modified":"2021-02-04T20:15:20","modified_gmt":"2021-02-04T19:15:20","slug":"riba-roja-sintegra-a-lmajor-hub-dinnovacio-en-economia-circular-despanya","status":"publish","type":"post","link":"https:\/\/tucomarca.whitekongsoftware.com\/ca\/riba-roja-sintegra-a-lmajor-hub-dinnovacio-en-economia-circular-despanya\/","title":{"rendered":"Riba-roja s&#8217;integra a l&#8217;major Hub d&#8217;Innovaci\u00f3 en Economia Circular d&#8217;Espanya"},"content":{"rendered":"\n<p class=\"wp-block-paragraph\">L&#8217;alcalde de Riba-roja de T\u00faria ha informat aquest dijous 4 de febrer que l&#8217;Ajuntament de Riba-roja ha passat a formar part de l&#8217;hub d&#8217;innovaci\u00f3 en economia circular &#8220;m\u00e9s important d&#8217;Espanya&#8221;, despr\u00e9s de la presentaci\u00f3 formal del seu municipi en un trobada digital que ha tingut lloc aquest mateix mat\u00ed.<\/p>\n\n\n\n<p class=\"wp-block-paragraph\"> El Hub d&#8217;Innovaci\u00f3 en Economia Circular, presidit per l&#8217;Ajuntament de Gav\u00e0 i coordinador per l&#8217;empresa Tech friendly, t\u00e9 com a objectiu ser un pol de desenvolupament d&#8217;iniciatives innovadores basat en les ciutats circulars que l&#8217;integren i en la col\u00b7laboraci\u00f3 p\u00fablic privades amb empreses que la integren com Vodafone, Iberdrola, Aig\u00fces de Barcelona, \u200b\u200bCetaqua o Celsa Group.<\/p>\n\n\n\n<p class=\"wp-block-paragraph\"> &#8220;Es tracta d&#8217;un espai de trobada i treball en el qual les ciutats al costat de grans empreses dels nostres pa\u00eds i internacionals, van a impulsar projectes que ens facin passar d&#8217;una economia lineal a una economia circular&#8221; ha explicat Raga qui ha recordat que la ess\u00e8ncia d&#8217;aquests projectes est\u00e0 en transferir posteriorment els coneixements i experi\u00e8ncies a altres municipis o actors socials i empresarials. <\/p>\n\n\n\n<p class=\"wp-block-paragraph\">&#8220;Riba-roja \u00e9s un municipi que va marcant l&#8217;agenda en mat\u00e8ria d&#8217;innovaci\u00f3 i objectius de desenvolupament sostenible de manera activa i sense res a envejar a grans ciutats&#8221; ha afegit l&#8217;alcalde qui subratllava que &#8220;\u00e9s un pas m\u00e9s en el nostre comprom\u00eds amb la sostenibilitat i la conscienciaci\u00f3 i participaci\u00f3 de la ciutadania que sap que cal canviar el nostre model actual &#8220;.<\/p>\n\n\n\n<p class=\"wp-block-paragraph\"> El hub est\u00e0 conformat per un redu\u00eft grup d&#8217;ajuntaments com el de Sevilla, Gij\u00f3n, Sant Ferran, Sant Cugat de Vall\u00e8s i l&#8217;ajuntament de Sestao que tenen com a missi\u00f3 des del passat any crear un ecosistema territorial sostenible, basat en les 7 R &#8216;s: Repensar , Redissenyar, Reusar, Reparar, remanufacturar, Reciclar i Recuperar. <\/p>\n\n\n\n<p class=\"wp-block-paragraph\">Durant la trobada digital mantingut aquest mat\u00ed, l&#8217;alcalde de Riba-roja ha tingut l&#8217;ocasi\u00f3 de poder presentar tots els plans actualment en marxa al seu municipi en material d&#8217;ODS i sostenibilitat, a m\u00e9s de la proposta en desenvolupament de &#8220;Riba-roja respira&#8221; . Un projecte de col\u00b7laboraci\u00f3 p\u00fablic-privat que pret\u00e9n netejar l&#8217;aire de les zones industrials a trav\u00e9s d&#8217;una plantaci\u00f3 massiva d&#8217;arbres i el reg intel\u00b7ligent amb aigua regenerada provinent de depuradores, a m\u00e9s d&#8217;aportar certificaci\u00f3 de petjada de carboni a les empreses.<\/p>\n","protected":false},"excerpt":{"rendered":"<div class=\"mh-excerpt\">L&#8217;alcalde de Riba-roja de T\u00faria ha informat aquest dijous 4 de febrer que l&#8217;Ajuntament de Riba-roja ha passat a formar part de l&#8217;hub d&#8217;innovaci\u00f3 en economia circular &#8220;m\u00e9s important d&#8217;Espanya&#8221;, despr\u00e9s de la presentaci\u00f3 formal <a class=\"mh-excerpt-more\" href=\"https:\/\/tucomarca.whitekongsoftware.com\/ca\/riba-roja-sintegra-a-lmajor-hub-dinnovacio-en-economia-circular-despanya\/\" title=\"Riba-roja s&#8217;integra a l&#8217;major Hub d&#8217;Innovaci\u00f3 en Economia Circular d&#8217;Espanya\">[+] <\/a><\/div>\n","protected":false},"author":12,"featured_media":125711,"comment_status":"open","ping_status":"open","sticky":false,"template":"","format":"standard","meta":{"footnotes":""},"categories":[10892,10948,10894,10904,10947,10906,10896],"tags":[10899,11102],"class_list":["post-125713","post","type-post","status-publish","format-standard","has-post-thumbnail","category-camp-de-turia-ca","category-infraestructuras-ca","category-la-comarca-ca","category-sin-categorizar-ca","category-politica","category-riba-roja-ca","category-seccion-ca","tag-camp-de-turia-ca","tag-riba-roja-2-ca"],"_links":{"self":[{"href":"https:\/\/tucomarca.whitekongsoftware.com\/ca\/wp-json\/wp\/v2\/posts\/125713","targetHints":{"allow":["GET"]}}],"collection":[{"href":"https:\/\/tucomarca.whitekongsoftware.com\/ca\/wp-json\/wp\/v2\/posts"}],"about":[{"href":"https:\/\/tucomarca.whitekongsoftware.com\/ca\/wp-json\/wp\/v2\/types\/post"}],"author":[{"embeddable":true,"href":"https:\/\/tucomarca.whitekongsoftware.com\/ca\/wp-json\/wp\/v2\/users\/12"}],"replies":[{"embeddable":true,"href":"https:\/\/tucomarca.whitekongsoftware.com\/ca\/wp-json\/wp\/v2\/comments?post=125713"}],"version-history":[{"count":0,"href":"https:\/\/tucomarca.whitekongsoftware.com\/ca\/wp-json\/wp\/v2\/posts\/125713\/revisions"}],"wp:featuredmedia":[{"embeddable":true,"href":"https:\/\/tucomarca.whitekongsoftware.com\/ca\/wp-json\/wp\/v2\/media\/125711"}],"wp:attachment":[{"href":"https:\/\/tucomarca.whitekongsoftware.com\/ca\/wp-json\/wp\/v2\/media?parent=125713"}],"wp:term":[{"taxonomy":"category","embeddable":true,"href":"https:\/\/tucomarca.whitekongsoftware.com\/ca\/wp-json\/wp\/v2\/categories?post=125713"},{"taxonomy":"post_tag","embeddable":true,"href":"https:\/\/tucomarca.whitekongsoftware.com\/ca\/wp-json\/wp\/v2\/tags?post=125713"}],"curies":[{"name":"wp","href":"https:\/\/api.w.org\/{rel}","templated":true}]}}