{"id":125685,"date":"2021-02-04T18:00:00","date_gmt":"2021-02-04T17:00:00","guid":{"rendered":"http:\/\/www.tucomarca.com\/wordpress\/segunda\/?p=125685"},"modified":"2021-02-04T20:01:02","modified_gmt":"2021-02-04T19:01:02","slug":"lajuntament-de-godelleta-se-suma-junt-amb-laecc-al-acord-contra-el-canceri-ilumnina-de-verd-el-seu-balco","status":"publish","type":"post","link":"https:\/\/tucomarca.whitekongsoftware.com\/ca\/lajuntament-de-godelleta-se-suma-junt-amb-laecc-al-acord-contra-el-canceri-ilumnina-de-verd-el-seu-balco\/","title":{"rendered":"L&#8217;Ajuntament de Godelleta se suma junt amb l&#8217;AECC al \u201cAcord contra el c\u00e0ncer\u201di ilumnina de verd el seu balc\u00f3"},"content":{"rendered":"\n<p class=\"wp-block-paragraph\">Hui,\u00a0dia 4\u00a0de febrer, se celebra\u00a0el Dia\u00a0Mundial Contra\u00a0el C\u00e0ncer\u00a0i l&#8217;Ajuntament\u00a0de Godelleta\u00a0es\u00a0suma a aquesta\u00a0iniciativadonant suport\u00a0a\u00a0l&#8217;AECC.<\/p>\n\n\n\n<p class=\"wp-block-paragraph\">Perqu\u00e8 el c\u00e0ncer recobre la visibilitat i es puga donar una resposta adequada a les persones afectades per aquesta malaltia i als seus necessitats, agreujades per la COVID-19, l&#8217;AECC ha llan\u00e7at la campanya &#8220;Acord Contra el C\u00e0ncer&#8221;.<\/p>\n\n\n\n<p class=\"wp-block-paragraph\">Des Godelleta s&#8217;informa que el consistori ha activat el web (www.acuerdocontraelcancer.com) en la qual es podr\u00e0 signar un manifest per recolzar a les persones amb c\u00e0ncer.<\/p>\n\n\n\n<p class=\"wp-block-paragraph\">Des de l&#8217;Ajuntament de Godelleta afirmen &#8220;ens unim a aquesta causa, il\u00b7luminant el balc\u00f3 de la casa consistorial de verd donant suport aix\u00ed a totes les persones i les seues fam\u00edlies que patixen esta malaltia&#8221;<\/p>\n","protected":false},"excerpt":{"rendered":"<div class=\"mh-excerpt\">Hui,\u00a0dia 4\u00a0de febrer, se celebra\u00a0el Dia\u00a0Mundial Contra\u00a0el C\u00e0ncer\u00a0i l&#8217;Ajuntament\u00a0de Godelleta\u00a0es\u00a0suma a aquesta\u00a0iniciativadonant suport\u00a0a\u00a0l&#8217;AECC. Perqu\u00e8 el c\u00e0ncer recobre la visibilitat i es puga donar una resposta adequada a les persones afectades per aquesta malaltia i als <a class=\"mh-excerpt-more\" href=\"https:\/\/tucomarca.whitekongsoftware.com\/ca\/lajuntament-de-godelleta-se-suma-junt-amb-laecc-al-acord-contra-el-canceri-ilumnina-de-verd-el-seu-balco\/\" title=\"L&#8217;Ajuntament de Godelleta se suma junt amb l&#8217;AECC al \u201cAcord contra el c\u00e0ncer\u201di ilumnina de verd el seu balc\u00f3\">[+] <\/a><\/div>\n","protected":false},"author":12,"featured_media":125684,"comment_status":"open","ping_status":"open","sticky":false,"template":"","format":"image","meta":{"footnotes":""},"categories":[11010,10898,10977,10948,10894,10912,10947,10896,10897],"tags":[13758,11107,12629,11087,10914],"class_list":["post-125685","post","type-post","status-publish","format-image","has-post-thumbnail","category-canal-salud","category-ventana-ca","category-godelleta-ca","category-infraestructuras-ca","category-la-comarca-ca","category-la-hoya-ca","category-politica","category-seccion-ca","category-sucesos-la-comarca-ca","tag-acuerdo-contra-el-cancer-ca","tag-aecc-ca","tag-ayuntamiento-de-godelleta-ca","tag-godelleta-ca","tag-la-hoya-de-bunol-chiva-ca","post_format-post-format-image"],"_links":{"self":[{"href":"https:\/\/tucomarca.whitekongsoftware.com\/ca\/wp-json\/wp\/v2\/posts\/125685","targetHints":{"allow":["GET"]}}],"collection":[{"href":"https:\/\/tucomarca.whitekongsoftware.com\/ca\/wp-json\/wp\/v2\/posts"}],"about":[{"href":"https:\/\/tucomarca.whitekongsoftware.com\/ca\/wp-json\/wp\/v2\/types\/post"}],"author":[{"embeddable":true,"href":"https:\/\/tucomarca.whitekongsoftware.com\/ca\/wp-json\/wp\/v2\/users\/12"}],"replies":[{"embeddable":true,"href":"https:\/\/tucomarca.whitekongsoftware.com\/ca\/wp-json\/wp\/v2\/comments?post=125685"}],"version-history":[{"count":0,"href":"https:\/\/tucomarca.whitekongsoftware.com\/ca\/wp-json\/wp\/v2\/posts\/125685\/revisions"}],"wp:featuredmedia":[{"embeddable":true,"href":"https:\/\/tucomarca.whitekongsoftware.com\/ca\/wp-json\/wp\/v2\/media\/125684"}],"wp:attachment":[{"href":"https:\/\/tucomarca.whitekongsoftware.com\/ca\/wp-json\/wp\/v2\/media?parent=125685"}],"wp:term":[{"taxonomy":"category","embeddable":true,"href":"https:\/\/tucomarca.whitekongsoftware.com\/ca\/wp-json\/wp\/v2\/categories?post=125685"},{"taxonomy":"post_tag","embeddable":true,"href":"https:\/\/tucomarca.whitekongsoftware.com\/ca\/wp-json\/wp\/v2\/tags?post=125685"}],"curies":[{"name":"wp","href":"https:\/\/api.w.org\/{rel}","templated":true}]}}