{"id":125634,"date":"2021-02-04T10:15:00","date_gmt":"2021-02-04T09:15:00","guid":{"rendered":"http:\/\/www.tucomarca.com\/wordpress\/segunda\/?p=125634"},"modified":"2021-02-04T18:14:28","modified_gmt":"2021-02-04T17:14:28","slug":"la-conselleria-dobres-publiques-invertira-67-milions-deuros-a-condicionar-la-cv-35-a-tuejar-titaguas-i-aras-de-los-olmos","status":"publish","type":"post","link":"https:\/\/tucomarca.whitekongsoftware.com\/ca\/la-conselleria-dobres-publiques-invertira-67-milions-deuros-a-condicionar-la-cv-35-a-tuejar-titaguas-i-aras-de-los-olmos\/","title":{"rendered":"La Conselleria d&#8217;Obres P\u00fabliques invertir\u00e0 6,7 milions d&#8217;euros a condicionar la CV- 35 a Tu\u00e9jar, Titaguas i Aras de los Olmos"},"content":{"rendered":"\n<p class=\"wp-block-paragraph\">La Conselleria de Pol\u00edtica Territorial, Obres P\u00fabliques i Mobilitat va realitzar una inversi\u00f3 de 6,76 milions d&#8217;euros per a l&#8217;adequaci\u00f3 de la CV-35 en els termes municipals de Tu\u00e9jar, Titaguas i Aras de los Olmos. Aix\u00ed, en aquests moments s&#8217;est\u00e0 tramitant la licitaci\u00f3 d&#8217;aquestes actuacions de condicionament de la carretera auton\u00f2mica entre els punts quilom\u00e8trics 81 + 300 i 95 +800. <\/p>\n\n\n\n<p class=\"wp-block-paragraph\">El projecte, que s&#8217;iniciar\u00e0 el 2022 i t\u00e9 un termini estimat d&#8217;execuci\u00f3 de 18 mesos, s&#8217;estructura en tres trams: Alt de la Montalbana, acc\u00e9s sud a Titaguas i Titaguas-Aras. <\/p>\n\n\n\n<p class=\"wp-block-paragraph\">El conseller de Pol\u00edtica Territorial, Obres P\u00fabliques i Mobilitat, Arcadi Espanya, ha assenyalat aquest dimecres, despr\u00e9s d&#8217;una reuni\u00f3 amb l&#8217;alcalde de Titaguas, Ramiro Rivera, i l&#8217;alcalde de Aras de los Olmos, Rafael Gim\u00e9nez, que la despoblaci\u00f3 &#8220;comporta problemes com la manca d&#8217;infraestructures en condicions de seguretat per accedir a les zones d&#8217;interior de la Comuniatat Valenciana &#8220;.<\/p>\n\n\n\n<p class=\"wp-block-paragraph\"> &#8220;Per aix\u00f2 -ha continuat el titular de Mobilitat-, des de la Generalitat s&#8217;impulsen actuacions de millora en infraestructures que, en molts casos, s\u00f3n l&#8217;\u00fanica via d&#8217;entrada i sortida de persones i b\u00e9ns des de i cap a l&#8217;interior&#8221;. <\/p>\n\n\n\n<p class=\"wp-block-paragraph\">&#8220;Es tracta que les infraestructures es tornin permeables i s&#8217;estenguin per tot el territori&#8221;, ha afirmat el conseller, que ha reflexionat sobre la necessitat de garantir la igualtat d&#8217;oportunitats dels valencians i valencianes, &#8220;visquin a la costa oa l&#8217;interior &#8220;, amb una xarxa de carreteres&#8221; segura i eficient &#8220;.<\/p>\n\n\n\n<p class=\"wp-block-paragraph\"><strong> Soluci\u00f3 a problemes de visibilitat i seguretat vial <\/strong><\/p>\n\n\n\n<p class=\"wp-block-paragraph\">La realitzaci\u00f3 de les obres en el primer tram intentaran donar resposta a un problema de manca de visibilitat en l&#8217;Alt de la Montalbana, derivat d&#8217;un canvi de rasant, mitjan\u00e7ant una modificaci\u00f3 de tra\u00e7at i suavitzat del pendent.<\/p>\n\n\n\n<p class=\"wp-block-paragraph\"> A m\u00e9s, en el tram corresponent a l&#8217;acc\u00e9s sud a l&#8217;nucli urb\u00e0 de Titaguas ha un problema de seguretat vial derivat de la velocitat excessiva dels vehicles, que es corregir\u00e0 mitjan\u00e7ant la construcci\u00f3 d&#8217;una glorieta en la conflu\u00e8ncia de les carreteres CV-35 i CV- 345 a Alpuente. <\/p>\n\n\n\n<p class=\"wp-block-paragraph\">Finalment, en el tram Titaguas-Aras la problem\u00e0tica espec\u00edfica es refereix fonamentalment a la insufici\u00e8ncia de l&#8217;tra\u00e7at, amb nombroses corbes de radi redu\u00eft i forts pendents, aix\u00ed com irregularitat de la secci\u00f3 transversal, en qu\u00e8 no hi ha ni vorals ni bermes. Tamb\u00e9 es presenten problemes puntuals en relaci\u00f3 amb el drenatge. <\/p>\n\n\n\n<p class=\"wp-block-paragraph\">El condicionament sobre aquest \u00faltim tram de 8,5 quil\u00f2metres, que procurar\u00e0 minimitzar l&#8217;afecci\u00f3 sobre l&#8217;entorn, mantindr\u00e0 un ample de 6 metres a la cal\u00e7ada, amb un voral d&#8217;1 metre, i regularitzar\u00e0 la geometria, en qu\u00e8 s&#8217;habilitaran sobreamples per les corbes. A m\u00e9s es disposaran cunetes de seguretat i es projectaran noves estructures per a la millora de l&#8217;drenatge en els barrancs de la Teuleria, El Regajo i Travenilla.<\/p>\n\n\n\n<p class=\"wp-block-paragraph\"> Finalment, fora de terme de Titaguas, est\u00e0 prevista, tamb\u00e9 durant aquest exercici, la licitaci\u00f3 de les obres de refor\u00e7 de la CV-35 entre els punts quilom\u00e8trics 68 y73, entre Chelva i Tu\u00e9jar, per un import de 830.000 euros.<\/p>\n","protected":false},"excerpt":{"rendered":"<div class=\"mh-excerpt\">La Conselleria de Pol\u00edtica Territorial, Obres P\u00fabliques i Mobilitat va realitzar una inversi\u00f3 de 6,76 milions d&#8217;euros per a l&#8217;adequaci\u00f3 de la CV-35 en els termes municipals de Tu\u00e9jar, Titaguas i Aras de los Olmos. <a class=\"mh-excerpt-more\" href=\"https:\/\/tucomarca.whitekongsoftware.com\/ca\/la-conselleria-dobres-publiques-invertira-67-milions-deuros-a-condicionar-la-cv-35-a-tuejar-titaguas-i-aras-de-los-olmos\/\" title=\"La Conselleria d&#8217;Obres P\u00fabliques invertir\u00e0 6,7 milions d&#8217;euros a condicionar la CV- 35 a Tu\u00e9jar, Titaguas i Aras de los Olmos\">[+] <\/a><\/div>\n","protected":false},"author":12,"featured_media":125632,"comment_status":"open","ping_status":"open","sticky":false,"template":"","format":"standard","meta":{"footnotes":""},"categories":[11042,11046,10898,10948,10894,10904,10947,10896,11027,11028],"tags":[11201,11928,11080,12925,11173],"class_list":["post-125634","post","type-post","status-publish","format-standard","has-post-thumbnail","category-aras-de-olmos-ca","category-los-serranos-ca","category-ventana-ca","category-infraestructuras-ca","category-la-comarca-ca","category-sin-categorizar-ca","category-politica","category-seccion-ca","category-titaguas-ca","category-tuejar-ca","tag-aras-de-olmos-ca","tag-la-serrania-ca","tag-los-serranos-ca","tag-titaguas-ca","tag-tuejar-ca"],"_links":{"self":[{"href":"https:\/\/tucomarca.whitekongsoftware.com\/ca\/wp-json\/wp\/v2\/posts\/125634","targetHints":{"allow":["GET"]}}],"collection":[{"href":"https:\/\/tucomarca.whitekongsoftware.com\/ca\/wp-json\/wp\/v2\/posts"}],"about":[{"href":"https:\/\/tucomarca.whitekongsoftware.com\/ca\/wp-json\/wp\/v2\/types\/post"}],"author":[{"embeddable":true,"href":"https:\/\/tucomarca.whitekongsoftware.com\/ca\/wp-json\/wp\/v2\/users\/12"}],"replies":[{"embeddable":true,"href":"https:\/\/tucomarca.whitekongsoftware.com\/ca\/wp-json\/wp\/v2\/comments?post=125634"}],"version-history":[{"count":0,"href":"https:\/\/tucomarca.whitekongsoftware.com\/ca\/wp-json\/wp\/v2\/posts\/125634\/revisions"}],"wp:featuredmedia":[{"embeddable":true,"href":"https:\/\/tucomarca.whitekongsoftware.com\/ca\/wp-json\/wp\/v2\/media\/125632"}],"wp:attachment":[{"href":"https:\/\/tucomarca.whitekongsoftware.com\/ca\/wp-json\/wp\/v2\/media?parent=125634"}],"wp:term":[{"taxonomy":"category","embeddable":true,"href":"https:\/\/tucomarca.whitekongsoftware.com\/ca\/wp-json\/wp\/v2\/categories?post=125634"},{"taxonomy":"post_tag","embeddable":true,"href":"https:\/\/tucomarca.whitekongsoftware.com\/ca\/wp-json\/wp\/v2\/tags?post=125634"}],"curies":[{"name":"wp","href":"https:\/\/api.w.org\/{rel}","templated":true}]}}