{"id":125583,"date":"2021-02-03T10:55:00","date_gmt":"2021-02-03T09:55:00","guid":{"rendered":"http:\/\/www.tucomarca.com\/wordpress\/segunda\/?p=125583"},"modified":"2021-02-03T20:43:41","modified_gmt":"2021-02-03T19:43:41","slug":"la-conselleria-de-territori-inicia-la-consulta-publica-previa-del-pat-del-raco-dademus","status":"publish","type":"post","link":"https:\/\/tucomarca.whitekongsoftware.com\/ca\/la-conselleria-de-territori-inicia-la-consulta-publica-previa-del-pat-del-raco-dademus\/","title":{"rendered":"La Conselleria de Territori inicia la consulta p\u00fablica pr\u00e8via del PAT del Rac\u00f3 d&#8217;Adem\u00fas"},"content":{"rendered":"\n<h4 class=\"wp-block-heading\"><strong>Arcadi Espanya destaca el comprom\u00eds de facilitar i agilitzar una planificaci\u00f3 racional del territori per a afavorir la implantaci\u00f3 ordenada d&#8217;activitats econ\u00f2miques<\/strong><\/h4>\n\n\n\n<h4 class=\"wp-block-heading\"><strong>El Pla d&#8217;Acci\u00f3 Territorial t\u00e9 com a grans objectius l&#8217;ordenaci\u00f3 i dinamitzaci\u00f3 d&#8217;este espai rural de gran import\u00e0ncia per a l&#8217;equilibri territorial de la Comunitat Valenciana<\/strong><\/h4>\n\n\n\n<p class=\"wp-block-paragraph\">La Conselleria de Pol\u00edtica Territorial, Obres P\u00fabliques i Mobilitat ha iniciat la consulta p\u00fablica pr\u00e8via de el Pla d&#8217;Acci\u00f3 Territorial, PAT, de la comarca del Rac\u00f3 d&#8217;Adem\u00fas.<\/p>\n\n\n\n<p class=\"wp-block-paragraph\">El conseller Arcadi Espanya ha explicat que aquesta primera consulta p\u00fablica \u00e9s pr\u00e8via a el document d&#8217;esborrany de Pla i el Document Inicial Estrat\u00e8gic, i &#8220;marca administrativament l&#8217;inici de la tramitaci\u00f3 de el Pla d&#8217;acci\u00f3 territorial&#8221;.<\/p>\n\n\n\n<p class=\"wp-block-paragraph\">Amb aquesta consulta, ha assenyalat Arcadi Espanya, &#8220;es pret\u00e9n identificar els agents territorials que es trobin involucrats en el proc\u00e9s d&#8217;elaboraci\u00f3 i aprovaci\u00f3 de el Pla, i que aquests agents i tota la ciutadania realitzin els suggeriments i aportacions que considerin oportunes, les quals seran tingudes en compte i incorporades a l&#8217;expedient administratiu de el PAT &#8220;.<\/p>\n\n\n\n<p class=\"wp-block-paragraph\">Aquesta informaci\u00f3 ser\u00e0 d&#8217;utilitat per a integrar les necessitats detectades des del propi territori i \u00e9s complement\u00e0ria a l&#8217;aportada anteriorment des de les corporacions locals en les reunions que han mantingut la secret\u00e0ria auton\u00f2mica de Pol\u00edtica Territorial, Urbanisme i Paisatge, Imma Orozco, i la directora general de pol\u00edtica Territorial i Paisatge, Rosa Pardo, al costat de la directora general de l&#8217;Agenda Valenciana Antidespoblamiento, Jeannete Segarra, i les responsables de les \u00e0rees de mobilitat sostenible i d&#8217;assessorament i assist\u00e8ncia a municipis de la Diputaci\u00f3 de Val\u00e8ncia, Dolors Gimeno i Amparo Orts, el passat mes de setembre.<\/p>\n\n\n\n<p class=\"wp-block-paragraph\"><strong>Una poblaci\u00f3 de 2.289 habitants i 370 km2 de superf\u00edcie<\/strong><\/p>\n\n\n\n<p class=\"wp-block-paragraph\">El PAT de l&#8217;Rac\u00f3 \u200b\u200bd&#8217;Adem\u00fas es projecta sobre una comarca de set municipis, Adem\u00fas, Cases Altes, Cases Baixes, Torre Baixa, la Pobla de Sant Miquel, Castellfabib i Vallanca, amb una poblaci\u00f3 de 2.289 habitants i 370 km2 de superf\u00edcie. Aquesta comarca pertany a sistema rural de la Comunitat Valenciana que presenta els problemes caracter\u00edstics de les zones de l&#8217;interior amb risc de despoblament: envelliment demogr\u00e0fic, baixa accessibilitat, d\u00e8ficits de dotacions, manca d&#8217;alternatives econ\u00f2miques, entre d&#8217;altres.<\/p>\n\n\n\n<p class=\"wp-block-paragraph\">Com ha recordat el conseller de Pol\u00edtica Territorial, &#8220;aquests problemes s&#8217;accentuen amb les dificultats d&#8217;aquests municipis per actualitzar el planejament urban\u00edstic vigent que sol ser molt antic i estar obsolet, i el comprom\u00eds de la Conselleria \u00e9s facilitar i agilitzar la consecuci\u00f3 d&#8217;una planificaci\u00f3 racional del territori capa\u00e7 d&#8217;afavorir la implantaci\u00f3 ordenada d&#8217;activitats econ\u00f2miques en els s\u00f2ls de major aptitud i menor vulnerabilitat&#8221;.<\/p>\n\n\n\n<p class=\"wp-block-paragraph\"><strong>Ordenaci\u00f3 i dinamitzaci\u00f3 del territori<\/strong><\/p>\n\n\n\n<p class=\"wp-block-paragraph\">Per aix\u00f2, el Pla d&#8217;acci\u00f3 territorial t\u00e9 com a grans objectius l&#8217;ordenaci\u00f3 i dinamitzaci\u00f3 d&#8217;aquest espai rural de gran import\u00e0ncia per a l&#8217;equilibri territorial de la Comunitat Valenciana.<\/p>\n\n\n\n<p class=\"wp-block-paragraph\">El pla proposar\u00e0 accions com definir la infraestructura verda a escala supramunicipal de la comarca, a l&#8217;garantir les mesures de gesti\u00f3 necess\u00e0ries per a la millora de la seva estructura i funcionalitat, afavorint la producci\u00f3 de b\u00e9ns i serveis ambientals i l&#8217;adaptaci\u00f3 del territori a l&#8217;efecte d&#8217;el canvi clim\u00e0tic.<\/p>\n\n\n\n<p class=\"wp-block-paragraph\">Tamb\u00e9 plantejar\u00e0 zonificar de manera adequada i eficient el s\u00f2l no urbanitzable dels set municipis, atenent les unitats de paisatge dels patrons del territori, i les afeccions de la infraestructura verda que es solapen sobre aquest tipus de s\u00f2l. D&#8217;aquesta manera s&#8217;aconsegueix una zonificaci\u00f3 coherent de el medi rural sense les limitacions dels l\u00edmits municipals, i una adequaci\u00f3 de la capacitat d&#8217;acollida de cada zona als usos i activitats que poguessin implantar-se.<\/p>\n\n\n\n<p class=\"wp-block-paragraph\">Aix\u00ed mateix, identificar\u00e0 els elements de el patrimoni cultural mereixedors de protecci\u00f3, proposant directrius per a la seva preservaci\u00f3 i posada en valor des d&#8217;una visi\u00f3 que permeti la millora dels actius territorials i la seva relaci\u00f3 amb les activitats econ\u00f2miques de naturalesa end\u00f2gena.<\/p>\n\n\n\n<p class=\"wp-block-paragraph\">A m\u00e9s, ha d&#8217;establir un model urb\u00e0 per a la comarca que en el qual prevalgui el manteniment de l&#8217;car\u00e0cter rural dels nuclis, activant els habitatges buits o la rehabilitaci\u00f3 i reciclatge d&#8217;aquests teixits urbans de manera preferent a el desenvolupament de nous s\u00f2ls que, en el cas de ser necessaris, hauran d&#8217;integrar-se adequadament en la morfologia del territori i de el paisatge, i ser d&#8217;escala adequada a el patr\u00f3 de poblaci\u00f3 existent.<\/p>\n\n\n\n<p class=\"wp-block-paragraph\">Igualment s&#8217;analitzar\u00e0 les demandes de s\u00f2ls per a activitats econ\u00f2miques que responguin a les realitats i possibilitats de la comarca i, si escau, proposar nous desenvolupaments de s\u00f2l adaptats a les fragilitats del territori i, de forma preferent, utilitzar l&#8217;escala supramunicipal per establir les millors localitzacions des del punt de vista de factors com l&#8217;accessibilitat, la proximitat a les mat\u00e8ries primeres i l&#8217;aptitud del territori.<\/p>\n\n\n\n<p class=\"wp-block-paragraph\">Al seu torn, es va a analitzar les dotacions, el seu estat i adequaci\u00f3 a les necessitats actuals i futures i proposar les accions necess\u00e0ries per garantir unes condicions d&#8217;equitat territorial pel que fa a l&#8217;acc\u00e9s de la poblaci\u00f3 als equipaments i dotacions p\u00fabliques.<\/p>\n\n\n\n<p class=\"wp-block-paragraph\">De la mateixa manera s&#8217;estudiar\u00e0 l&#8217;estat actual de les infraestructures de comunicaci\u00f3 i de serveis, i proposar les accions necess\u00e0ries per garantir una mobilitat sostenible a la comarca, i desenvolupar f\u00f3rmules per a la millora dels sistemes de mobilitat a la demanda adequats per a les zones rurals. Si \u00e9s el cas, preveure les reserves de s\u00f2l necess\u00e0ries per a la implantaci\u00f3 o ampliaci\u00f3 de les infraestructures, tant de mobilitat com de serveis.<\/p>\n\n\n\n<p class=\"wp-block-paragraph\">El PAT inclou proposar f\u00f3rmules de governan\u00e7a territorial que permetin la gesti\u00f3 mancomunada de les implantacions d&#8217;escala supralocal, tot aix\u00f2 en col\u00b7laboraci\u00f3 amb els municipis i les mancomunitats existents que ja compten amb experi\u00e8ncia en la gesti\u00f3 de serveis p\u00fablics a la comarca.<\/p>\n\n\n\n<p class=\"wp-block-paragraph\">Finalment, s&#8217;establiran directrius que permetin impulsar el desenvolupament local de la comarca amb la col\u00b7laboraci\u00f3 d&#8217;agents socials i econ\u00f2mics, p\u00fablics i privats, establint la seua connexi\u00f3 amb el planejament, i potenciant especialment el sector agroalimentari, el turisme i aspectes de la qualitat de l&#8217; territori que permetin atreure i mantenir poblaci\u00f3 a la comarca.<\/p>\n","protected":false},"excerpt":{"rendered":"<div class=\"mh-excerpt\">Arcadi Espanya destaca el comprom\u00eds de facilitar i agilitzar una planificaci\u00f3 racional del territori per a afavorir la implantaci\u00f3 ordenada d&#8217;activitats econ\u00f2miques El Pla d&#8217;Acci\u00f3 Territorial t\u00e9 com a grans objectius l&#8217;ordenaci\u00f3 i dinamitzaci\u00f3 d&#8217;este <a class=\"mh-excerpt-more\" href=\"https:\/\/tucomarca.whitekongsoftware.com\/ca\/la-conselleria-de-territori-inicia-la-consulta-publica-previa-del-pat-del-raco-dademus\/\" title=\"La Conselleria de Territori inicia la consulta p\u00fablica pr\u00e8via del PAT del Rac\u00f3 d&#8217;Adem\u00fas\">[+] <\/a><\/div>\n","protected":false},"author":12,"featured_media":125581,"comment_status":"open","ping_status":"open","sticky":false,"template":"","format":"standard","meta":{"footnotes":""},"categories":[10926,10890,10923,10924,10925,10898,10948,10894,10960,10903,10947,10896,10961,10962],"tags":[11097,13746,13747,13748,12039],"class_list":["post-125583","post","type-post","status-publish","format-standard","has-post-thumbnail","category-ademus-ca","category-ademus","category-cases-altes","category-cases-baixes","category-castielfabib-ca","category-ventana-ca","category-infraestructuras-ca","category-la-comarca-ca","category-la-puebla-de-san-miguel-ca","category-medio-ambiente-la-comarca-ca","category-politica","category-seccion-ca","category-torrebaja-ca","category-vallanca-ca","tag-ademuz-ca","tag-conselleria-de-territorio-ca","tag-pat-ca","tag-plan-de-accion-territorial-ca","tag-rincon-de-ademuz-ca"],"_links":{"self":[{"href":"https:\/\/tucomarca.whitekongsoftware.com\/ca\/wp-json\/wp\/v2\/posts\/125583","targetHints":{"allow":["GET"]}}],"collection":[{"href":"https:\/\/tucomarca.whitekongsoftware.com\/ca\/wp-json\/wp\/v2\/posts"}],"about":[{"href":"https:\/\/tucomarca.whitekongsoftware.com\/ca\/wp-json\/wp\/v2\/types\/post"}],"author":[{"embeddable":true,"href":"https:\/\/tucomarca.whitekongsoftware.com\/ca\/wp-json\/wp\/v2\/users\/12"}],"replies":[{"embeddable":true,"href":"https:\/\/tucomarca.whitekongsoftware.com\/ca\/wp-json\/wp\/v2\/comments?post=125583"}],"version-history":[{"count":0,"href":"https:\/\/tucomarca.whitekongsoftware.com\/ca\/wp-json\/wp\/v2\/posts\/125583\/revisions"}],"wp:featuredmedia":[{"embeddable":true,"href":"https:\/\/tucomarca.whitekongsoftware.com\/ca\/wp-json\/wp\/v2\/media\/125581"}],"wp:attachment":[{"href":"https:\/\/tucomarca.whitekongsoftware.com\/ca\/wp-json\/wp\/v2\/media?parent=125583"}],"wp:term":[{"taxonomy":"category","embeddable":true,"href":"https:\/\/tucomarca.whitekongsoftware.com\/ca\/wp-json\/wp\/v2\/categories?post=125583"},{"taxonomy":"post_tag","embeddable":true,"href":"https:\/\/tucomarca.whitekongsoftware.com\/ca\/wp-json\/wp\/v2\/tags?post=125583"}],"curies":[{"name":"wp","href":"https:\/\/api.w.org\/{rel}","templated":true}]}}