{"id":125360,"date":"2021-02-01T10:49:00","date_gmt":"2021-02-01T09:49:00","guid":{"rendered":"http:\/\/www.tucomarca.com\/wordpress\/segunda\/?p=125360"},"modified":"2021-02-01T19:00:44","modified_gmt":"2021-02-01T18:00:44","slug":"la-junta-de-portaveus-de-lajuntament-de-bunyol-acorda-crear-ajudes-rapides-i-eficaces-per-als-sectors-mes-afectats-per-la-pandemia-a-la-localitat","status":"publish","type":"post","link":"https:\/\/tucomarca.whitekongsoftware.com\/ca\/la-junta-de-portaveus-de-lajuntament-de-bunyol-acorda-crear-ajudes-rapides-i-eficaces-per-als-sectors-mes-afectats-per-la-pandemia-a-la-localitat\/","title":{"rendered":"La Junta de Portaveus de l&#8217;Ajuntament de Bunyol acorda crear ajudes r\u00e0pides i eficaces per als sectors m\u00e9s afectats per la pand\u00e8mia a la localitat"},"content":{"rendered":"\n<h4 class=\"wp-block-heading\">L&#8217;alcaldessa de la localitat, Juncal Carrascosa, va convocar la setmana el CES i la Junta de Portaveus, i aquesta setmana tornaran a reunir-se aquests dos \u00f2rgans de govern amb l&#8217;objectiu d&#8217;acordar conjuntament ajudes r\u00e0pides i eficaces.<\/h4>\n\n\n\n<p class=\"wp-block-paragraph\">Juncal Carrascosa, alcaldessa de Bunyol, ha informat de la celebraci\u00f3 el passat divendres 29 de gener d&#8217;una Junta de Portaveus dels grups municipals que composen el plenari de l&#8217;Ajuntament: PSOE, EU, Podem, PP i IAB.<\/p>\n\n\n\n<p class=\"wp-block-paragraph\">La primer edil informa: &#8220;En l&#8217;ordre del dia es van tractar diversos punts, destacant la posada en com\u00fa per acordar com canalitzar les ajudes als sectors afectats per la crisi econ\u00f2mica de l&#8217;COVID-19 al municipi. L&#8217;inter\u00e8s com\u00fa \u00e9s arribar a un acord que ens porte a formular ajudes que resulten r\u00e0pides i que arriben sobretot als sectors m\u00e9s castigats per aquesta crisi econ\u00f2mica i social.<\/p>\n\n\n\n<p class=\"wp-block-paragraph\">Despr\u00e9s de l&#8217;arrencada d&#8217;aquesta reuni\u00f3 telem\u00e0tica, es va informar en primer lloc de l&#8217;acord amb la seua adhesi\u00f3 a el pla RETISTIR, en la modalitat &#8220;Par\u00e8ntesi&#8221; de la Generalitat Valenciana, on l&#8217;Ajuntament de Bunyol aportar\u00e0 un 15% de el cost de les ajudes, que es quantifiquen en 227.000 \u20ac, aportats per Diputaci\u00f3 de Val\u00e8ncia i Generalitat Valenciana.<\/p>\n\n\n\n<p class=\"wp-block-paragraph\">L&#8217;alcaldessa recorda que tamb\u00e9 es va acordar articular unes ajudes especials a les fam\u00edlies afectades per la crisi Covid19, que serien bastant r\u00e0pides a l&#8217;poder-se llan\u00e7ar des emerg\u00e8ncia social amb fons municipals. &#8220;Finalment estudiarem unes ajudes pr\u00f2pies municipals que complementen aquestes altres i que serviscan per reactivar l&#8217;ocupaci\u00f3 i els negocis&#8221;, ha destacat.<\/p>\n\n\n\n<p class=\"wp-block-paragraph\">Carrascosa conclou: &#8220;Totes aquestes propostes es traslladaran a el Consell Econ\u00f2mic i Social (CES), en una comissi\u00f3 de treball conjunta entre CES i Junta de Portaveus on es treballaran i s&#8217;acabaran d&#8217;acordar i posar en marxa. Tant aquest consell com la Junta de Portaveus es convoquen de nou aquesta setmana per agilitzar tots els ajuts i poder cobrir les nombroses necessitats d&#8217;empreses i sectors castigats per aquesta pand\u00e8mia al municipi&#8221;.<\/p>\n","protected":false},"excerpt":{"rendered":"<div class=\"mh-excerpt\">L&#8217;alcaldessa de la localitat, Juncal Carrascosa, va convocar la setmana el CES i la Junta de Portaveus, i aquesta setmana tornaran a reunir-se aquests dos \u00f2rgans de govern amb l&#8217;objectiu d&#8217;acordar conjuntament ajudes r\u00e0pides i <a class=\"mh-excerpt-more\" href=\"https:\/\/tucomarca.whitekongsoftware.com\/ca\/la-junta-de-portaveus-de-lajuntament-de-bunyol-acorda-crear-ajudes-rapides-i-eficaces-per-als-sectors-mes-afectats-per-la-pandemia-a-la-localitat\/\" title=\"La Junta de Portaveus de l&#8217;Ajuntament de Bunyol acorda crear ajudes r\u00e0pides i eficaces per als sectors m\u00e9s afectats per la pand\u00e8mia a la localitat\">[+] <\/a><\/div>\n","protected":false},"author":12,"featured_media":125359,"comment_status":"open","ping_status":"open","sticky":false,"template":"","format":"standard","meta":{"footnotes":""},"categories":[10911,12202,10948,10894,10912,10947,10896,10897],"tags":[13103,13440,10913,11939,11940,10914,13670],"class_list":["post-125360","post","type-post","status-publish","format-standard","has-post-thumbnail","category-bunol-ca","category-covid-19-ca","category-infraestructuras-ca","category-la-comarca-ca","category-la-hoya-ca","category-politica","category-seccion-ca","category-sucesos-la-comarca-ca","tag-ayudas-al-comercio-ca","tag-ayudas-covid-ca","tag-bunol-ca","tag-coronavirus-ca","tag-covid-19-ca","tag-la-hoya-de-bunol-chiva-ca","tag-plan-resistir-ca"],"_links":{"self":[{"href":"https:\/\/tucomarca.whitekongsoftware.com\/ca\/wp-json\/wp\/v2\/posts\/125360","targetHints":{"allow":["GET"]}}],"collection":[{"href":"https:\/\/tucomarca.whitekongsoftware.com\/ca\/wp-json\/wp\/v2\/posts"}],"about":[{"href":"https:\/\/tucomarca.whitekongsoftware.com\/ca\/wp-json\/wp\/v2\/types\/post"}],"author":[{"embeddable":true,"href":"https:\/\/tucomarca.whitekongsoftware.com\/ca\/wp-json\/wp\/v2\/users\/12"}],"replies":[{"embeddable":true,"href":"https:\/\/tucomarca.whitekongsoftware.com\/ca\/wp-json\/wp\/v2\/comments?post=125360"}],"version-history":[{"count":0,"href":"https:\/\/tucomarca.whitekongsoftware.com\/ca\/wp-json\/wp\/v2\/posts\/125360\/revisions"}],"wp:featuredmedia":[{"embeddable":true,"href":"https:\/\/tucomarca.whitekongsoftware.com\/ca\/wp-json\/wp\/v2\/media\/125359"}],"wp:attachment":[{"href":"https:\/\/tucomarca.whitekongsoftware.com\/ca\/wp-json\/wp\/v2\/media?parent=125360"}],"wp:term":[{"taxonomy":"category","embeddable":true,"href":"https:\/\/tucomarca.whitekongsoftware.com\/ca\/wp-json\/wp\/v2\/categories?post=125360"},{"taxonomy":"post_tag","embeddable":true,"href":"https:\/\/tucomarca.whitekongsoftware.com\/ca\/wp-json\/wp\/v2\/tags?post=125360"}],"curies":[{"name":"wp","href":"https:\/\/api.w.org\/{rel}","templated":true}]}}