{"id":125261,"date":"2021-01-31T10:00:00","date_gmt":"2021-01-31T09:00:00","guid":{"rendered":"http:\/\/www.tucomarca.com\/wordpress\/segunda\/?p=125261"},"modified":"2021-01-31T15:53:09","modified_gmt":"2021-01-31T14:53:09","slug":"veins-de-camporrobles-reclamen-a-adif-la-posada-en-servei-del-tram-de-la-linia-utiel-conca-al-seu-pas-pel-municipi-interrompuda-des-del-1-de-gener","status":"publish","type":"post","link":"https:\/\/tucomarca.whitekongsoftware.com\/ca\/veins-de-camporrobles-reclamen-a-adif-la-posada-en-servei-del-tram-de-la-linia-utiel-conca-al-seu-pas-pel-municipi-interrompuda-des-del-1-de-gener\/","title":{"rendered":"Ve\u00efns de Camporrobles reclamen a Adif la posada en servei del tram de la l\u00ednia Utiel-Conca al seu pas pel municipi interrompuda des del 8 de gener"},"content":{"rendered":"\n<h4 class=\"wp-block-heading\"><strong>Ve\u00efnes i ve\u00efns de Camporrobles han mostrat el seu descontentament despr\u00e9s de l&#8217;abs\u00e8ncia de comunicaci\u00f3 ferrovi\u00e0ria entre el seu municipi i Utiel aix\u00ed com amb la capital des de principis de gener.<\/strong><\/h4>\n\n\n\n<figure class=\"wp-block-image size-large\"><img loading=\"lazy\" decoding=\"async\" width=\"787\" height=\"521\" src=\"http:\/\/www.tucomarca.com\/wordpress\/segunda\/wp-content\/uploads\/2021\/01\/CamporroblesPueblo.jpg\" alt=\"\" class=\"wp-image-125252\" srcset=\"https:\/\/tucomarca.whitekongsoftware.com\/wp-content\/uploads\/2021\/01\/CamporroblesPueblo.jpg 787w, https:\/\/tucomarca.whitekongsoftware.com\/wp-content\/uploads\/2021\/01\/CamporroblesPueblo-300x199.jpg 300w, https:\/\/tucomarca.whitekongsoftware.com\/wp-content\/uploads\/2021\/01\/CamporroblesPueblo-768x508.jpg 768w\" sizes=\"auto, (max-width: 787px) 100vw, 787px\" \/><\/figure>\n\n\n\n<p class=\"wp-block-paragraph\">&#8220;Concretament, l&#8217;abs\u00e8ncia de servei d&#8217;aquesta l\u00ednia des del 8 de gener impedeix als ciutadans el trasllat a la poblaci\u00f3 ve\u00efna d&#8217;Utiel per assistir a el metge, a l&#8217;institut o per qualsevol altre motiu de necessitat, at\u00e8s que la poblaci\u00f3 de Camporrobles amb aproximadament 1.200 habitants t\u00e9 moltes persones grans que no tenen una altra possiblilitat de despla\u00e7ament &#8220;, tal com han denunciat els ve\u00efns p\u00fablicament.<\/p>\n\n\n\n<p class=\"wp-block-paragraph\">Aquest problema, agreujat pel temporal de neu &#8220;Filomena&#8221; continua sense ser solucionat i mant\u00e9 a la poblaci\u00f3 a l&#8217;expectativa ja que molts d&#8217;ells creuen que aquesta \u00e9s l&#8217;excusa &#8220;perqu\u00e8 la l\u00ednia sigui inutilitzada definitivament&#8221;.<\/p>\n\n\n\n<p class=\"wp-block-paragraph\">Posats en contacte des de <strong>tucomarca.com<\/strong> amb la Plataforma en defensa de l&#8217;tren, el seu portaveu, Juan Ram\u00f3n Ferrandis, ha explicat que aquesta l\u00ednia &#8220;a poc a poc ha anat perdent freq\u00fc\u00e8ncia de tr\u00e0nsit de trens pel mal estat de les vies, sumat a una limitaci\u00f3 de velocitat de 60 km per hora, el que fa que el tren de Val\u00e8ncia a Conca tarda quatre hores en el seu recorregut &#8220;.<\/p>\n\n\n\n<p class=\"wp-block-paragraph\">&#8220;En els \u00faltims mesos nom\u00e9s donava el servei de dos trens diaris, de manera que aquestes poblacions han quedat arraconades i els seus usuaris sense mobilitat&#8221;, ha afegit Juan Ram\u00f3n Ferrandis.<\/p>\n","protected":false},"excerpt":{"rendered":"<div class=\"mh-excerpt\">Ve\u00efnes i ve\u00efns de Camporrobles han mostrat el seu descontentament despr\u00e9s de l&#8217;abs\u00e8ncia de comunicaci\u00f3 ferrovi\u00e0ria entre el seu municipi i Utiel aix\u00ed com amb la capital des de principis de gener. &#8220;Concretament, l&#8217;abs\u00e8ncia de <a class=\"mh-excerpt-more\" href=\"https:\/\/tucomarca.whitekongsoftware.com\/ca\/veins-de-camporrobles-reclamen-a-adif-la-posada-en-servei-del-tram-de-la-linia-utiel-conca-al-seu-pas-pel-municipi-interrompuda-des-del-1-de-gener\/\" title=\"Ve\u00efns de Camporrobles reclamen a Adif la posada en servei del tram de la l\u00ednia Utiel-Conca al seu pas pel municipi interrompuda des del 8 de gener\">[+] <\/a><\/div>\n","protected":false},"author":12,"featured_media":125251,"comment_status":"open","ping_status":"open","sticky":false,"template":"","format":"standard","meta":{"footnotes":""},"categories":[11031,10898,10948,10894,10947,10909,10896],"tags":[12214,11098,13710,11459],"class_list":["post-125261","post","type-post","status-publish","format-standard","has-post-thumbnail","category-camporrobles-ca","category-ventana-ca","category-infraestructuras-ca","category-la-comarca-ca","category-politica","category-requena-utiel-ca","category-seccion-ca","tag-adif-ca","tag-camporrobles-ca","tag-tren-ca","tag-utiel-requena-ca"],"_links":{"self":[{"href":"https:\/\/tucomarca.whitekongsoftware.com\/ca\/wp-json\/wp\/v2\/posts\/125261","targetHints":{"allow":["GET"]}}],"collection":[{"href":"https:\/\/tucomarca.whitekongsoftware.com\/ca\/wp-json\/wp\/v2\/posts"}],"about":[{"href":"https:\/\/tucomarca.whitekongsoftware.com\/ca\/wp-json\/wp\/v2\/types\/post"}],"author":[{"embeddable":true,"href":"https:\/\/tucomarca.whitekongsoftware.com\/ca\/wp-json\/wp\/v2\/users\/12"}],"replies":[{"embeddable":true,"href":"https:\/\/tucomarca.whitekongsoftware.com\/ca\/wp-json\/wp\/v2\/comments?post=125261"}],"version-history":[{"count":0,"href":"https:\/\/tucomarca.whitekongsoftware.com\/ca\/wp-json\/wp\/v2\/posts\/125261\/revisions"}],"wp:featuredmedia":[{"embeddable":true,"href":"https:\/\/tucomarca.whitekongsoftware.com\/ca\/wp-json\/wp\/v2\/media\/125251"}],"wp:attachment":[{"href":"https:\/\/tucomarca.whitekongsoftware.com\/ca\/wp-json\/wp\/v2\/media?parent=125261"}],"wp:term":[{"taxonomy":"category","embeddable":true,"href":"https:\/\/tucomarca.whitekongsoftware.com\/ca\/wp-json\/wp\/v2\/categories?post=125261"},{"taxonomy":"post_tag","embeddable":true,"href":"https:\/\/tucomarca.whitekongsoftware.com\/ca\/wp-json\/wp\/v2\/tags?post=125261"}],"curies":[{"name":"wp","href":"https:\/\/api.w.org\/{rel}","templated":true}]}}