{"id":125190,"date":"2021-01-30T08:59:00","date_gmt":"2021-01-30T07:59:00","guid":{"rendered":"http:\/\/www.tucomarca.com\/wordpress\/segunda\/?p=125190"},"modified":"2021-01-30T11:30:17","modified_gmt":"2021-01-30T10:30:17","slug":"mompo-pp-plantea-un-paquete-de-medidas-para-que-las-aulas-sean-mas-seguras-y-pide-abastecimiento-de-epis-como-las-ffp2","status":"publish","type":"post","link":"https:\/\/tucomarca.whitekongsoftware.com\/ca\/mompo-pp-plantea-un-paquete-de-medidas-para-que-las-aulas-sean-mas-seguras-y-pide-abastecimiento-de-epis-como-las-ffp2\/","title":{"rendered":"Momp\u00f3 (PP) planteja un paquet de mesures perqu\u00e8 les aules siguin m\u00e9s segures i demana prove\u00efment d&#8217;EPI com les FFP2"},"content":{"rendered":"\n<p class=\"wp-block-paragraph\">El president provincial de l&#8217;PP de Val\u00e8ncia, Vicente Momp\u00f3, ha mostrat la seva \u00abenorme preocupaci\u00f3 per l&#8217;evoluci\u00f3 de la pand\u00e8mia de coronavirus en els centres educatius de la prov\u00edncia\u00bb. En aquest context ha proposat una s\u00e8rie de mesures perqu\u00e8 les aules es converteixin en \u00abespais el m\u00e9s segurs possible\u00bb.<\/p>\n\n\n\n<p class=\"wp-block-paragraph\">As\u00ed ha expuesto una bater\u00eda de iniciativas que ayuden a \u00abvelar por el bienestar de la comunidad educativa\u00bb como, por ejemplo, el abastecimiento mensual de Equipos de Protecci\u00f3n Individual que debe ser \u00abuna obligaci\u00f3n para el Consell que encabeza Ximo Puig\u00bb. Momp\u00f3 ha reflexionado sobre la conveniencia de que lleguen a los centros educativos mascarillas FFP2 despu\u00e9s de que los expertos sanitarios recomienden su uso.<\/p>\n\n\n\n<p class=\"wp-block-paragraph\">Ha pedido igualmente \u2013ante el desamparo al que est\u00e1n sometidos los equipos directivos y claustros en plena tercera ola de la COVID-19\u2013, que \u00abel profesorado sea considerado como personal de riesgo dentro del Plan de Vacunaci\u00f3n\u00bb.<\/p>\n\n\n\n<p class=\"wp-block-paragraph\">Vicente Momp\u00f3 ha explicado que este plan de acci\u00f3n que ha impulsado el partido en la provincia contra la COVID-19 en los centros educativos se est\u00e1 distribuyendo por las diferentes redes sociales bajo el hastag de #PPorUnaEducaci\u00f3nSegura.<\/p>\n\n\n\n<p class=\"wp-block-paragraph\">El l\u00edder provincial ha lamentado que los docentes no saben en la actualidad si existe o no una correcta ventilaci\u00f3n en las aulas porque desde el Consell no se ha hecho un estudio de la calidad del aire. Como ejemplo de la mala gesti\u00f3n se ha cuestionado si \u00abpiensan los miembros del Bot\u00e0nic que son suficientes 8.000 purificadores para las m\u00e1s de 47.000 aulas que hay en la provincia\u00bb.<\/p>\n\n\n\n<p class=\"wp-block-paragraph\">Momp\u00f3 tambi\u00e9n ha reclamado una mejora de las herramientas inform\u00e1ticas con las que ha de trabajar la comunidad educativa porque las que se han puesto en marcha para combatir la COVID-19 \u00abpresentan numerosos problemas\u00bb.<\/p>\n\n\n\n<p class=\"wp-block-paragraph\">En cuanto a los alumnos y profesores que han dado positivo Momp\u00f3 ha pedido que \u00absu regreso a las aulas vaya acompa\u00f1ado de una segunda PCR, mientras que el primero de esos an\u00e1lisis debe realizarse de manera inmediata\u00bb.<\/p>\n\n\n\n<p class=\"wp-block-paragraph\"><strong>Cubrir bajas e informar<\/strong><\/p>\n\n\n\n<p class=\"wp-block-paragraph\">Entre las medidas que el PP provincial exige al Consell de Ximo Puig y M\u00f3nica Oltra tambi\u00e9n se resalta la necesidad de \u00abcubrir las bajas de manera inmediata para que los alumnos no pierdan m\u00e1s horas de clase\u00bb, al igual que \u00abdebe ofrecerse informaci\u00f3n permanente a la comunidad educativa sobre la evoluci\u00f3n de la COVID-19\u00bb.<\/p>\n\n\n\n<p class=\"wp-block-paragraph\">Por \u00faltimo, Momp\u00f3 \u2013quien ha lamentado los continuos enfrentamientos entre los socios de gobierno del Consell porque \u00abdesv\u00edan esfuerzos a cuestiones no prioritarias\u00bb\u2013, ha exigido que se \u00abrevise y adapte de forma permanente el Plan de Contingencia contra la COVID-19 en los centros educativos porque ahora hay planes obsoletos\u00bb.<\/p>\n","protected":false},"excerpt":{"rendered":"<div class=\"mh-excerpt\">El president provincial de l&#8217;PP de Val\u00e8ncia, Vicente Momp\u00f3, ha mostrat la seva \u00abenorme preocupaci\u00f3 per l&#8217;evoluci\u00f3 de la pand\u00e8mia de coronavirus en els centres educatius de la prov\u00edncia\u00bb. En aquest context ha proposat una <a class=\"mh-excerpt-more\" href=\"https:\/\/tucomarca.whitekongsoftware.com\/ca\/mompo-pp-plantea-un-paquete-de-medidas-para-que-las-aulas-sean-mas-seguras-y-pide-abastecimiento-de-epis-como-las-ffp2\/\" title=\"Momp\u00f3 (PP) planteja un paquet de mesures perqu\u00e8 les aules siguin m\u00e9s segures i demana prove\u00efment d&#8217;EPI com les FFP2\">[+] <\/a><\/div>\n","protected":false},"author":12,"featured_media":124118,"comment_status":"open","ping_status":"open","sticky":false,"template":"","format":"standard","meta":{"footnotes":""},"categories":[11010,12202,10948,10894,10904,10903,10947,10896,10897],"tags":[11939,11940,11978,11344],"class_list":["post-125190","post","type-post","status-publish","format-standard","has-post-thumbnail","category-canal-salud","category-covid-19-ca","category-infraestructuras-ca","category-la-comarca-ca","category-sin-categorizar-ca","category-medio-ambiente-la-comarca-ca","category-politica","category-seccion-ca","category-sucesos-la-comarca-ca","tag-coronavirus-ca","tag-covid-19-ca","tag-partido-popular-ca","tag-pp-ca"],"_links":{"self":[{"href":"https:\/\/tucomarca.whitekongsoftware.com\/ca\/wp-json\/wp\/v2\/posts\/125190","targetHints":{"allow":["GET"]}}],"collection":[{"href":"https:\/\/tucomarca.whitekongsoftware.com\/ca\/wp-json\/wp\/v2\/posts"}],"about":[{"href":"https:\/\/tucomarca.whitekongsoftware.com\/ca\/wp-json\/wp\/v2\/types\/post"}],"author":[{"embeddable":true,"href":"https:\/\/tucomarca.whitekongsoftware.com\/ca\/wp-json\/wp\/v2\/users\/12"}],"replies":[{"embeddable":true,"href":"https:\/\/tucomarca.whitekongsoftware.com\/ca\/wp-json\/wp\/v2\/comments?post=125190"}],"version-history":[{"count":0,"href":"https:\/\/tucomarca.whitekongsoftware.com\/ca\/wp-json\/wp\/v2\/posts\/125190\/revisions"}],"wp:featuredmedia":[{"embeddable":true,"href":"https:\/\/tucomarca.whitekongsoftware.com\/ca\/wp-json\/wp\/v2\/media\/124118"}],"wp:attachment":[{"href":"https:\/\/tucomarca.whitekongsoftware.com\/ca\/wp-json\/wp\/v2\/media?parent=125190"}],"wp:term":[{"taxonomy":"category","embeddable":true,"href":"https:\/\/tucomarca.whitekongsoftware.com\/ca\/wp-json\/wp\/v2\/categories?post=125190"},{"taxonomy":"post_tag","embeddable":true,"href":"https:\/\/tucomarca.whitekongsoftware.com\/ca\/wp-json\/wp\/v2\/tags?post=125190"}],"curies":[{"name":"wp","href":"https:\/\/api.w.org\/{rel}","templated":true}]}}