{"id":125119,"date":"2021-01-29T09:00:00","date_gmt":"2021-01-29T08:00:00","guid":{"rendered":"http:\/\/www.tucomarca.com\/wordpress\/segunda\/?p=125119"},"modified":"2021-01-29T13:56:28","modified_gmt":"2021-01-29T12:56:28","slug":"la-diputacio-de-valencia-reunix-els-mes-de-100-membres-de-la-seua-xarxa-de-municipis-contra-la-violencia-de-genere","status":"publish","type":"post","link":"https:\/\/tucomarca.whitekongsoftware.com\/ca\/la-diputacio-de-valencia-reunix-els-mes-de-100-membres-de-la-seua-xarxa-de-municipis-contra-la-violencia-de-genere\/","title":{"rendered":"La Diputaci\u00f3 de Val\u00e8ncia reunix els m\u00e9s de 100 membres de la seua Xarxa de Municipis contra la Viol\u00e8ncia de G\u00e8nere"},"content":{"rendered":"\n<h4 class=\"wp-block-heading\">La corporaci\u00f3 celebra per videoconfer\u00e8ncia la segona trobada d&#8217;esta xarxa pionera que fomenta l&#8217;intercanvi d&#8217;experi\u00e8ncies entre ajuntaments per a donar la millor resposta davant la xacra social<\/h4>\n\n\n\n<h4 class=\"wp-block-heading\">El president, Toni Gaspar, i la diputada d&#8217;Igualtat, Eli Garc\u00eda, insten els ajuntaments a continuar treballant cap a la igualtat real i els fan part\u00edcips de la campanya \u2018El silenci et fa c\u00f2mplice\u2019<\/h4>\n\n\n\n<h4 class=\"wp-block-heading\">La Diputaci\u00f3 t\u00e9 pressupostada en 2021 una subvenci\u00f3 global de 500.000 euros per a la Xarxa i com a novetat cada consistori rebr\u00e0 una quantitat fixa per a invertir en la lluita contra la viol\u00e8ncia masclista<\/h4>\n\n\n\n<p class=\"wp-block-paragraph\">La Diputaci\u00f3 de Val\u00e8ncia ha celebrat este dijous la segona trobada de la seua Xarxa de Municipis Protegits contra la Viol\u00e8ncia de G\u00e8nere, que compta ja amb 101 ajuntaments adherits despr\u00e9s de la recent inclusi\u00f3 de 17 consistoris de huit comarques. M\u00e9s d&#8217;un centenar de responsables pol\u00edtics i personal t\u00e8cnic en mat\u00e8ria d&#8217;Igualtat de 55 d&#8217;estos ens locals, aix\u00ed com membres d&#8217;associacions i fundacions i integrants del comit\u00e9 d&#8217;expertes de la Diputaci\u00f3 han participat en esta reuni\u00f3 de treball per videoconfer\u00e8ncia.<br>La corporaci\u00f3 provincial t\u00e9 pressupostada per a enguany una subvenci\u00f3 global de 500.000 euros per a esta Xarxa de Municipis Protegits contra la Viol\u00e8ncia de G\u00e8nere, amb una novetat important respecte a les ajudes concedides en anteriors exercicis com \u00e9s la quantitat fixa que rebr\u00e0 cadascun dels ajuntaments membres de la Xarxa siga com siga la seua grand\u00e0ria. Amb eixa assignaci\u00f3 d&#8217;entre 2.000 i 3.000 euros cada municipi podr\u00e0 emprendre, amb total autonomia, les accions que considere oportunes destinades a erradicar la viol\u00e8ncia contra les dones.<\/p>\n\n\n\n<p class=\"wp-block-paragraph\">Des del Sal\u00f3 de Plens provincial, el president de la Diputaci\u00f3, Toni Gaspar, i la diputada d&#8217;Igualtat, Eli Garc\u00eda, han coordinat una trobada en la qual han instat els responsables locals a continuar treballant en pol\u00edtiques essencials que busquen la igualtat real entre homes i dones i a intercanviar estes experi\u00e8ncies per a oferir entre tots la millor resposta davant la barb\u00e0rie masclista.<br>El president Gaspar ha agra\u00eft a la titular d&#8217;Igualtat i els responsables locals el seu esfor\u00e7 per a realitzar este acte i ha demanat a totes i tots els participants \u201ccontinuar utilitzant les institucions a les quals pertanyem com a plataformes de den\u00fancia i de canvi\u201d. Gaspar ha animat als membres d\u2019esta xarxa pionera en la lluita contra la viol\u00e8ncia de g\u00e8nere a continuar \u201cdenunciant, reivindicant, treballant, ajudant i exigint\u201d per a avan\u00e7ar amb pas ferm en la lluita contra la xacra social.<br>Per part seua, Gaspar continuar\u00e0 emetent el seu crit de r\u00e0bia contra la xacra masclista a l&#8217;inici de cada sessi\u00f3 plen\u00e0ria en la Diputaci\u00f3, recordant a les v\u00edctimes que no estan soles, i que per a aix\u00f2 \u00e9s important no convertir-se en c\u00f2mplice de la barb\u00e0rie. \u201cContinuarem lluitant per un m\u00f3n lliure de viol\u00e8ncia contra les dones\u201d, va assegurar en la seua primera intervenci\u00f3 en el ple de gener, recordant que el silenci \u201cno sols \u00e9s c\u00f2mplice, sin\u00f3 injust i covard\u201d.<br>Precisament eix \u00e9s el lema de la campanya que els responsables provincials han presentat este dijous i de la qual volen fer part\u00edcips a tots els membres de la xarxa. Sota el t\u00edtol \u2018El silenci et fa c\u00f2mplice\u2019, l&#8217;\u00e0rea provincial d&#8217;Igualtat que dirigix Eli Garc\u00eda distribuir\u00e0 des de hui mateix entre el centenar de municipis que s&#8217;han sumat a esta iniciativa pionera cartells, d\u00edptics i material audiovisual que pret\u00e9n conscienciar de la import\u00e0ncia de la prevenci\u00f3 en l&#8217;\u00e0mbit educatiu, amb missatges directes i un llenguatge visual dirigit principalment a joves i adolescents.<\/p>\n\n\n\n<p class=\"wp-block-paragraph\"><strong>Acci\u00f3 conjunta<\/strong><\/p>\n\n\n\n<p class=\"wp-block-paragraph\">En paraules del president de la Diputaci\u00f3, \u201cSi alguna cosa ens est\u00e0 ensenyant esta male\u00efda pand\u00e8mia \u00e9s que nom\u00e9s amb el treball comunitari, de tots i cadascun de manera personal, i de l&#8217;acci\u00f3 conjunta de totes les institucions, es pot fer front a una cosa tan complexa i letal com \u00e9s un virus\u201d. Toni Gaspar reclama la mateixa acci\u00f3 conjunta per a fer front a la viol\u00e8ncia de g\u00e8nere, \u201cuna realitat nociva que portem anys patint i no hem aconseguit erradicar de manera efectiva\u201d.<br>Tamb\u00e9 referint-se a la pand\u00e8mia va iniciar la seua intervenci\u00f3 la responsable d&#8217;Igualtat, Eli Garc\u00eda, qui conscient de la incid\u00e8ncia dels contagis i de la situaci\u00f3 l\u00edmit que es viu en molts municipis, va animar als representants locals a mantindre viva la lluita contra el virus i tamb\u00e9 contra la viol\u00e8ncia de g\u00e8nere. \u201cNo podem parar, hem de continuar treballant encara que siga d&#8217;una altra manera, perqu\u00e8 lamentablement la viol\u00e8ncia contra les dones seguix i fins i tot s&#8217;incrementa amb esta situaci\u00f3 de pand\u00e8mia\u201d, ha assenyalat.<\/p>\n\n\n\n<p class=\"wp-block-paragraph\">Eli Garc\u00eda ha donat la benvinguda als 17 nous membres d&#8217;esta xarxa pionera l&#8217;objectiu de la qual \u00e9s aconseguir una acci\u00f3 m\u00e9s efica\u00e7 en la prevenci\u00f3, detecci\u00f3 i eliminaci\u00f3 de qualsevol forma de viol\u00e8ncia contra les dones que es puga donar en els municipis de la prov\u00edncia. En el present exercici, l&#8217;acci\u00f3 d&#8217;esta xarxa nascuda al novembre de 2018 es basa en la coeducaci\u00f3.<br>La diputada d&#8217;Igualtat ha explicat que la campanya que es distribu\u00efx entre els municipis t\u00e9 com a finalitat \u201ctreballar la prevenci\u00f3 de la viol\u00e8ncia de g\u00e8nere en joves i adolescents des dels centres educatius, cases de la joventut i escoles esportives, alertant de situacions perilloses com el control de les relacions de parella i la cosificaci\u00f3 del cos femen\u00ed i la seua difusi\u00f3 en xarxes\u201d.<br>La campanya i l&#8217;estrat\u00e8gia de coeducaci\u00f3 formen part de l&#8217;eix principal d&#8217;actuaci\u00f3 d&#8217;esta xarxa provincial que possibilita \u201cuna acci\u00f3 coordinada i transversal que assegure una resposta efica\u00e7, r\u00e0pida i homog\u00e8nia en la intervenci\u00f3 amb dones v\u00edctimes de maltractaments\u201d.<\/p>\n\n\n\n<p class=\"wp-block-paragraph\"><strong>M\u00e9s d&#8217;un centenar de membres<\/strong><\/p>\n\n\n\n<p class=\"wp-block-paragraph\">La Xarxa de Municipis Protegits contra la Viol\u00e8ncia de G\u00e8nere de la Diputaci\u00f3 de Val\u00e8ncia supera el centenar de membres despr\u00e9s de sumar 17 nous ajuntaments, que van formalitzar la seua adhesi\u00f3 durant l&#8217;assemblea general celebrada de manera telem\u00e0tica el passat 20 de novembre. Amb la incorporaci\u00f3 d&#8217;estos municipis de huit comarques valencianes, la xarxa provincial contra la viol\u00e8ncia masclista creada al novembre de 2018 suma ja 101 localitats.<\/p>\n\n\n\n<p class=\"wp-block-paragraph\">Per comarques, els ajuntaments que s&#8217;han sumat recentment a la Xarxa han sigut els de L&#8217;Alqueria de la Comtessa, Alfauir, Xeraco, Vilallonga i Guardamar a La Safor; L&#8217;Olleria, Agullent, Pobla del Duc i R\u00e0fol de Salem a La Vall d&#8217;Albaida; Riola i Alberic per part de la Ribera; Chiva i Alborache en L\u2019Hoya de Bu\u00f1ol; i els ajuntaments de Silla, a L&#8217;Horta Sud; Moixent, a La Costera; Anna, a La Canal de Navarr\u00e9s; i Ademuz, en El Rinc\u00f3n d&#8217;Ademuz.<\/p>\n","protected":false},"excerpt":{"rendered":"<div class=\"mh-excerpt\">La corporaci\u00f3 celebra per videoconfer\u00e8ncia la segona trobada d&#8217;esta xarxa pionera que fomenta l&#8217;intercanvi d&#8217;experi\u00e8ncies entre ajuntaments per a donar la millor resposta davant la xacra social El president, Toni Gaspar, i la diputada d&#8217;Igualtat, <a class=\"mh-excerpt-more\" href=\"https:\/\/tucomarca.whitekongsoftware.com\/ca\/la-diputacio-de-valencia-reunix-els-mes-de-100-membres-de-la-seua-xarxa-de-municipis-contra-la-violencia-de-genere\/\" title=\"La Diputaci\u00f3 de Val\u00e8ncia reunix els m\u00e9s de 100 membres de la seua Xarxa de Municipis contra la Viol\u00e8ncia de G\u00e8nere\">[+] <\/a><\/div>\n","protected":false},"author":12,"featured_media":125118,"comment_status":"open","ping_status":"open","sticky":false,"template":"","format":"standard","meta":{"footnotes":""},"categories":[10890,10926,10973,10964,10898,10948,10963,10894,10904,10912,10947,10896,10975],"tags":[11246,13701,13702,13111,13628,11629],"class_list":["post-125119","post","type-post","status-publish","format-standard","has-post-thumbnail","category-ademus","category-ademus-ca","category-alborache-ca","category-anna-ca","category-ventana-ca","category-infraestructuras-ca","category-la-canal-de-navarres-ca","category-la-comarca-ca","category-sin-categorizar-ca","category-la-hoya-ca","category-politica","category-seccion-ca","category-chiva-ca","tag-diputacio-de-valencia-ca","tag-diputada-de-igualdad-ca","tag-eli-garcia-ca","tag-red-de-municipios-protegidos-contra-la-violencia-de-genero-ca","tag-toni-gaspar-ca","tag-violencia-de-genero-ca"],"_links":{"self":[{"href":"https:\/\/tucomarca.whitekongsoftware.com\/ca\/wp-json\/wp\/v2\/posts\/125119","targetHints":{"allow":["GET"]}}],"collection":[{"href":"https:\/\/tucomarca.whitekongsoftware.com\/ca\/wp-json\/wp\/v2\/posts"}],"about":[{"href":"https:\/\/tucomarca.whitekongsoftware.com\/ca\/wp-json\/wp\/v2\/types\/post"}],"author":[{"embeddable":true,"href":"https:\/\/tucomarca.whitekongsoftware.com\/ca\/wp-json\/wp\/v2\/users\/12"}],"replies":[{"embeddable":true,"href":"https:\/\/tucomarca.whitekongsoftware.com\/ca\/wp-json\/wp\/v2\/comments?post=125119"}],"version-history":[{"count":0,"href":"https:\/\/tucomarca.whitekongsoftware.com\/ca\/wp-json\/wp\/v2\/posts\/125119\/revisions"}],"wp:featuredmedia":[{"embeddable":true,"href":"https:\/\/tucomarca.whitekongsoftware.com\/ca\/wp-json\/wp\/v2\/media\/125118"}],"wp:attachment":[{"href":"https:\/\/tucomarca.whitekongsoftware.com\/ca\/wp-json\/wp\/v2\/media?parent=125119"}],"wp:term":[{"taxonomy":"category","embeddable":true,"href":"https:\/\/tucomarca.whitekongsoftware.com\/ca\/wp-json\/wp\/v2\/categories?post=125119"},{"taxonomy":"post_tag","embeddable":true,"href":"https:\/\/tucomarca.whitekongsoftware.com\/ca\/wp-json\/wp\/v2\/tags?post=125119"}],"curies":[{"name":"wp","href":"https:\/\/api.w.org\/{rel}","templated":true}]}}