{"id":125054,"date":"2021-01-28T22:24:00","date_gmt":"2021-01-28T21:24:00","guid":{"rendered":"http:\/\/www.tucomarca.com\/wordpress\/segunda\/?p=125054"},"modified":"2021-01-29T01:12:48","modified_gmt":"2021-01-29T00:12:48","slug":"el-consorci-valencia-interior-sadapta-a-la-situacio-covid-amb-xerrades-en-linia-per-al-seu-programa-de-compostatge","status":"publish","type":"post","link":"https:\/\/tucomarca.whitekongsoftware.com\/ca\/el-consorci-valencia-interior-sadapta-a-la-situacio-covid-amb-xerrades-en-linia-per-al-seu-programa-de-compostatge\/","title":{"rendered":"El Consorci Val\u00e8ncia Interior s&#8217;adapta a la situaci\u00f3 Covid amb xerrades en l\u00ednia per al seu programa de compostatge"},"content":{"rendered":"\n<p class=\"wp-block-paragraph\">El Consorci&nbsp;Val\u00e8ncia Interior, que gestiona els&nbsp;residus&nbsp;de 61&nbsp;municipis&nbsp;de cinc&nbsp;comarques&nbsp;d&#8217;interior de la&nbsp;prov\u00edncia&nbsp;de Val\u00e8ncia,&nbsp;est\u00e0&nbsp;desenvolupant un&nbsp;programa que&nbsp;persegueix la&nbsp;prevenci\u00f3&nbsp;en la generaci\u00f3&nbsp;dels&nbsp;residus.&nbsp;Aquest&nbsp;ambici\u00f3sprojecte&nbsp;permet reduir&nbsp;la quantitat&nbsp;de residus que&nbsp;arriben a&nbsp;planta mitjan\u00e7ant&nbsp;el processat&nbsp;natural dels&nbsp;bioresidus:economia circular&nbsp;en estat&nbsp;pur.<\/p>\n\n\n\n<p class=\"wp-block-paragraph\">L&#8217;\u00e8xit d&#8217;aquest&nbsp;programa \u00e9s&nbsp;palpable i,&nbsp;per poder&nbsp;emprendre la&nbsp;formaci\u00f3&nbsp;adequada&nbsp;i continuar&nbsp;amb&nbsp;\u00e8xit aquest&nbsp;projecte, s&#8217;estan&nbsp;desenvolupant&nbsp;sessions&nbsp;formatives&nbsp;di\u00e0riament,&nbsp;de manera&nbsp;que tota persona que&nbsp;resideixi&nbsp;en algun dels&nbsp;61municipis de&nbsp;l&#8217;CVI&nbsp;pugui&nbsp;connectar-se a&nbsp;aquestes&nbsp;reunions&nbsp;i rebre&nbsp;la formaci\u00f3&nbsp;en l\u00ednia de&nbsp;l&#8217;equip&nbsp;especialitzat&nbsp;d&#8217;educaci\u00f3 ambiental.<\/p>\n\n\n\n<p class=\"wp-block-paragraph\">A la&nbsp;sessi\u00f3 online&nbsp;s&#8217;ofereix la&nbsp;mateixa&nbsp;informaci\u00f3&nbsp;que en les&nbsp;sessions&nbsp;presencials,&nbsp;que han deixat de&nbsp;celebrar-se&nbsp;donada&nbsp;la situaci\u00f3 provocada&nbsp;per la&nbsp;COVID-19&nbsp;i&nbsp;les&nbsp;restriccions&nbsp;plantejades&nbsp;per part de les&nbsp;institucions.&nbsp;Les&nbsp;fam\u00edlies&nbsp;interessades a participar&nbsp;s&#8217;inscriuen&nbsp;a&nbsp;les&nbsp;xerrades&nbsp;informatives&nbsp;a trav\u00e9s d&#8217;aquest&nbsp;enlla\u00e7&nbsp;https:\/\/forms.gle\/1B1roBLbYbh7AGVj7&nbsp;en qu\u00e8es&nbsp;convida a&nbsp;omplir un&nbsp;q\u00fcestionari&nbsp;d&#8217;inscripci\u00f3.&nbsp;La persona&nbsp;usu\u00e0ria&nbsp;rebr\u00e0&nbsp;un enlla\u00e7 a&nbsp;l&#8217;correu&nbsp;mitjan\u00e7ant el qual&nbsp;es acced\u00ed&nbsp;al&#8217;Aula&nbsp;Virtual de&nbsp;el Consorci&nbsp;Val\u00e8ncia Interior.&nbsp;A m\u00e9s, el&nbsp;CVI&nbsp;proporciona tamb\u00e9 un&nbsp;correu&nbsp;electr\u00f2nic&nbsp;per a qualsevoldubte o&nbsp;informaci\u00f3&nbsp;sobre les&nbsp;sessions:&nbsp;compostaje@consorciovalenciainterior.es.<\/p>\n\n\n\n<p class=\"wp-block-paragraph\">Durant la trobada&nbsp;virtual&nbsp;s&#8217;explica com&nbsp;compostar&nbsp;a casa i els&nbsp;beneficis&nbsp;de formar&nbsp;part&nbsp;d&#8217;aquest projecte.&nbsp;Les&nbsp;fam\u00edliessubscriuen un&nbsp;comprom\u00eds&nbsp;amb&nbsp;el CVI, que els&nbsp;fa&nbsp;lliurament d&#8217;un&nbsp;compostador&nbsp;amb&nbsp;un codi QR&nbsp;per al seu habitatge.&nbsp;La crisi&nbsp;de&nbsp;l&#8217;COVID&nbsp;ha&nbsp;provocat&nbsp;tamb\u00e9&nbsp;un canvi en els&nbsp;protocols&nbsp;de lliurament&nbsp;dels&nbsp;compostadors,&nbsp;no&nbsp;nom\u00e9s&nbsp;en&nbsp;lesformacions,&nbsp;perqu\u00e8&nbsp;aquesta&nbsp;tasca&nbsp;segueixi&nbsp;desenvolupant-se amb&nbsp;\u00e8xit.&nbsp;Aix\u00ed, els lliuraments de&nbsp;les&nbsp;composteras&nbsp;es&nbsp;realitzena&nbsp;l&#8217;aire&nbsp;lliure, l&#8217;equip&nbsp;convoca&nbsp;cada&nbsp;persona&nbsp;en un horari&nbsp;concret&nbsp;per evitar&nbsp;aglomeracions&nbsp;i&nbsp;es&nbsp;mantenen&nbsp;totes&nbsp;les&nbsp;mesureshigi\u00e8niques&nbsp;oportunes,&nbsp;com l&#8217;\u00fas de&nbsp;gel hidroalcoh\u00f3lico&nbsp;i&nbsp;l&#8217;\u00fas obligatori&nbsp;de m\u00e0scares&nbsp;per al repartiment&nbsp;.<\/p>\n\n\n\n<p class=\"wp-block-paragraph\">Un cop&nbsp;les&nbsp;fam\u00edlies&nbsp;es&nbsp;descarreguen&nbsp;l&#8217;APP&nbsp;poden rebre&nbsp;assessorament&nbsp;personalitzat&nbsp;per&nbsp;part&nbsp;de&nbsp;l&#8217;equip&nbsp;d&#8217;educaci\u00f3 ambiental,&nbsp;registrar les&nbsp;aportacions&nbsp;de residus&nbsp;a&nbsp;la&nbsp;compostera&nbsp;i&nbsp;consultar els seus dubtes.&nbsp;En definitiva, es&nbsp;pret\u00e9n&nbsp;que se sentin&nbsp;acompanyades&nbsp;en aquest&nbsp;proc\u00e9s&nbsp;de gesti\u00f3&nbsp;de residus que, en la majoria&nbsp;dels casos,&nbsp;\u00e9s nou&nbsp;per a ells.&nbsp;El projectecontempla la formaci\u00f3, el lliurament de&nbsp;l&#8217;compostador i&nbsp;l&#8217;acompanyament&nbsp;perqu\u00e8 el proc\u00e9s&nbsp;sigui&nbsp;un \u00e8xit.&nbsp;El&nbsp;CVI&nbsp;ofereixaquest&nbsp;servei de manera&nbsp;gratu\u00efta als&nbsp;ve\u00efns&nbsp;i&nbsp;ve\u00efnes dels&nbsp;municipis&nbsp;consorciats&nbsp;i&nbsp;assumeix el&nbsp;cost&nbsp;de les&nbsp;tasques deformaci\u00f3, la distribuci\u00f3 de&nbsp;les&nbsp;composteras&nbsp;i&nbsp;l&#8217;acompanyament en&nbsp;la gesti\u00f3 dels&nbsp;bioresidus.<\/p>\n","protected":false},"excerpt":{"rendered":"<div class=\"mh-excerpt\">El Consorci&nbsp;Val\u00e8ncia Interior, que gestiona els&nbsp;residus&nbsp;de 61&nbsp;municipis&nbsp;de cinc&nbsp;comarques&nbsp;d&#8217;interior de la&nbsp;prov\u00edncia&nbsp;de Val\u00e8ncia,&nbsp;est\u00e0&nbsp;desenvolupant un&nbsp;programa que&nbsp;persegueix la&nbsp;prevenci\u00f3&nbsp;en la generaci\u00f3&nbsp;dels&nbsp;residus.&nbsp;Aquest&nbsp;ambici\u00f3sprojecte&nbsp;permet reduir&nbsp;la quantitat&nbsp;de residus que&nbsp;arriben a&nbsp;planta mitjan\u00e7ant&nbsp;el processat&nbsp;natural dels&nbsp;bioresidus:economia circular&nbsp;en estat&nbsp;pur. L&#8217;\u00e8xit d&#8217;aquest&nbsp;programa \u00e9s&nbsp;palpable i,&nbsp;per poder&nbsp;emprendre la&nbsp;formaci\u00f3&nbsp;adequada&nbsp;i continuar&nbsp;amb&nbsp;\u00e8xit aquest&nbsp;projecte, s&#8217;estan&nbsp;desenvolupant&nbsp;sessions&nbsp;formatives&nbsp;di\u00e0riament,&nbsp;de <a class=\"mh-excerpt-more\" href=\"https:\/\/tucomarca.whitekongsoftware.com\/ca\/el-consorci-valencia-interior-sadapta-a-la-situacio-covid-amb-xerrades-en-linia-per-al-seu-programa-de-compostatge\/\" title=\"El Consorci Val\u00e8ncia Interior s&#8217;adapta a la situaci\u00f3 Covid amb xerrades en l\u00ednia per al seu programa de compostatge\">[+] <\/a><\/div>\n","protected":false},"author":12,"featured_media":125051,"comment_status":"open","ping_status":"open","sticky":false,"template":"","format":"standard","meta":{"footnotes":""},"categories":[11010,12202,10948,10947,10896],"tags":[11939,11940,11305],"class_list":["post-125054","post","type-post","status-publish","format-standard","has-post-thumbnail","category-canal-salud","category-covid-19-ca","category-infraestructuras-ca","category-politica","category-seccion-ca","tag-coronavirus-ca","tag-covid-19-ca","tag-cvi-ca"],"_links":{"self":[{"href":"https:\/\/tucomarca.whitekongsoftware.com\/ca\/wp-json\/wp\/v2\/posts\/125054","targetHints":{"allow":["GET"]}}],"collection":[{"href":"https:\/\/tucomarca.whitekongsoftware.com\/ca\/wp-json\/wp\/v2\/posts"}],"about":[{"href":"https:\/\/tucomarca.whitekongsoftware.com\/ca\/wp-json\/wp\/v2\/types\/post"}],"author":[{"embeddable":true,"href":"https:\/\/tucomarca.whitekongsoftware.com\/ca\/wp-json\/wp\/v2\/users\/12"}],"replies":[{"embeddable":true,"href":"https:\/\/tucomarca.whitekongsoftware.com\/ca\/wp-json\/wp\/v2\/comments?post=125054"}],"version-history":[{"count":0,"href":"https:\/\/tucomarca.whitekongsoftware.com\/ca\/wp-json\/wp\/v2\/posts\/125054\/revisions"}],"wp:featuredmedia":[{"embeddable":true,"href":"https:\/\/tucomarca.whitekongsoftware.com\/ca\/wp-json\/wp\/v2\/media\/125051"}],"wp:attachment":[{"href":"https:\/\/tucomarca.whitekongsoftware.com\/ca\/wp-json\/wp\/v2\/media?parent=125054"}],"wp:term":[{"taxonomy":"category","embeddable":true,"href":"https:\/\/tucomarca.whitekongsoftware.com\/ca\/wp-json\/wp\/v2\/categories?post=125054"},{"taxonomy":"post_tag","embeddable":true,"href":"https:\/\/tucomarca.whitekongsoftware.com\/ca\/wp-json\/wp\/v2\/tags?post=125054"}],"curies":[{"name":"wp","href":"https:\/\/api.w.org\/{rel}","templated":true}]}}