{"id":124999,"date":"2021-01-28T11:00:00","date_gmt":"2021-01-28T10:00:00","guid":{"rendered":"http:\/\/www.tucomarca.com\/wordpress\/segunda\/?p=124999"},"modified":"2021-01-28T22:42:57","modified_gmt":"2021-01-28T21:42:57","slug":"la-regidoria-de-serveis-de-bunyol-recorda-que-el-manteniment-al-municipi-ha-evitat-lamentar-danys-materials-despres-dels-forts-ultims-vents","status":"publish","type":"post","link":"https:\/\/tucomarca.whitekongsoftware.com\/ca\/la-regidoria-de-serveis-de-bunyol-recorda-que-el-manteniment-al-municipi-ha-evitat-lamentar-danys-materials-despres-dels-forts-ultims-vents\/","title":{"rendered":"La regidoria de Serveis de Bunyol recorda que el manteniment al municipi ha evitat lamentar danys materials despr\u00e9s dels forts \u00faltims vents"},"content":{"rendered":"\n<h4 class=\"wp-block-heading\">Rafa P\u00e9rez, regidor de Serveis de l&#8217;Ajuntament de Bunyol, ha recordat a la poblaci\u00f3 que el treball de manteniment que des de la Brigada Municipal ia trav\u00e9s d&#8217;empreses externes, es porta peri\u00f2dicament amb el mantemiento de zones verdes ha evitat que aquests \u00faltims dies de fortes ratxes de vent no s&#8217;hagen produ\u00eft danys materials.<\/h4>\n\n\n\n<p class=\"wp-block-paragraph\">Rafa P\u00e9rez, regidor de Serveis de l&#8217;Ajuntament de Bunyol, s&#8217;informa a la poblaci\u00f3 que els treballs de manteniment que es duen a terme en el terme municipal tenen els seus fruits, ja que no ha calgut lamentar cap dany material despr\u00e9s dels forts vents registrats el passat cap de setmana.<\/p>\n\n\n\n<p class=\"wp-block-paragraph\">Despr\u00e9s del temporal de forts vents que han superat els 100km \/ h no hi ha hagut cap problema en la poblaci\u00f3, ni caiguda d&#8217;arbres, fanals, o amb sostre. Tot aix\u00f2 \u00e9s a causa de el tractament preventiu de manteniment que des de l&#8217;Ajuntament es porta a terme constantment.<\/p>\n\n\n\n<p class=\"wp-block-paragraph\">P\u00e9rez incideix que aquest treball preventiu es porta a terme des que ell prenguera les regnes d&#8217;aquesta regidoria en 2019. &#8220;Tamb\u00e9 \u00e9s important destacar que localitats amb molt menys vent que el registrat a Bunyol el cap de setmana han tingut molts problemes i lamentar forts danys materials en rotondes, escoles o carreteres. \u00c9s per aix\u00f2 que queda demostrat que el treball preventiu funciona i que hem de seguir treballant en aquesta mateixa l\u00ednia&#8221;, finalitza el regidor responsable d&#8217;aquesta \u00e0rea a l&#8217;Ajuntament.<\/p>\n","protected":false},"excerpt":{"rendered":"<div class=\"mh-excerpt\">Rafa P\u00e9rez, regidor de Serveis de l&#8217;Ajuntament de Bunyol, ha recordat a la poblaci\u00f3 que el treball de manteniment que des de la Brigada Municipal ia trav\u00e9s d&#8217;empreses externes, es porta peri\u00f2dicament amb el mantemiento <a class=\"mh-excerpt-more\" href=\"https:\/\/tucomarca.whitekongsoftware.com\/ca\/la-regidoria-de-serveis-de-bunyol-recorda-que-el-manteniment-al-municipi-ha-evitat-lamentar-danys-materials-despres-dels-forts-ultims-vents\/\" title=\"La regidoria de Serveis de Bunyol recorda que el manteniment al municipi ha evitat lamentar danys materials despr\u00e9s dels forts \u00faltims vents\">[+] <\/a><\/div>\n","protected":false},"author":12,"featured_media":90630,"comment_status":"open","ping_status":"open","sticky":false,"template":"","format":"standard","meta":{"footnotes":""},"categories":[10911,10948,10894,10912,10903,10947,10896,10897],"tags":[13689,10913,13690,10914,13691],"class_list":["post-124999","post","type-post","status-publish","format-standard","has-post-thumbnail","category-bunol-ca","category-infraestructuras-ca","category-la-comarca-ca","category-la-hoya-ca","category-medio-ambiente-la-comarca-ca","category-politica","category-seccion-ca","category-sucesos-la-comarca-ca","tag-brigada-municipal-ca","tag-bunol-ca","tag-concejalia-de-servicios-ca","tag-la-hoya-de-bunol-chiva-ca","tag-mantenimiento-ca"],"_links":{"self":[{"href":"https:\/\/tucomarca.whitekongsoftware.com\/ca\/wp-json\/wp\/v2\/posts\/124999","targetHints":{"allow":["GET"]}}],"collection":[{"href":"https:\/\/tucomarca.whitekongsoftware.com\/ca\/wp-json\/wp\/v2\/posts"}],"about":[{"href":"https:\/\/tucomarca.whitekongsoftware.com\/ca\/wp-json\/wp\/v2\/types\/post"}],"author":[{"embeddable":true,"href":"https:\/\/tucomarca.whitekongsoftware.com\/ca\/wp-json\/wp\/v2\/users\/12"}],"replies":[{"embeddable":true,"href":"https:\/\/tucomarca.whitekongsoftware.com\/ca\/wp-json\/wp\/v2\/comments?post=124999"}],"version-history":[{"count":0,"href":"https:\/\/tucomarca.whitekongsoftware.com\/ca\/wp-json\/wp\/v2\/posts\/124999\/revisions"}],"wp:featuredmedia":[{"embeddable":true,"href":"https:\/\/tucomarca.whitekongsoftware.com\/ca\/wp-json\/wp\/v2\/media\/90630"}],"wp:attachment":[{"href":"https:\/\/tucomarca.whitekongsoftware.com\/ca\/wp-json\/wp\/v2\/media?parent=124999"}],"wp:term":[{"taxonomy":"category","embeddable":true,"href":"https:\/\/tucomarca.whitekongsoftware.com\/ca\/wp-json\/wp\/v2\/categories?post=124999"},{"taxonomy":"post_tag","embeddable":true,"href":"https:\/\/tucomarca.whitekongsoftware.com\/ca\/wp-json\/wp\/v2\/tags?post=124999"}],"curies":[{"name":"wp","href":"https:\/\/api.w.org\/{rel}","templated":true}]}}