{"id":124938,"date":"2021-01-27T10:12:00","date_gmt":"2021-01-27T09:12:00","guid":{"rendered":"http:\/\/www.tucomarca.com\/wordpress\/segunda\/?p=124938"},"modified":"2021-01-27T21:37:30","modified_gmt":"2021-01-27T20:37:30","slug":"csif-denuncia-la-discriminacio-del-personal-laboral-de-lhospital-de-la-ribera-al-cobrar-un-25-menys-en-baixes-i-aillament","status":"publish","type":"post","link":"https:\/\/tucomarca.whitekongsoftware.com\/ca\/csif-denuncia-la-discriminacio-del-personal-laboral-de-lhospital-de-la-ribera-al-cobrar-un-25-menys-en-baixes-i-aillament\/","title":{"rendered":"CSIF den\u00fancia la \u201cdiscriminaci\u00f3\u201d del personal laboral de l&#8217;Hospital de la Ribera al cobrar un 25% menys en baixes i a\u00efllament"},"content":{"rendered":"\n<h4 class=\"wp-block-heading\"><strong>El sindicat avisa de la p\u00e8rdua salarial en cas de contagi i de que, a m\u00e9s, Conselleria de Sanitat no cobrix les seues baixes<\/strong><\/h4>\n\n\n\n<p class=\"wp-block-paragraph\">El sindicat CSIF denuncia la &#8220;discriminaci\u00f3&#8221; que pateix el personal sanitari o no sanitari pertanyent a el r\u00e8gim laboral a extingir de el departament de salut de la Ribera. La central sindical assenyala que aquests professionals, en cas de contagiar-se per covid-19 o haver de romandre a\u00efllats per contacte amb positius, perceben un 25% menys de salari i, a m\u00e9s, les seues baixes no s\u00f3n cobertes.<\/p>\n\n\n\n<p class=\"wp-block-paragraph\">La Central Sindical Independent i de Funcionaris (CSIF) lamenta que &#8220;Conselleria segueix tractant com a professionals de segona a el personal subrogat. Els exigeix \u200b\u200bel 200% en la situaci\u00f3 actual de col\u00b7lapse, en la qual es juguen la vida, per\u00f2, a canvi, \u00fanicament els paga el 75% del seu salari si posen malalts o han de romandre en a\u00efllament per contagi de covid-19 &#8220;.<\/p>\n\n\n\n<p class=\"wp-block-paragraph\">CSIF explica que ha rem\u00e8s diversos escrits a Conselleria de Sanitat exigint-li el 100% de les retribucions, com a la resta del seu personal, en cas d&#8217;incapacitat laboral temporal per aquest virus. No obstant aix\u00f2, l&#8217;Administraci\u00f3 no ha contestat a la petici\u00f3. El sindicat lamenta que, en l&#8217;actual situaci\u00f3 de pand\u00e8mia, &#8220;est\u00e0 fent caixa, ja que els professionals afectats perceben menys que el seu salari i, a sobre, Conselleria addueix que no hi ha personal i no cobreix les seves baixes&#8221;. Nom\u00e9s al novembre, abans de la tercera onada, hi va haver un total de 234 professionals contagiats i en a\u00efllament.<\/p>\n\n\n\n<p class=\"wp-block-paragraph\">La central sindical, en aquest context, insta el president de la Generalitat a qu\u00e8 &#8220;prenga cartes en l&#8217;assumpte i intercedeixi perqu\u00e8 el personal sanitari de l&#8217;departament de salut de la Ribera pugue tenir la tranquil\u00b7litat, en cas de contagi, que va percebre les seues retribucions completes&#8221;. El sindicat no descarta actes de protesta si Conselleria no soluciona en breu aquesta q\u00fcesti\u00f3.<\/p>\n","protected":false},"excerpt":{"rendered":"<div class=\"mh-excerpt\">El sindicat avisa de la p\u00e8rdua salarial en cas de contagi i de que, a m\u00e9s, Conselleria de Sanitat no cobrix les seues baixes El sindicat CSIF denuncia la &#8220;discriminaci\u00f3&#8221; que pateix el personal sanitari <a class=\"mh-excerpt-more\" href=\"https:\/\/tucomarca.whitekongsoftware.com\/ca\/csif-denuncia-la-discriminacio-del-personal-laboral-de-lhospital-de-la-ribera-al-cobrar-un-25-menys-en-baixes-i-aillament\/\" title=\"CSIF den\u00fancia la \u201cdiscriminaci\u00f3\u201d del personal laboral de l&#8217;Hospital de la Ribera al cobrar un 25% menys en baixes i a\u00efllament\">[+] <\/a><\/div>\n","protected":false},"author":12,"featured_media":71332,"comment_status":"open","ping_status":"open","sticky":false,"template":"","format":"standard","meta":{"footnotes":""},"categories":[10889,11010,12202,10898,10948,10894,10902,10947,10896,10897],"tags":[11939,11940,11345,12491,11356],"class_list":["post-124938","post","type-post","status-publish","format-standard","has-post-thumbnail","category-alzira-cat","category-canal-salud","category-covid-19-ca","category-ventana-ca","category-infraestructuras-ca","category-la-comarca-ca","category-la-ribera-ca","category-politica","category-seccion-ca","category-sucesos-la-comarca-ca","tag-coronavirus-ca","tag-covid-19-ca","tag-csif-ca","tag-hospital-de-la-ribera-ca","tag-ribera-alta-ca"],"_links":{"self":[{"href":"https:\/\/tucomarca.whitekongsoftware.com\/ca\/wp-json\/wp\/v2\/posts\/124938","targetHints":{"allow":["GET"]}}],"collection":[{"href":"https:\/\/tucomarca.whitekongsoftware.com\/ca\/wp-json\/wp\/v2\/posts"}],"about":[{"href":"https:\/\/tucomarca.whitekongsoftware.com\/ca\/wp-json\/wp\/v2\/types\/post"}],"author":[{"embeddable":true,"href":"https:\/\/tucomarca.whitekongsoftware.com\/ca\/wp-json\/wp\/v2\/users\/12"}],"replies":[{"embeddable":true,"href":"https:\/\/tucomarca.whitekongsoftware.com\/ca\/wp-json\/wp\/v2\/comments?post=124938"}],"version-history":[{"count":0,"href":"https:\/\/tucomarca.whitekongsoftware.com\/ca\/wp-json\/wp\/v2\/posts\/124938\/revisions"}],"wp:featuredmedia":[{"embeddable":true,"href":"https:\/\/tucomarca.whitekongsoftware.com\/ca\/wp-json\/wp\/v2\/media\/71332"}],"wp:attachment":[{"href":"https:\/\/tucomarca.whitekongsoftware.com\/ca\/wp-json\/wp\/v2\/media?parent=124938"}],"wp:term":[{"taxonomy":"category","embeddable":true,"href":"https:\/\/tucomarca.whitekongsoftware.com\/ca\/wp-json\/wp\/v2\/categories?post=124938"},{"taxonomy":"post_tag","embeddable":true,"href":"https:\/\/tucomarca.whitekongsoftware.com\/ca\/wp-json\/wp\/v2\/tags?post=124938"}],"curies":[{"name":"wp","href":"https:\/\/api.w.org\/{rel}","templated":true}]}}