{"id":124808,"date":"2021-01-26T21:36:00","date_gmt":"2021-01-26T20:36:00","guid":{"rendered":"http:\/\/www.tucomarca.com\/wordpress\/segunda\/?p=124808"},"modified":"2021-01-26T21:37:27","modified_gmt":"2021-01-26T20:37:27","slug":"la-mancomunitat-de-la-canal-de-navarres-promou-el-turisme-a-chella-amb-la-marca-la-canal-territori-turistic","status":"publish","type":"post","link":"https:\/\/tucomarca.whitekongsoftware.com\/ca\/la-mancomunitat-de-la-canal-de-navarres-promou-el-turisme-a-chella-amb-la-marca-la-canal-territori-turistic\/","title":{"rendered":"La Mancomunitat de la Canal de Navarr\u00e9s promou el turisme a Xella amb la marca &#8220;La Canal territori tur\u00edstic&#8221;"},"content":{"rendered":"\n<p class=\"wp-block-paragraph\">Xella \u00e9s un municipi pertanyent a la Mancomunitat de la Canal de Navarr\u00e9s. Aquest petit municipi alberga 2649 habitants que resideixen en la seua gran majoria al poble de Xella.<\/p>\n\n\n\n<p class=\"wp-block-paragraph\">Aquest municipi t\u00e9 una llarga hist\u00f2ria a la seva esquena, i es pot veure reflectida en els m\u00faltiples jaciments arqueol\u00f2gics que es troben a Chella. De fet, a la zona del &#8220;Barranc del Llop&#8221;, s&#8217;han recollit cer\u00e0miques que indiquen una ocupaci\u00f3 humana des del mesol\u00edtic fins a l&#8217;era dels metalls, tamb\u00e9 s&#8217;han trobat atuells antigues, cases i granges romanes, i restes de la intensa hist\u00f2ria que ha viscut aquest municipi de la Canal de Navarr\u00e9s.<\/p>\n\n\n\n<p class=\"wp-block-paragraph\"><strong>Xella, el poble entre les muntanyes<\/strong><\/p>\n\n\n\n<p class=\"wp-block-paragraph\">El municipi de Xella t\u00e9 una superf\u00edcie muntanyosa, excepte la part central on se situa el poble. Aix\u00f2 fa que les vistes panor\u00e0miques de Xella siguin espectaculars des de qualsevol punt de la poblaci\u00f3.<\/p>\n\n\n\n<p class=\"wp-block-paragraph\">Aquest municipi t\u00e9 una gastronomia molt tradicional, basada principalment en l&#8217;arr\u00f2s. Els plats m\u00e9s t\u00edpics que podem trobar a Chella s\u00f3n l&#8217;arr\u00f2s a l&#8217;forn i l&#8217;arr\u00f2s cald\u00f3s, encara que tamb\u00e9 s\u00f3n molt t\u00edpiques les coques de Sant Blai i els pastissos de moniato, els quals s\u00f3n gaireb\u00e9 obligats provar si visites aquest poble. El menjar \u00e9s molt important per a aquests vilatans, de fet encara queda un forn \u00e0rab que es dedica a coure els productes que els habitants porten, ja sigui pa, carabasses, moniatos \u2026<\/p>\n\n\n\n<p class=\"wp-block-paragraph\"><strong>Terra de cascades i salts d&#8217;aigua<\/strong><\/p>\n\n\n\n<p class=\"wp-block-paragraph\">La principal atracci\u00f3 de Xella no s\u00f3n els seus jaciments, si no els paratges naturals i l&#8217;ambient que envolta aquest municipi. Xella compta amb una de les cascades m\u00e9s sorprenents de la Comunitat Valenciana, &#8220;El Salt de Xella&#8221;. Es tracta d&#8217;una cascada de 25 metres d&#8217;altura que est\u00e0 localitzada a la llera del riu Sallent. A m\u00e9s, des d&#8217;aquest punt es poden apreciar les Coves de l&#8217;Turc, un conjunt d&#8217;entre 15 i 20 covetes excavades, el que fa que l&#8217;entrada a aquestes coves sigui molt complicada.<\/p>\n\n\n\n<p class=\"wp-block-paragraph\">A m\u00e9s, hi ha un mirador dins de la poblaci\u00f3 de Xella des del qual hi ha unes vistes espectaculars a el Salt de Xella, per la qual cosa \u00e9s un bon lloc per relaxar-se i gaudir de el paisatge natural que ens ofereix aquest municipi.<\/p>\n\n\n\n<p class=\"wp-block-paragraph\"><strong>Relaxaci\u00f3 i tranquil\u00b7litat en plena natura<\/strong><\/p>\n\n\n\n<p class=\"wp-block-paragraph\">Per\u00f2 aquest no \u00e9s l&#8217;\u00fanic lloc de la natura que podem gaudir dins de Xella, tamb\u00e9 es troba el &#8220;Paratge de la font de l&#8217;Abrullador&#8221;, una mina d&#8217;aigua que s&#8217;endinsa 180 metres a l&#8217;interior de la muntanya. Amb el pas el temps, l&#8217;\u00e0rea es va anar deteriorant, per\u00f2 en els \u00faltims anys s&#8217;ha remodelat i s&#8217;ha convertit en un lloc tur\u00edstic de gran valor en el qual es pot passar un dia en fam\u00edlia gr\u00e0cies a les barbacoes, bancs, fonts i lavabos que s&#8217;han constru\u00eft al costat d&#8217;aquest paratge. I a m\u00e9s \u00e9s el punt final d&#8217;una ruta que dura al voltant d&#8217;1 h i 20 minuts que travessa els punts naturals m\u00e9s sorprenents de Chella.<\/p>\n\n\n\n<p class=\"wp-block-paragraph\">Com a \u00faltim paratge natural a destacar, Xella t\u00e9 un lloc perfecte per visitar en una excursi\u00f3, ja sigui amb amics, amb fam\u00edlia, o amb nens petits. Es tracta de la Platja Salvatge, una gran zona de bany adaptada per a tots els visitants. En aquest lloc hi ha fonts i bancs que fan que sigui una zona en la qual descansar i gaudir de la natura que envolta aquest paisatge natural.<\/p>\n","protected":false},"excerpt":{"rendered":"<div class=\"mh-excerpt\">Xella \u00e9s un municipi pertanyent a la Mancomunitat de la Canal de Navarr\u00e9s. Aquest petit municipi alberga 2649 habitants que resideixen en la seua gran majoria al poble de Xella. Aquest municipi t\u00e9 una llarga <a class=\"mh-excerpt-more\" href=\"https:\/\/tucomarca.whitekongsoftware.com\/ca\/la-mancomunitat-de-la-canal-de-navarres-promou-el-turisme-a-chella-amb-la-marca-la-canal-territori-turistic\/\" title=\"La Mancomunitat de la Canal de Navarr\u00e9s promou el turisme a Xella amb la marca &#8220;La Canal territori tur\u00edstic&#8221;\">[+] <\/a><\/div>\n","protected":false},"author":12,"featured_media":106932,"comment_status":"open","ping_status":"open","sticky":false,"template":"","format":"standard","meta":{"footnotes":""},"categories":[10968,10963,10894,10903,11007,10896],"tags":[12454,11094,13408,13116,12962],"class_list":["post-124808","post","type-post","status-publish","format-standard","has-post-thumbnail","category-chella-ca","category-la-canal-de-navarres-ca","category-la-comarca-ca","category-medio-ambiente-la-comarca-ca","category-ocio-y-cultura-ca","category-seccion-ca","tag-chella-ca","tag-la-canal-de-navarres","tag-la-canal-territorio-turistico-ca","tag-mancomunidad-de-la-canal-de-navarres-ca","tag-turismo-ca"],"_links":{"self":[{"href":"https:\/\/tucomarca.whitekongsoftware.com\/ca\/wp-json\/wp\/v2\/posts\/124808","targetHints":{"allow":["GET"]}}],"collection":[{"href":"https:\/\/tucomarca.whitekongsoftware.com\/ca\/wp-json\/wp\/v2\/posts"}],"about":[{"href":"https:\/\/tucomarca.whitekongsoftware.com\/ca\/wp-json\/wp\/v2\/types\/post"}],"author":[{"embeddable":true,"href":"https:\/\/tucomarca.whitekongsoftware.com\/ca\/wp-json\/wp\/v2\/users\/12"}],"replies":[{"embeddable":true,"href":"https:\/\/tucomarca.whitekongsoftware.com\/ca\/wp-json\/wp\/v2\/comments?post=124808"}],"version-history":[{"count":0,"href":"https:\/\/tucomarca.whitekongsoftware.com\/ca\/wp-json\/wp\/v2\/posts\/124808\/revisions"}],"wp:featuredmedia":[{"embeddable":true,"href":"https:\/\/tucomarca.whitekongsoftware.com\/ca\/wp-json\/wp\/v2\/media\/106932"}],"wp:attachment":[{"href":"https:\/\/tucomarca.whitekongsoftware.com\/ca\/wp-json\/wp\/v2\/media?parent=124808"}],"wp:term":[{"taxonomy":"category","embeddable":true,"href":"https:\/\/tucomarca.whitekongsoftware.com\/ca\/wp-json\/wp\/v2\/categories?post=124808"},{"taxonomy":"post_tag","embeddable":true,"href":"https:\/\/tucomarca.whitekongsoftware.com\/ca\/wp-json\/wp\/v2\/tags?post=124808"}],"curies":[{"name":"wp","href":"https:\/\/api.w.org\/{rel}","templated":true}]}}