{"id":124752,"date":"2021-01-26T11:00:00","date_gmt":"2021-01-26T10:00:00","guid":{"rendered":"http:\/\/www.tucomarca.com\/wordpress\/segunda\/?p=124752"},"modified":"2021-01-26T12:51:11","modified_gmt":"2021-01-26T11:51:11","slug":"el-ple-de-bunyol-acorda-que-el-pavello-municipal-porte-el-nom-de-pablo-cusi","status":"publish","type":"post","link":"https:\/\/tucomarca.whitekongsoftware.com\/ca\/el-ple-de-bunyol-acorda-que-el-pavello-municipal-porte-el-nom-de-pablo-cusi\/","title":{"rendered":"El ple de Bunyol acorda que el pavell\u00f3 municipal porte el nom de Pablo Cus\u00ed"},"content":{"rendered":"\n<p class=\"wp-block-paragraph\">L&#8217;Ajuntament de Bunyol va celebrar ahir el ple corresponent al mes de gener en qu\u00e8 es va aprovar que el pavell\u00f3 de l&#8217;Planell porti el nom de l&#8217;Fill Predilecte de Bunyol Pablo Cus\u00ed, mort el passat mes d&#8217;octubre.<\/p>\n\n\n\n<p class=\"wp-block-paragraph\">&#8220;Per la seua entrega, lluita, dedicaci\u00f3 a l&#8217;esport i al seu poble en general&#8221;, aix\u00ed es va llegir la proposta que va ser aprovada per unanimitat per tots els grups pol\u00edtics que van coincidir en que el pavell\u00f3 tingue el nom d&#8217;un bunyolero il\u00b7lustre.<\/p>\n\n\n\n<p class=\"wp-block-paragraph\">Pablo Cus\u00ed va ser un exemple de superaci\u00f3, de lluita i d&#8217;una intel\u00b7lig\u00e8ncia que el va portar a despuntar, tot i la distr\u00f2fia muscular de Duchenne, tant en els seus estudis en els quals va aconseguir diversos premis, com en un dels m\u00e9s prestigiosos despatxos d&#8217;advocats i economistes d&#8217;Espanya, aix\u00ed com en el m\u00f3n del p\u00f2quer. Fidel seguidor i directiu del CD Bunyol, tamb\u00e9 va dedicar moltes hores de la seua vida a escacs.<\/p>\n\n\n\n<p class=\"wp-block-paragraph\"><strong>Dades sanitaris<\/strong><\/p>\n\n\n\n<p class=\"wp-block-paragraph\">A m\u00e9s, el ple va aprovar una moci\u00f3 de el Partit Popular per demanar a la Generalitat Valenciana que oferisca els dades sobre la pand\u00e8mia a Bunyol &#8220;de manera correcta i real&#8221;, a m\u00e9s d&#8217;informar sobre els errors que s&#8217;han com\u00e8s a la informaci\u00f3 en els mesos anteriors, un punt que va tirar endavant amb els vots de PP i IAB i l&#8217;abstenci\u00f3 dels grups de govern.<\/p>\n\n\n\n<p class=\"wp-block-paragraph\">El tercer punt va comptar amb la unanimitat de tots els grups, una moci\u00f3 d&#8217;Esquerra Unida en suport a poble sahrau\u00ed davant l&#8217;escalada de tensi\u00f3 a la zona del Guerguerat i instant a l&#8217;ONU ia la MINURSO a l&#8217;organitzaci\u00f3 del refer\u00e8ndum el 2021.<\/p>\n\n\n\n<p class=\"wp-block-paragraph\"><strong>Renuncia de Tania Carrascosa<\/strong><\/p>\n\n\n\n<figure class=\"wp-block-image size-large\"><img loading=\"lazy\" decoding=\"async\" width=\"787\" height=\"440\" src=\"http:\/\/www.tucomarca.com\/wordpress\/segunda\/wp-content\/uploads\/2021\/01\/BunyolPlenoEnero03.jpg\" alt=\"\" class=\"wp-image-124742\" srcset=\"https:\/\/tucomarca.whitekongsoftware.com\/wp-content\/uploads\/2021\/01\/BunyolPlenoEnero03.jpg 787w, https:\/\/tucomarca.whitekongsoftware.com\/wp-content\/uploads\/2021\/01\/BunyolPlenoEnero03-300x168.jpg 300w, https:\/\/tucomarca.whitekongsoftware.com\/wp-content\/uploads\/2021\/01\/BunyolPlenoEnero03-768x429.jpg 768w\" sizes=\"auto, (max-width: 787px) 100vw, 787px\" \/><\/figure>\n\n\n\n<p class=\"wp-block-paragraph\">Abans de torn de precs i preguntes es va donar const\u00e0ncia de la ren\u00fancia a l&#8217;acta de regidor de l&#8217;edil d&#8217;Esquerra Unitat Tania Carrascosa, qui va adduir motius personals i laborals per no poder seguir exercint la seua tasca. El seu lloc ha de ser ocupat per la seg\u00fcent persona en la llista d&#8217;IU, Sandra Corach\u00e1n.<\/p>\n\n\n\n<p class=\"wp-block-paragraph\">En els precs i preguntes IAB va comen\u00e7ar sol\u00b7licitant que es convoque la junta de portaveus per tractar entre tots els grups pol\u00edtics les ajudes al sector de l&#8217;hostaleria, oci, turisme i cultura, tant les del Pla resitir impulsat per la Generalitat Valenciana, com altres que puga abordar el propi ajuntament. El PP es va sumar a aquesta petici\u00f3.<\/p>\n\n\n\n<figure class=\"wp-block-image size-large\"><img loading=\"lazy\" decoding=\"async\" width=\"787\" height=\"443\" src=\"http:\/\/www.tucomarca.com\/wordpress\/segunda\/wp-content\/uploads\/2021\/01\/BunyolPlenoEnero01-1.jpg\" alt=\"\" class=\"wp-image-124748\" srcset=\"https:\/\/tucomarca.whitekongsoftware.com\/wp-content\/uploads\/2021\/01\/BunyolPlenoEnero01-1.jpg 787w, https:\/\/tucomarca.whitekongsoftware.com\/wp-content\/uploads\/2021\/01\/BunyolPlenoEnero01-1-300x169.jpg 300w, https:\/\/tucomarca.whitekongsoftware.com\/wp-content\/uploads\/2021\/01\/BunyolPlenoEnero01-1-768x432.jpg 768w, https:\/\/tucomarca.whitekongsoftware.com\/wp-content\/uploads\/2021\/01\/BunyolPlenoEnero01-1-678x381.jpg 678w\" sizes=\"auto, (max-width: 787px) 100vw, 787px\" \/><\/figure>\n\n\n\n<figure class=\"wp-block-image size-large\"><img loading=\"lazy\" decoding=\"async\" width=\"787\" height=\"440\" src=\"http:\/\/www.tucomarca.com\/wordpress\/segunda\/wp-content\/uploads\/2021\/01\/BunyolPlenoEnero02.jpg\" alt=\"\" class=\"wp-image-124746\" srcset=\"https:\/\/tucomarca.whitekongsoftware.com\/wp-content\/uploads\/2021\/01\/BunyolPlenoEnero02.jpg 787w, https:\/\/tucomarca.whitekongsoftware.com\/wp-content\/uploads\/2021\/01\/BunyolPlenoEnero02-300x168.jpg 300w, https:\/\/tucomarca.whitekongsoftware.com\/wp-content\/uploads\/2021\/01\/BunyolPlenoEnero02-768x429.jpg 768w\" sizes=\"auto, (max-width: 787px) 100vw, 787px\" \/><\/figure>\n\n\n\n<p class=\"wp-block-paragraph\">L&#8217;alcaldessa, Juncal Carrascosa, va assegurar que era una cosa que s&#8217;anava a fer, a m\u00e9s de convocar el Consell Econ\u00f2mic i Social, va defensar que el Pla Resistir &#8220;\u00e9s ambici\u00f3s, amb una primera fase d&#8217;ajudes estructurades que necessita de rapidesa per adjudicar&#8221;, i afegir que per agilitar alguns processos hi ha ajudes que ja s&#8217;estan gestionant a trav\u00e9s de Serveis Socials.<\/p>\n\n\n\n<p class=\"wp-block-paragraph\">Tamb\u00e9 des IAB, el seu portaveu, Jos\u00e9 Luis Carrascosa, va preguntar a el regidor d&#8217;Educaci\u00f3, Carles Xerri, per qu\u00e8 no es van tancar les escoles el 10 i 11 de gener a causa del temporal Filomena. L&#8217;edil va explicar que tot i la baixada de temperatures &#8220;les classes discorrien amb normalitat i no vam veure la necessitat de suspendre&#8221;.<\/p>\n\n\n\n<p class=\"wp-block-paragraph\">En el tercer torn, IAB va preguntar a la regidora responsable de Policia, Maria Vall\u00e8s, per les multes imposades per la Policia Local per saltar-se les mesures marcades per controlar la pand\u00e8mia, al que va respondre que en el per\u00edode del 22 de desembre al 25 de gener s&#8217;havien imposat 27 sancions.<\/p>\n\n\n\n<p class=\"wp-block-paragraph\">Finalment,  el portaveu de IAB va preguntar a l&#8217;edil de R\u00e0dio Bunyol, Manuel Sierra, sobre si calia que ell don\u00e9s el vistiplau perqu\u00e8 l&#8217;oposici\u00f3 particip\u00e9s en una entrevista a la r\u00e0dio municipal, i el va instar a convocar el Consell de r\u00e0dio Bunyol. Manuel Sierra va respondre que es va deure tractar &#8220;d&#8217;un malent\u00e8s, perqu\u00e8 en cap moment he impedit que un regidor pugui parlar i donar la seva opini\u00f3 a R\u00e0dio Bunyol&#8221;.<\/p>\n","protected":false},"excerpt":{"rendered":"<div class=\"mh-excerpt\">L&#8217;Ajuntament de Bunyol va celebrar ahir el ple corresponent al mes de gener en qu\u00e8 es va aprovar que el pavell\u00f3 de l&#8217;Planell porti el nom de l&#8217;Fill Predilecte de Bunyol Pablo Cus\u00ed, mort el <a class=\"mh-excerpt-more\" href=\"https:\/\/tucomarca.whitekongsoftware.com\/ca\/el-ple-de-bunyol-acorda-que-el-pavello-municipal-porte-el-nom-de-pablo-cusi\/\" title=\"El ple de Bunyol acorda que el pavell\u00f3 municipal porte el nom de Pablo Cus\u00ed\">[+] <\/a><\/div>\n","protected":false},"author":12,"featured_media":106481,"comment_status":"open","ping_status":"open","sticky":false,"template":"","format":"gallery","meta":{"footnotes":""},"categories":[10911,11003,10898,10948,10894,10912,11009,10947,10896],"tags":[10913,10914,13660,13661,12697],"class_list":["post-124752","post","type-post","status-publish","format-gallery","has-post-thumbnail","category-bunol-ca","category-sports","category-ventana-ca","category-infraestructuras-ca","category-la-comarca-ca","category-la-hoya-ca","category-polideportivo-ca","category-politica","category-seccion-ca","tag-bunol-ca","tag-la-hoya-de-bunol-chiva-ca","tag-pabellon-municipal-ca","tag-pabellon-municipal-pablo-cusi-ca","tag-pablo-cusi-ca","post_format-post-format-gallery"],"_links":{"self":[{"href":"https:\/\/tucomarca.whitekongsoftware.com\/ca\/wp-json\/wp\/v2\/posts\/124752","targetHints":{"allow":["GET"]}}],"collection":[{"href":"https:\/\/tucomarca.whitekongsoftware.com\/ca\/wp-json\/wp\/v2\/posts"}],"about":[{"href":"https:\/\/tucomarca.whitekongsoftware.com\/ca\/wp-json\/wp\/v2\/types\/post"}],"author":[{"embeddable":true,"href":"https:\/\/tucomarca.whitekongsoftware.com\/ca\/wp-json\/wp\/v2\/users\/12"}],"replies":[{"embeddable":true,"href":"https:\/\/tucomarca.whitekongsoftware.com\/ca\/wp-json\/wp\/v2\/comments?post=124752"}],"version-history":[{"count":0,"href":"https:\/\/tucomarca.whitekongsoftware.com\/ca\/wp-json\/wp\/v2\/posts\/124752\/revisions"}],"wp:featuredmedia":[{"embeddable":true,"href":"https:\/\/tucomarca.whitekongsoftware.com\/ca\/wp-json\/wp\/v2\/media\/106481"}],"wp:attachment":[{"href":"https:\/\/tucomarca.whitekongsoftware.com\/ca\/wp-json\/wp\/v2\/media?parent=124752"}],"wp:term":[{"taxonomy":"category","embeddable":true,"href":"https:\/\/tucomarca.whitekongsoftware.com\/ca\/wp-json\/wp\/v2\/categories?post=124752"},{"taxonomy":"post_tag","embeddable":true,"href":"https:\/\/tucomarca.whitekongsoftware.com\/ca\/wp-json\/wp\/v2\/tags?post=124752"}],"curies":[{"name":"wp","href":"https:\/\/api.w.org\/{rel}","templated":true}]}}