{"id":124687,"date":"2021-01-25T20:00:00","date_gmt":"2021-01-25T19:00:00","guid":{"rendered":"http:\/\/www.tucomarca.com\/wordpress\/segunda\/?p=124687"},"modified":"2021-01-25T22:24:06","modified_gmt":"2021-01-25T21:24:06","slug":"la-comunitat-valenciana-registra-8-423-nous-casos-de-coronavirus-i-96-morts","status":"publish","type":"post","link":"https:\/\/tucomarca.whitekongsoftware.com\/ca\/la-comunitat-valenciana-registra-8-423-nous-casos-de-coronavirus-i-96-morts\/","title":{"rendered":"La Comunitat Valenciana registra 8.423 nous casos de coronavirus i 96 morts"},"content":{"rendered":"\n<h4 class=\"wp-block-heading\">Sanidad ha administrado ya 105.041 dosis de la vacuna contra el coronavirus&nbsp;<\/h4>\n\n\n\n<h4 class=\"wp-block-heading\">Nuevos positivos por provincias: 668 casos en la provincia de Castell\u00f3n, 4.537 en la de Alicante y 3.218 en la provincia de Valencia<\/h4>\n\n\n\n<p class=\"wp-block-paragraph\">La Comunitat Valenciana ha administrat fins aquest dilluns un total de 105.041 dosis de la vacuna contra el coronavirus. De l&#8217;total, 102.433 s\u00f3n de Pfizer i 2.608 de Moderna.<\/p>\n\n\n\n<p class=\"wp-block-paragraph\">D&#8217;altra banda, s&#8217;han registrat 8.423 casos nous casos de coronavirus confirmats per prova PCR o mitjan\u00e7ant test d&#8217;ant\u00edgens des de l&#8217;\u00faltima actualitzaci\u00f3, que situen la xifra total de positius en 264.392 persones. Per prov\u00edncies, la distribuci\u00f3 de nous positius \u00e9s la seg\u00fcent: 668 a la Castell\u00f3 (26.990 en total), 4.537 a la d&#8217;Alacant (93.040 en total) i 3.218 a la prov\u00edncia de Val\u00e8ncia (144.305 en total). El total de casos sense assignar se situa en 57.<\/p>\n\n\n\n<p class=\"wp-block-paragraph\">Tamb\u00e9 s&#8217;han registrat 96 morts per coronavirus des de l&#8217;\u00faltima actualitzaci\u00f3, de manera que el total de defuncions des de l&#8217;inici de la pand\u00e8mia \u00e9s de 4.227 persones: 505 a la prov\u00edncia de Castell\u00f3, 1.500 a la d&#8217;Alacant i 2.222 a la de Val\u00e8ncia.<\/p>\n\n\n\n<p class=\"wp-block-paragraph\">Els hospitals valencians tenen, actualment, 4.777 persones ingressades: 459 a la prov\u00edncia de Castell\u00f3, amb 46 pacients en UCI; 1.851 a la prov\u00edncia d&#8217;Alacant, 221 d&#8217;ells a l&#8217;UCI; i 2.467 a la prov\u00edncia de Val\u00e8ncia, 337 d&#8217;ells a UCI.<\/p>\n\n\n\n<p class=\"wp-block-paragraph\">A m\u00e9s, des de l&#8217;\u00faltima actualitzaci\u00f3 s&#8217;han registrat 8.459 altes a pacients amb coronavirus. D&#8217;aquesta manera, ja s\u00f3n 204.312 persones a la Comunitat Valenciana les que han superat la malaltia des que va comen\u00e7ar la pand\u00e8mia. Per prov\u00edncies, les altes es distribueixen de la seg\u00fcent manera: 21.910 a Castell\u00f3, 69.781 a Alacant i 112.528 a Val\u00e8ncia, a m\u00e9s de 93 no assignades.<\/p>\n\n\n\n<p class=\"wp-block-paragraph\">D&#8217;acord amb les dades registrades, a hores d&#8217;ara hi ha 67.371 casos actius, la qual cosa suposa un 24,42% de l&#8217;total de positius.<\/p>\n\n\n\n<p class=\"wp-block-paragraph\"><strong>Actualitzaci\u00f3 de la situaci\u00f3 en resid\u00e8ncies<\/strong><\/p>\n\n\n\n<p class=\"wp-block-paragraph\">A hores d&#8217;ara, hi ha algun cas positiu en 190 resid\u00e8ncies de gent gran (16 a la prov\u00edncia de Castell\u00f3, 60 a la prov\u00edncia d&#8217;Alacant i 114 a la prov\u00edncia de Val\u00e8ncia), 36 centres de diversitat funcional (6 a la prov\u00edncia de Castell\u00f3, 9 a la prov\u00edncia d&#8217;Alacant i 21 a la prov\u00edncia de Val\u00e8ncia) i 11 centres de menors (1 a la prov\u00edncia de Castell\u00f3, 5 a la prov\u00edncia d&#8217;Alacant i 5 a la prov\u00edncia de Val\u00e8ncia).<\/p>\n\n\n\n<ul class=\"wp-block-list\"><li>Residents nous positius: 278<\/li><li>Treballadors i treballadores nous positius: 57<\/li><li>Residents que han mort: 30<\/li><\/ul>\n\n\n\n<p class=\"wp-block-paragraph\">Actualment, es troben sota vigil\u00e0ncia activa de control sanitari 61 resid\u00e8ncies a la Comunitat Valenciana: 5 a la prov\u00edncia de Castell\u00f3, 24 a la prov\u00edncia d&#8217;Alacant i 32 a la prov\u00edncia de Val\u00e8ncia.<\/p>\n\n\n\n<p class=\"wp-block-paragraph\"><strong>Actualitzaci\u00f3 brots de coronavirus<\/strong><\/p>\n\n\n\n<p class=\"wp-block-paragraph\">S&#8217;han registrat, des de l&#8217;\u00faltima actualitzaci\u00f3, un total de 29 brots; per prov\u00edncies, 5 brots a Castell\u00f3; 11 a Alacant i 13 a Val\u00e8ncia.<\/p>\n\n\n\n<ul class=\"wp-block-list\"><li>&nbsp;Crevillent: 8 casos. Origen social<\/li><li>&nbsp;Ibi: 4 casos. Origen social<\/li><li>&nbsp;Val\u00e8ncia: 8 casos. Origen social<\/li><li>&nbsp;Orihuela: 12 casos. Origen social<\/li><li>&nbsp;Vinar\u00f2s: 7 casos. Origen social<\/li><li>&nbsp;Ll\u00edria: 7 casos. Origen social<\/li><li>&nbsp;Vinar\u00f2s: 9 casos. Origen social<\/li><li>&nbsp;Tavernes Blanques: 7 casos. Origen social<\/li><li>&nbsp;Val\u00e8ncia: 7 casos. Origen social<\/li><li>&nbsp;Vinar\u00f2s: 7 casos. Origen social<\/li><li>&nbsp;Villajoyosa: 7 casos. Origen social<\/li><li>&nbsp;Vinar\u00f2s: 7 casos. Origen social<\/li><li>&nbsp;Burjassot: 13 casos. Origen social<\/li><li>&nbsp;Val\u00e8ncia: 11 casos. Origen social<\/li><li>&nbsp;Sagunto: 7 casos. Origen social<\/li><li>&nbsp;Segorbe: 7 casos. Origen social<\/li><li>&nbsp;Camporrobles: 17 casos. Origen social<\/li><li>&nbsp;Burjassot: 8 casos. Origen social<\/li><li>&nbsp;Val\u00e8ncia: 7 casos. Origen social<\/li><li>&nbsp;Sagunto: 8 casos. Origen social<\/li><li>&nbsp;Sagunto: 9 casos. Origen social<\/li><li>&nbsp;Sagunto: 9 casos. Origen social<\/li><li>&nbsp;Benidorm: 3 casos. Origen social<\/li><li>&nbsp;La Nucia: 4 casos. Origen social<\/li><li>&nbsp;L&#8217;Alf\u00e0s del Pi: 3 casos. Origen social<\/li><li>&nbsp;Villena: 5 casos. Origen social<\/li><li>&nbsp;L&#8217;Alf\u00e0s del Pi: 6 casos. Origen social<\/li><li>&nbsp;Benidorm: 6 casos. Origen social<\/li><li>&nbsp;Benidorm: 6 casos. Origen social<\/li><\/ul>\n","protected":false},"excerpt":{"rendered":"<div class=\"mh-excerpt\">Sanidad ha administrado ya 105.041 dosis de la vacuna contra el coronavirus&nbsp; Nuevos positivos por provincias: 668 casos en la provincia de Castell\u00f3n, 4.537 en la de Alicante y 3.218 en la provincia de Valencia <a class=\"mh-excerpt-more\" href=\"https:\/\/tucomarca.whitekongsoftware.com\/ca\/la-comunitat-valenciana-registra-8-423-nous-casos-de-coronavirus-i-96-morts\/\" title=\"La Comunitat Valenciana registra 8.423 nous casos de coronavirus i 96 morts\">[+] <\/a><\/div>\n","protected":false},"author":12,"featured_media":104325,"comment_status":"open","ping_status":"open","sticky":false,"template":"","format":"standard","meta":{"footnotes":""},"categories":[10892,11031,11010,12202,10948,10904,10928,10903,10947,10909,10896],"tags":[10899,11098,12165,11939,11940,11070,10910],"class_list":["post-124687","post","type-post","status-publish","format-standard","has-post-thumbnail","category-camp-de-turia-ca","category-camporrobles-ca","category-canal-salud","category-covid-19-ca","category-infraestructuras-ca","category-sin-categorizar-ca","category-lliria-ca","category-medio-ambiente-la-comarca-ca","category-politica","category-requena-utiel-ca","category-seccion-ca","tag-camp-de-turia-ca","tag-camporrobles-ca","tag-conselleria-de-sanitat-ca","tag-coronavirus-ca","tag-covid-19-ca","tag-lliria-ca","tag-requena-utiel-ca"],"_links":{"self":[{"href":"https:\/\/tucomarca.whitekongsoftware.com\/ca\/wp-json\/wp\/v2\/posts\/124687","targetHints":{"allow":["GET"]}}],"collection":[{"href":"https:\/\/tucomarca.whitekongsoftware.com\/ca\/wp-json\/wp\/v2\/posts"}],"about":[{"href":"https:\/\/tucomarca.whitekongsoftware.com\/ca\/wp-json\/wp\/v2\/types\/post"}],"author":[{"embeddable":true,"href":"https:\/\/tucomarca.whitekongsoftware.com\/ca\/wp-json\/wp\/v2\/users\/12"}],"replies":[{"embeddable":true,"href":"https:\/\/tucomarca.whitekongsoftware.com\/ca\/wp-json\/wp\/v2\/comments?post=124687"}],"version-history":[{"count":0,"href":"https:\/\/tucomarca.whitekongsoftware.com\/ca\/wp-json\/wp\/v2\/posts\/124687\/revisions"}],"wp:featuredmedia":[{"embeddable":true,"href":"https:\/\/tucomarca.whitekongsoftware.com\/ca\/wp-json\/wp\/v2\/media\/104325"}],"wp:attachment":[{"href":"https:\/\/tucomarca.whitekongsoftware.com\/ca\/wp-json\/wp\/v2\/media?parent=124687"}],"wp:term":[{"taxonomy":"category","embeddable":true,"href":"https:\/\/tucomarca.whitekongsoftware.com\/ca\/wp-json\/wp\/v2\/categories?post=124687"},{"taxonomy":"post_tag","embeddable":true,"href":"https:\/\/tucomarca.whitekongsoftware.com\/ca\/wp-json\/wp\/v2\/tags?post=124687"}],"curies":[{"name":"wp","href":"https:\/\/api.w.org\/{rel}","templated":true}]}}