{"id":124576,"date":"2021-01-23T19:00:00","date_gmt":"2021-01-23T18:00:00","guid":{"rendered":"http:\/\/www.tucomarca.com\/wordpress\/segunda\/?p=124576"},"modified":"2021-01-23T20:56:58","modified_gmt":"2021-01-23T19:56:58","slug":"la-comunitat-valenciana-registra-6-122-nous-casos-de-coronavirus-i-54-morts-en-les-ultimes-24-hores","status":"publish","type":"post","link":"https:\/\/tucomarca.whitekongsoftware.com\/ca\/la-comunitat-valenciana-registra-6-122-nous-casos-de-coronavirus-i-54-morts-en-les-ultimes-24-hores\/","title":{"rendered":"La Comunitat Valenciana registra 6.122 nous casos de coronavirus i 54 morts en les \u00faltimes 24 hores"},"content":{"rendered":"\n<h4 class=\"wp-block-heading\"><strong class=\"\">Nous positius per prov\u00edncies: 604 a Castell\u00f3, 3.218 a Alacant, 2.295 a la prov\u00edncia de Val\u00e8ncia i 5 sense assignar<\/strong><\/h4>\n\n\n\n<p class=\"wp-block-paragraph\">La Comunitat Valenciana ha registrat 6.122 casos nous casos de coronavirus confirmats per prova PCR o mitjan\u00e7ant test d&#8217;ant\u00edgens des de l&#8217;\u00faltima actualitzaci\u00f3, que situen la xifra total de positius en 251.022 persones. Per prov\u00edncies, la distribuci\u00f3 de nous positius \u00e9s la seg\u00fcent: 604 a Castell\u00f3 (26.076 en total), 3.218 a Alacant (85.259 en total) i 2.295 a la prov\u00edncia de Val\u00e8ncia (139.638 en total). A m\u00e9s, s&#8217;han registrat 5 casos sense assignar, de manera que el total ascendeix a 49.<\/p>\n\n\n\n<p class=\"wp-block-paragraph\">Tamb\u00e9 s&#8217;han registrat 54 morts per coronavirus des de l&#8217;\u00faltima actualitzaci\u00f3, de manera que el total de defuncions des de l&#8217;inici de la pand\u00e8mia \u00e9s de 4.091 persones: 495 a la prov\u00edncia de Castell\u00f3, 1.425 a la d&#8217;Alacant i 2.171 a la de Val\u00e8ncia.<\/p>\n\n\n\n<p class=\"wp-block-paragraph\">Els hospitals valencians tenen, actualment, 4.297 persones ingressades: 412 a la prov\u00edncia de Castell\u00f3, amb 48 pacients en UCI; 1.689 a la prov\u00edncia d&#8217;Alacant, 221 d&#8217;ells a l&#8217;UCI; i 2.196 a la prov\u00edncia de Val\u00e8ncia, 323 d&#8217;ells a UCI.<\/p>\n\n\n\n<p class=\"wp-block-paragraph\">A m\u00e9s, des de l&#8217;\u00faltima actualitzaci\u00f3 s&#8217;han registrat 4.882 altes a pacients amb coronavirus. D&#8217;aquesta manera, ja s\u00f3n 195.853 persones a la Comunitat Valenciana les que han superat la malaltia des que va comen\u00e7ar la pand\u00e8mia. Per prov\u00edncies, les altes es distribueixen de la seg\u00fcent manera: 21.171 a Castell\u00f3, 65.856 a Alacant i 108.738 a Val\u00e8ncia, a m\u00e9s de 88 no assignades.<\/p>\n\n\n\n<p class=\"wp-block-paragraph\">D&#8217;acord amb les dades registrades, a hores d&#8217;ara hi ha 62.603 casos actius, la qual cosa suposa un 23,84% de l&#8217;total de positius.<\/p>\n\n\n\n<p class=\"wp-block-paragraph\"><strong>Actualitzaci\u00f3 brots de coronavirus<\/strong><\/p>\n\n\n\n<p class=\"wp-block-paragraph\">S&#8217;han registrat 14 brots des de l&#8217;\u00faltima actualitzaci\u00f3: 4 a la prov\u00edncia d&#8217;Alacant i 10 a la prov\u00edncia de Val\u00e8ncia.<\/p>\n\n\n\n<ul class=\"wp-block-list\"><li>&nbsp;Benidorm: 30 casos. Origen laboral<\/li><li>&nbsp;Carlet: 4 casos. Origen social<\/li><li>&nbsp;Corbera: 4 casos. Origen social<\/li><li>&nbsp;Corbera: 5 casos. Origen social<\/li><li>&nbsp;Benifai\u00f3: 6 casos. Origen social<\/li><li>&nbsp;Orihuela: 3 casos. \u00c1mbito educativo<\/li><li>&nbsp;Carcaixent: 3 casos. Origen social<\/li><li>&nbsp;Val\u00e8ncia: 3 casos. Origen social<\/li><li>&nbsp;Chiva: 5 casos. Origen laboral<\/li><li>&nbsp;Alcoy: 3 casos. \u00c1mbito educativo<\/li><li>&nbsp;Val\u00e8ncia: 5 casos. Origen social<\/li><li>&nbsp;Val\u00e8ncia: 6 casos. Origen social<\/li><li>&nbsp;Massamagrell: 8 casos. Origen social<\/li><li>&nbsp;L&#8217;Alf\u00e0s del Pi: 6 casos. Origen social<\/li><\/ul>\n","protected":false},"excerpt":{"rendered":"<div class=\"mh-excerpt\">Nous positius per prov\u00edncies: 604 a Castell\u00f3, 3.218 a Alacant, 2.295 a la prov\u00edncia de Val\u00e8ncia i 5 sense assignar La Comunitat Valenciana ha registrat 6.122 casos nous casos de coronavirus confirmats per prova PCR <a class=\"mh-excerpt-more\" href=\"https:\/\/tucomarca.whitekongsoftware.com\/ca\/la-comunitat-valenciana-registra-6-122-nous-casos-de-coronavirus-i-54-morts-en-les-ultimes-24-hores\/\" title=\"La Comunitat Valenciana registra 6.122 nous casos de coronavirus i 54 morts en les \u00faltimes 24 hores\">[+] <\/a><\/div>\n","protected":false},"author":12,"featured_media":124575,"comment_status":"open","ping_status":"open","sticky":false,"template":"","format":"standard","meta":{"footnotes":""},"categories":[11010,12202,10898,10948,10894,10904,10912,10903,10947,10896,10897,10975],"tags":[11195,12165,11939,11940,13477,10914],"class_list":["post-124576","post","type-post","status-publish","format-standard","has-post-thumbnail","category-canal-salud","category-covid-19-ca","category-ventana-ca","category-infraestructuras-ca","category-la-comarca-ca","category-sin-categorizar-ca","category-la-hoya-ca","category-medio-ambiente-la-comarca-ca","category-politica","category-seccion-ca","category-sucesos-la-comarca-ca","category-chiva-ca","tag-chiva-ca","tag-conselleria-de-sanitat-ca","tag-coronavirus-ca","tag-covid-19-ca","tag-datos-de-contagios-ca","tag-la-hoya-de-bunol-chiva-ca"],"_links":{"self":[{"href":"https:\/\/tucomarca.whitekongsoftware.com\/ca\/wp-json\/wp\/v2\/posts\/124576","targetHints":{"allow":["GET"]}}],"collection":[{"href":"https:\/\/tucomarca.whitekongsoftware.com\/ca\/wp-json\/wp\/v2\/posts"}],"about":[{"href":"https:\/\/tucomarca.whitekongsoftware.com\/ca\/wp-json\/wp\/v2\/types\/post"}],"author":[{"embeddable":true,"href":"https:\/\/tucomarca.whitekongsoftware.com\/ca\/wp-json\/wp\/v2\/users\/12"}],"replies":[{"embeddable":true,"href":"https:\/\/tucomarca.whitekongsoftware.com\/ca\/wp-json\/wp\/v2\/comments?post=124576"}],"version-history":[{"count":0,"href":"https:\/\/tucomarca.whitekongsoftware.com\/ca\/wp-json\/wp\/v2\/posts\/124576\/revisions"}],"wp:featuredmedia":[{"embeddable":true,"href":"https:\/\/tucomarca.whitekongsoftware.com\/ca\/wp-json\/wp\/v2\/media\/124575"}],"wp:attachment":[{"href":"https:\/\/tucomarca.whitekongsoftware.com\/ca\/wp-json\/wp\/v2\/media?parent=124576"}],"wp:term":[{"taxonomy":"category","embeddable":true,"href":"https:\/\/tucomarca.whitekongsoftware.com\/ca\/wp-json\/wp\/v2\/categories?post=124576"},{"taxonomy":"post_tag","embeddable":true,"href":"https:\/\/tucomarca.whitekongsoftware.com\/ca\/wp-json\/wp\/v2\/tags?post=124576"}],"curies":[{"name":"wp","href":"https:\/\/api.w.org\/{rel}","templated":true}]}}