{"id":124525,"date":"2021-01-24T08:00:00","date_gmt":"2021-01-24T07:00:00","guid":{"rendered":"http:\/\/www.tucomarca.com\/wordpress\/segunda\/?p=124525"},"modified":"2021-01-24T23:50:27","modified_gmt":"2021-01-24T22:50:27","slug":"la-conselleria-dhabitatge-i-lajuntament-de-vilamarxant-treballen-en-reparar-i-adjudicar-quatre-habitatges-de-lloguer-assequible-al-municipi","status":"publish","type":"post","link":"https:\/\/tucomarca.whitekongsoftware.com\/ca\/la-conselleria-dhabitatge-i-lajuntament-de-vilamarxant-treballen-en-reparar-i-adjudicar-quatre-habitatges-de-lloguer-assequible-al-municipi\/","title":{"rendered":"La Conselleria d&#8217;Habitatge i l&#8217;Ajuntament de Vilamarxant treballen en reparar i adjudicar quatre habitatges de lloguer assequible al municipi"},"content":{"rendered":"\n<h4 class=\"wp-block-heading\">El director general d&#8217;EVha es reuneix amb l&#8217;alcalde i la regidora de Benestar Social<\/h4>\n\n\n\n<p class=\"wp-block-paragraph\">La Vicepresid\u00e8ncia Segona i Conselleria d&#8217;Habitatge i Arquitectura Bioclim\u00e0tica ha mantingut una trobada amb l&#8217;Ajuntament de Vilamarxant en qu\u00e8 han analitzat la situaci\u00f3 i les necessitats del municipi en mat\u00e8ria d&#8217;habitatge.<\/p>\n\n\n\n<p class=\"wp-block-paragraph\">La Conselleria, a trav\u00e9s de l&#8217;Entitat Valenciana d&#8217;Habitatge i S\u00f2l (EVha), gestiona a Vilamarxant un total de 55 habitatges, de les quals 45 pertanyen a una promoci\u00f3 d&#8217;apartaments tutelats per a gent gran, que tamb\u00e9 compta amb un centre de dia .<\/p>\n\n\n\n<p class=\"wp-block-paragraph\">El director general de l&#8217;Entitat Valenciana d&#8217;Habitatge i S\u00f2l (EVha), Alberto Aznar, ha anunciat a l&#8217;alcalde de Vilamarxant, H\u00e9ctor Troyano, i la regidora de Benestar Social, Elena Cortell, que s&#8217;ha iniciat el proc\u00e9s d&#8217;adjudicaci\u00f3 d&#8217;un habitatge que es trobi en reparaci\u00f3.<\/p>\n\n\n\n<p class=\"wp-block-paragraph\">Respecte als habitatges per a gent gran, estan totes ocupades, excepte tres que estan en valoraci\u00f3 per a la seva pr\u00f2xima intervenci\u00f3 i posterior adjudicaci\u00f3. Donada la vulnerabilitat d&#8217;aquest col\u00b7lectiu, fa tres anys ja es van baixar els lloguers d&#8217;aquesta promoci\u00f3 en un 15%. Amb ella, la mitjana mensual de renda \u00e9s d&#8217;uns 135 euros.<\/p>\n\n\n\n<p class=\"wp-block-paragraph\">En els \u00faltims cinc anys, la Conselleria ha invertit 136.000 euros en actuacions de millora d&#8217;habitatge a Vilamarxant, amb un total de 16 habitatges reparades, m\u00e9s l&#8217;atenci\u00f3 de reclamacions. A m\u00e9s, recentment s&#8217;han iniciat dues actuacions de reparaci\u00f3 d&#8217;elements comuns de la promoci\u00f3 de 45 habitatges i al centre de dia.<\/p>\n\n\n\n<p class=\"wp-block-paragraph\">Alberto Aznar ha explicat als representants municipals que una de les opcions existents per ampliar el parc p\u00fablic d&#8217;habitatge \u00e9s el dret de tempteig i retracte, que permet als ajuntaments adquirir habitatges per atendre les necessitats de la localitat.<\/p>\n\n\n\n<p class=\"wp-block-paragraph\">Els habitatges adquirides per l&#8217;administraci\u00f3 local es qualifiquen de protecci\u00f3 oficial amb car\u00e0cter permanent, de manera que s&#8217;incorporaran a parc p\u00fablic municipal, assegurant aix\u00ed el compliment de la funci\u00f3 social de l&#8217;habitatge. A la Comunitat ja s\u00f3n quatre els ajuntaments que han signat un conveni amb la Vicepresid\u00e8ncia Segona i Conselleria d&#8217;Habitatge i Arquitectura Bioclim\u00e0tica per posar en marxa el dret de tempteig i retracte.<\/p>\n\n\n\n<p class=\"wp-block-paragraph\">Finalment, el director general d&#8217;EVha ha destacat la import\u00e0ncia d&#8217;aquest tipus de reunions amb els representants municipals per con\u00e8ixer de primera m\u00e0 les necessitats dels pobles i ciutats de la Comunitat, per tal d&#8217;intentar donar una soluci\u00f3 el m\u00e9s efectiva i r\u00e0pida possible.<\/p>\n","protected":false},"excerpt":{"rendered":"<div class=\"mh-excerpt\">El director general d&#8217;EVha es reuneix amb l&#8217;alcalde i la regidora de Benestar Social La Vicepresid\u00e8ncia Segona i Conselleria d&#8217;Habitatge i Arquitectura Bioclim\u00e0tica ha mantingut una trobada amb l&#8217;Ajuntament de Vilamarxant en qu\u00e8 han analitzat <a class=\"mh-excerpt-more\" href=\"https:\/\/tucomarca.whitekongsoftware.com\/ca\/la-conselleria-dhabitatge-i-lajuntament-de-vilamarxant-treballen-en-reparar-i-adjudicar-quatre-habitatges-de-lloguer-assequible-al-municipi\/\" title=\"La Conselleria d&#8217;Habitatge i l&#8217;Ajuntament de Vilamarxant treballen en reparar i adjudicar quatre habitatges de lloguer assequible al municipi\">[+] <\/a><\/div>\n","protected":false},"author":12,"featured_media":124524,"comment_status":"open","ping_status":"open","sticky":false,"template":"","format":"standard","meta":{"footnotes":""},"categories":[10892,10948,10894,10947,10896,10927],"tags":[10899,12234,13635,11090],"class_list":["post-124525","post","type-post","status-publish","format-standard","has-post-thumbnail","category-camp-de-turia-ca","category-infraestructuras-ca","category-la-comarca-ca","category-politica","category-seccion-ca","category-vilamarxant-ca","tag-camp-de-turia-ca","tag-conselleria-de-vivienda-ca","tag-evha-ca","tag-vilamarxant-ca"],"_links":{"self":[{"href":"https:\/\/tucomarca.whitekongsoftware.com\/ca\/wp-json\/wp\/v2\/posts\/124525","targetHints":{"allow":["GET"]}}],"collection":[{"href":"https:\/\/tucomarca.whitekongsoftware.com\/ca\/wp-json\/wp\/v2\/posts"}],"about":[{"href":"https:\/\/tucomarca.whitekongsoftware.com\/ca\/wp-json\/wp\/v2\/types\/post"}],"author":[{"embeddable":true,"href":"https:\/\/tucomarca.whitekongsoftware.com\/ca\/wp-json\/wp\/v2\/users\/12"}],"replies":[{"embeddable":true,"href":"https:\/\/tucomarca.whitekongsoftware.com\/ca\/wp-json\/wp\/v2\/comments?post=124525"}],"version-history":[{"count":0,"href":"https:\/\/tucomarca.whitekongsoftware.com\/ca\/wp-json\/wp\/v2\/posts\/124525\/revisions"}],"wp:featuredmedia":[{"embeddable":true,"href":"https:\/\/tucomarca.whitekongsoftware.com\/ca\/wp-json\/wp\/v2\/media\/124524"}],"wp:attachment":[{"href":"https:\/\/tucomarca.whitekongsoftware.com\/ca\/wp-json\/wp\/v2\/media?parent=124525"}],"wp:term":[{"taxonomy":"category","embeddable":true,"href":"https:\/\/tucomarca.whitekongsoftware.com\/ca\/wp-json\/wp\/v2\/categories?post=124525"},{"taxonomy":"post_tag","embeddable":true,"href":"https:\/\/tucomarca.whitekongsoftware.com\/ca\/wp-json\/wp\/v2\/tags?post=124525"}],"curies":[{"name":"wp","href":"https:\/\/api.w.org\/{rel}","templated":true}]}}