{"id":124470,"date":"2021-01-22T14:00:00","date_gmt":"2021-01-22T13:00:00","guid":{"rendered":"http:\/\/www.tucomarca.com\/wordpress\/segunda\/?p=124470"},"modified":"2021-01-23T20:40:37","modified_gmt":"2021-01-23T19:40:37","slug":"leliana-ja-ofereix-el-servei-de-padro-electronic","status":"publish","type":"post","link":"https:\/\/tucomarca.whitekongsoftware.com\/ca\/leliana-ja-ofereix-el-servei-de-padro-electronic\/","title":{"rendered":"L&#8217;Eliana ja ofereix el servei de padr\u00f3 electr\u00f2nic"},"content":{"rendered":"\n<p class=\"wp-block-paragraph\"><strong><strong>Els ve\u00efns i ve\u00efnes podran sol\u2022licitar o obtindre el seu certificat d&#8217;empadronament directament a trav\u00e9s d&#8217;internet<\/strong><\/strong><\/p>\n\n\n\n<p class=\"wp-block-paragraph\">L&#8217;Ajuntament de l&#8217;Eliana ha posat en funcionament una nova aplicaci\u00f3 de padr\u00f3 que ofereix nombrosos avantatges a la ciutadania. Des d&#8217;ara, els ciutadans ja poden obtindre el seu certificat d&#8217;empadronament directament i sense esperes des de la <a href=\"http:\/\/leliana.sedipualba.es\">Seu Electr\u00f2nica<\/a>.&nbsp;<\/p>\n\n\n\n<p class=\"wp-block-paragraph\">D&#8217;aquesta manera, cada ve\u00ed o ve\u00efna de la localitat pot optar, entre altres tr\u00e0mits, al de certificat individual, per a acreditar la seua resid\u00e8ncia habitual, o hist\u00f2ric (tamb\u00e9 anomenat col\u00b7lectiu), per a certificar la resid\u00e8ncia de totes les persones que han constat i\/o consten empadronades en un domicili juntament amb el o la sol\u00b7licitant durant un per\u00edode de temps determinat.<\/p>\n\n\n\n<p class=\"wp-block-paragraph\">Aix\u00ed, els ciutadans i ciutadanes que ja disposen de certificat digital podran obtindre-ho en el moment des de les seues cases. Per a aquells que encara no disposen d&#8217;ell, podran sol\u00b7licitar el certificat d&#8217;empadronament per\u00f2 hauran d&#8217;acudir a l&#8217;Ajuntament de manera presencial per a recollir-lo. En tot cas, la millora dels temps d&#8217;espera i l&#8217;agilitat del propi tr\u00e0mit ser\u00e0 evident.<\/p>\n\n\n\n<p class=\"wp-block-paragraph\">La nova Seu Electr\u00f2nica \u00e9s una eina imprescindible per a la realitzaci\u00f3 dels tr\u00e0mits administratius des de qualsevol dispositiu electr\u00f2nic (ordenador, m\u00f2bil o tauleta) i les 24 hores del dia que permet, entre altres, presentar reclamacions, queixes i suggeriments, autoliquidacions, sol\u00b7licitar bonificacions o exempcions fiscals, fraccionar o ajornar pagaments o sol\u00b7licitar informes i llic\u00e8ncies urban\u00edstiques.<\/p>\n\n\n\n<p class=\"wp-block-paragraph\">Per a aprofitar al m\u00e0xim la seua potencialitat la ciutadania ha d&#8217;obtindre el certificat de signatura digital, sol\u00b7licitant-lo gratu\u00eftament en l&#8217;Ag\u00e8ncia d&#8217;Ocupaci\u00f3 i Desenvolupament Local (AEDL) situada en el Centre Sociocultural, de dilluns a dijous en horari de 9 a 13 hores.<\/p>\n\n\n\n<p class=\"wp-block-paragraph\">L&#8217;edil de Modernitzaci\u00f3, Jorge P\u00e9rez Comeche, ha recordat que la facilitat d&#8217;\u00fas de l&#8217;administraci\u00f3 electr\u00f2nica \u201c<em>garanteix major seguretat i transpar\u00e8ncia en les gestions, no sols amb l&#8217;Ajuntament sin\u00f3 amb qualsevol altra administraci\u00f3<\/em>\u201d.<\/p>\n","protected":false},"excerpt":{"rendered":"<div class=\"mh-excerpt\">Els ve\u00efns i ve\u00efnes podran sol\u2022licitar o obtindre el seu certificat d&#8217;empadronament directament a trav\u00e9s d&#8217;internet L&#8217;Ajuntament de l&#8217;Eliana ha posat en funcionament una nova aplicaci\u00f3 de padr\u00f3 que ofereix nombrosos avantatges a la ciutadania. <a class=\"mh-excerpt-more\" href=\"https:\/\/tucomarca.whitekongsoftware.com\/ca\/leliana-ja-ofereix-el-servei-de-padro-electronic\/\" title=\"L&#8217;Eliana ja ofereix el servei de padr\u00f3 electr\u00f2nic\">[+] <\/a><\/div>\n","protected":false},"author":12,"featured_media":124466,"comment_status":"open","ping_status":"open","sticky":false,"template":"","format":"standard","meta":{"footnotes":""},"categories":[10892,10948,10894,10893,10947,10896],"tags":[10899,13623],"class_list":["post-124470","post","type-post","status-publish","format-standard","has-post-thumbnail","category-camp-de-turia-ca","category-infraestructuras-ca","category-la-comarca-ca","category-leliana-ca","category-politica","category-seccion-ca","tag-camp-de-turia-ca","tag-leliania-ca"],"_links":{"self":[{"href":"https:\/\/tucomarca.whitekongsoftware.com\/ca\/wp-json\/wp\/v2\/posts\/124470","targetHints":{"allow":["GET"]}}],"collection":[{"href":"https:\/\/tucomarca.whitekongsoftware.com\/ca\/wp-json\/wp\/v2\/posts"}],"about":[{"href":"https:\/\/tucomarca.whitekongsoftware.com\/ca\/wp-json\/wp\/v2\/types\/post"}],"author":[{"embeddable":true,"href":"https:\/\/tucomarca.whitekongsoftware.com\/ca\/wp-json\/wp\/v2\/users\/12"}],"replies":[{"embeddable":true,"href":"https:\/\/tucomarca.whitekongsoftware.com\/ca\/wp-json\/wp\/v2\/comments?post=124470"}],"version-history":[{"count":0,"href":"https:\/\/tucomarca.whitekongsoftware.com\/ca\/wp-json\/wp\/v2\/posts\/124470\/revisions"}],"wp:featuredmedia":[{"embeddable":true,"href":"https:\/\/tucomarca.whitekongsoftware.com\/ca\/wp-json\/wp\/v2\/media\/124466"}],"wp:attachment":[{"href":"https:\/\/tucomarca.whitekongsoftware.com\/ca\/wp-json\/wp\/v2\/media?parent=124470"}],"wp:term":[{"taxonomy":"category","embeddable":true,"href":"https:\/\/tucomarca.whitekongsoftware.com\/ca\/wp-json\/wp\/v2\/categories?post=124470"},{"taxonomy":"post_tag","embeddable":true,"href":"https:\/\/tucomarca.whitekongsoftware.com\/ca\/wp-json\/wp\/v2\/tags?post=124470"}],"curies":[{"name":"wp","href":"https:\/\/api.w.org\/{rel}","templated":true}]}}