{"id":124429,"date":"2021-01-21T09:00:00","date_gmt":"2021-01-21T08:00:00","guid":{"rendered":"http:\/\/www.tucomarca.com\/wordpress\/segunda\/?p=124429"},"modified":"2021-01-22T12:01:42","modified_gmt":"2021-01-22T11:01:42","slug":"bunyol-tanca-totes-les-seues-installacions-esportives-parcs-i-museus-fins-al-3-de-febrer-per-palliar-la-transmissio-de-covid","status":"publish","type":"post","link":"https:\/\/tucomarca.whitekongsoftware.com\/ca\/bunyol-tanca-totes-les-seues-installacions-esportives-parcs-i-museus-fins-al-3-de-febrer-per-palliar-la-transmissio-de-covid\/","title":{"rendered":"Bunyol tanca totes les seues instal\u00b7lacions esportives, parcs i museus fins al 3 de febrer per pal\u00b7liar la transmissi\u00f3 de Covid"},"content":{"rendered":"\n<p class=\"wp-block-paragraph\">Bunyol procedix, a trav\u00e9s d&#8217;un ban d&#8217;alcaldia, al tancament preventiu i suspensi\u00f3 cautelar de totes les seues instal\u00b7lacions esportives, parcs i museus establint aquestes mesures excepcionals que es consideren id\u00f2nies i proporcionals a la situaci\u00f3 que est\u00e0 vivint la Comunitat Valenciana davant la situaci\u00f3 d&#8217;agreujament de la situaci\u00f3 de crisi sanit\u00e0ria ocasionada per la Covid-19.<\/p>\n\n\n\n<p class=\"wp-block-paragraph\">Tamb\u00e9 informa de que no se cediran per al seu \u00fas locals o instal\u00b7lacions municipals, aix\u00ed com que les comitives per als soterrars o despedides es restringix a un m\u00e0xim de 15 persones en el cementeri municipal i a 10 persones en els vetles en instal\u00b7lacions tancades.<\/p>\n\n\n\n<p class=\"wp-block-paragraph\">En La R\u00e0dio Municipal no podran participar col\u00b7laboradors de manera presencial. El camp de futbol Beltr\u00e1n B\u00e1guena i la Llar del Jubilat tamb\u00e9 romandran tancats.<\/p>\n\n\n\n<p class=\"wp-block-paragraph\">Estes mesures s&#8217;aplicaran des del 21 de gener al 3 de febrer ambd\u00f3s inclosos.<\/p>\n\n\n\n<figure class=\"wp-block-gallery columns-2 is-cropped wp-block-gallery-1 is-layout-flex wp-block-gallery-is-layout-flex\"><ul class=\"blocks-gallery-grid\"><li class=\"blocks-gallery-item\"><figure><img loading=\"lazy\" decoding=\"async\" width=\"724\" height=\"1024\" src=\"http:\/\/www.tucomarca.com\/wordpress\/segunda\/wp-content\/uploads\/2021\/01\/BandoCOVID-19A-724x1024.jpg\" alt=\"\" data-id=\"124418\" data-link=\"https:\/\/www.tucomarca.com\/wordpress\/segunda\/?attachment_id=124418\" class=\"wp-image-124418\" srcset=\"https:\/\/tucomarca.whitekongsoftware.com\/wp-content\/uploads\/2021\/01\/BandoCOVID-19A-724x1024.jpg 724w, https:\/\/tucomarca.whitekongsoftware.com\/wp-content\/uploads\/2021\/01\/BandoCOVID-19A-212x300.jpg 212w, https:\/\/tucomarca.whitekongsoftware.com\/wp-content\/uploads\/2021\/01\/BandoCOVID-19A-768x1086.jpg 768w, https:\/\/tucomarca.whitekongsoftware.com\/wp-content\/uploads\/2021\/01\/BandoCOVID-19A-1086x1536.jpg 1086w, https:\/\/tucomarca.whitekongsoftware.com\/wp-content\/uploads\/2021\/01\/BandoCOVID-19A.jpg 1392w\" sizes=\"auto, (max-width: 724px) 100vw, 724px\" \/><\/figure><\/li><li class=\"blocks-gallery-item\"><figure><img loading=\"lazy\" decoding=\"async\" width=\"724\" height=\"1024\" src=\"http:\/\/www.tucomarca.com\/wordpress\/segunda\/wp-content\/uploads\/2021\/01\/BandoCOVID-19B-724x1024.jpg\" alt=\"\" data-id=\"124420\" data-full-url=\"https:\/\/www.tucomarca.com\/wordpress\/segunda\/wp-content\/uploads\/2021\/01\/BandoCOVID-19B.jpg\" data-link=\"https:\/\/www.tucomarca.com\/wordpress\/segunda\/?attachment_id=124420\" class=\"wp-image-124420\" srcset=\"https:\/\/tucomarca.whitekongsoftware.com\/wp-content\/uploads\/2021\/01\/BandoCOVID-19B-724x1024.jpg 724w, https:\/\/tucomarca.whitekongsoftware.com\/wp-content\/uploads\/2021\/01\/BandoCOVID-19B-212x300.jpg 212w, https:\/\/tucomarca.whitekongsoftware.com\/wp-content\/uploads\/2021\/01\/BandoCOVID-19B-768x1086.jpg 768w, https:\/\/tucomarca.whitekongsoftware.com\/wp-content\/uploads\/2021\/01\/BandoCOVID-19B-1086x1536.jpg 1086w, https:\/\/tucomarca.whitekongsoftware.com\/wp-content\/uploads\/2021\/01\/BandoCOVID-19B.jpg 1392w\" sizes=\"auto, (max-width: 724px) 100vw, 724px\" \/><\/figure><\/li><\/ul><\/figure>\n","protected":false},"excerpt":{"rendered":"<div class=\"mh-excerpt\">Bunyol procedix, a trav\u00e9s d&#8217;un ban d&#8217;alcaldia, al tancament preventiu i suspensi\u00f3 cautelar de totes les seues instal\u00b7lacions esportives, parcs i museus establint aquestes mesures excepcionals que es consideren id\u00f2nies i proporcionals a la situaci\u00f3 <a class=\"mh-excerpt-more\" href=\"https:\/\/tucomarca.whitekongsoftware.com\/ca\/bunyol-tanca-totes-les-seues-installacions-esportives-parcs-i-museus-fins-al-3-de-febrer-per-palliar-la-transmissio-de-covid\/\" title=\"Bunyol tanca totes les seues instal\u00b7lacions esportives, parcs i museus fins al 3 de febrer per pal\u00b7liar la transmissi\u00f3 de Covid\">[+] <\/a><\/div>\n","protected":false},"author":12,"featured_media":124959,"comment_status":"open","ping_status":"open","sticky":false,"template":"","format":"standard","meta":{"footnotes":""},"categories":[10911,11010,12202,11003,10948,10894,10912,10903,11009,10947,10896,10897],"tags":[10913,13618,11939,11940,10914],"class_list":["post-124429","post","type-post","status-publish","format-standard","has-post-thumbnail","category-bunol-ca","category-canal-salud","category-covid-19-ca","category-sports","category-infraestructuras-ca","category-la-comarca-ca","category-la-hoya-ca","category-medio-ambiente-la-comarca-ca","category-polideportivo-ca","category-politica","category-seccion-ca","category-sucesos-la-comarca-ca","tag-bunol-ca","tag-cierre-de-instalaciones-ca","tag-coronavirus-ca","tag-covid-19-ca","tag-la-hoya-de-bunol-chiva-ca"],"_links":{"self":[{"href":"https:\/\/tucomarca.whitekongsoftware.com\/ca\/wp-json\/wp\/v2\/posts\/124429","targetHints":{"allow":["GET"]}}],"collection":[{"href":"https:\/\/tucomarca.whitekongsoftware.com\/ca\/wp-json\/wp\/v2\/posts"}],"about":[{"href":"https:\/\/tucomarca.whitekongsoftware.com\/ca\/wp-json\/wp\/v2\/types\/post"}],"author":[{"embeddable":true,"href":"https:\/\/tucomarca.whitekongsoftware.com\/ca\/wp-json\/wp\/v2\/users\/12"}],"replies":[{"embeddable":true,"href":"https:\/\/tucomarca.whitekongsoftware.com\/ca\/wp-json\/wp\/v2\/comments?post=124429"}],"version-history":[{"count":0,"href":"https:\/\/tucomarca.whitekongsoftware.com\/ca\/wp-json\/wp\/v2\/posts\/124429\/revisions"}],"wp:featuredmedia":[{"embeddable":true,"href":"https:\/\/tucomarca.whitekongsoftware.com\/ca\/wp-json\/wp\/v2\/media\/124959"}],"wp:attachment":[{"href":"https:\/\/tucomarca.whitekongsoftware.com\/ca\/wp-json\/wp\/v2\/media?parent=124429"}],"wp:term":[{"taxonomy":"category","embeddable":true,"href":"https:\/\/tucomarca.whitekongsoftware.com\/ca\/wp-json\/wp\/v2\/categories?post=124429"},{"taxonomy":"post_tag","embeddable":true,"href":"https:\/\/tucomarca.whitekongsoftware.com\/ca\/wp-json\/wp\/v2\/tags?post=124429"}],"curies":[{"name":"wp","href":"https:\/\/api.w.org\/{rel}","templated":true}]}}