{"id":124368,"date":"2021-01-21T23:45:00","date_gmt":"2021-01-21T22:45:00","guid":{"rendered":"http:\/\/www.tucomarca.com\/wordpress\/segunda\/?p=124368"},"modified":"2021-01-22T10:40:35","modified_gmt":"2021-01-22T09:40:35","slug":"el-partit-requena-i-aldees-denuncia-que-encara-no-shan-retirat-els-pins-derrocats-pel-temporal-de-2017","status":"publish","type":"post","link":"https:\/\/tucomarca.whitekongsoftware.com\/ca\/el-partit-requena-i-aldees-denuncia-que-encara-no-shan-retirat-els-pins-derrocats-pel-temporal-de-2017\/","title":{"rendered":"El Partit Requena i Aldees den\u00fancia que encara no s&#8217;han retirat els pins derrocats pel temporal de 2017"},"content":{"rendered":"\n<p class=\"wp-block-paragraph\">S&#8217;han complert quatre anys de temporal de neu que va provocar la caiguda de gran nombre d&#8217;arbres a les muntanyes de Requena-Utiel.<\/p>\n\n\n\n<p class=\"wp-block-paragraph\">No obstant aix\u00f2, en l&#8217;actualitat, &#8220;les muntanyes romanen amb tota la llenya seca a terra sense retirar, el que provoca una perillosa amena\u00e7a d&#8217;incendi al medi natural&#8221; denuncien des del Partit Requena i Llogarets.<\/p>\n\n\n\n<p class=\"wp-block-paragraph\">Aquesta formaci\u00f3 pol\u00edtica considera queel Govern valenci\u00e0 &#8220;ha tingut prou temps des del 19 de gener de 2017 per retirar tots els arbres bolcats pel temporal de neu&#8221;. \u00c9s evident que &#8220;la manca de recursos per cuidar i mantenir les muntanyes per part de Govern Valenci\u00e0 fa que els escassos mitjans que tenim siguen totalment insuficients&#8221; afirmen des del PR i A. Informa <strong>Luis Ib\u00e1\u00f1ez.<\/strong><\/p>\n","protected":false},"excerpt":{"rendered":"<div class=\"mh-excerpt\">S&#8217;han complert quatre anys de temporal de neu que va provocar la caiguda de gran nombre d&#8217;arbres a les muntanyes de Requena-Utiel. No obstant aix\u00f2, en l&#8217;actualitat, &#8220;les muntanyes romanen amb tota la llenya seca <a class=\"mh-excerpt-more\" href=\"https:\/\/tucomarca.whitekongsoftware.com\/ca\/el-partit-requena-i-aldees-denuncia-que-encara-no-shan-retirat-els-pins-derrocats-pel-temporal-de-2017\/\" title=\"El Partit Requena i Aldees den\u00fancia que encara no s&#8217;han retirat els pins derrocats pel temporal de 2017\">[+] <\/a><\/div>\n","protected":false},"author":12,"featured_media":124367,"comment_status":"open","ping_status":"open","sticky":false,"template":"","format":"standard","meta":{"footnotes":""},"categories":[10894,10903,10947,10908,10909,10896],"tags":[12796,11099,10910],"class_list":["post-124368","post","type-post","status-publish","format-standard","has-post-thumbnail","category-la-comarca-ca","category-medio-ambiente-la-comarca-ca","category-politica","category-requena-ca","category-requena-utiel-ca","category-seccion-ca","tag-prya-ca","tag-requena-ca","tag-requena-utiel-ca"],"_links":{"self":[{"href":"https:\/\/tucomarca.whitekongsoftware.com\/ca\/wp-json\/wp\/v2\/posts\/124368","targetHints":{"allow":["GET"]}}],"collection":[{"href":"https:\/\/tucomarca.whitekongsoftware.com\/ca\/wp-json\/wp\/v2\/posts"}],"about":[{"href":"https:\/\/tucomarca.whitekongsoftware.com\/ca\/wp-json\/wp\/v2\/types\/post"}],"author":[{"embeddable":true,"href":"https:\/\/tucomarca.whitekongsoftware.com\/ca\/wp-json\/wp\/v2\/users\/12"}],"replies":[{"embeddable":true,"href":"https:\/\/tucomarca.whitekongsoftware.com\/ca\/wp-json\/wp\/v2\/comments?post=124368"}],"version-history":[{"count":0,"href":"https:\/\/tucomarca.whitekongsoftware.com\/ca\/wp-json\/wp\/v2\/posts\/124368\/revisions"}],"wp:featuredmedia":[{"embeddable":true,"href":"https:\/\/tucomarca.whitekongsoftware.com\/ca\/wp-json\/wp\/v2\/media\/124367"}],"wp:attachment":[{"href":"https:\/\/tucomarca.whitekongsoftware.com\/ca\/wp-json\/wp\/v2\/media?parent=124368"}],"wp:term":[{"taxonomy":"category","embeddable":true,"href":"https:\/\/tucomarca.whitekongsoftware.com\/ca\/wp-json\/wp\/v2\/categories?post=124368"},{"taxonomy":"post_tag","embeddable":true,"href":"https:\/\/tucomarca.whitekongsoftware.com\/ca\/wp-json\/wp\/v2\/tags?post=124368"}],"curies":[{"name":"wp","href":"https:\/\/api.w.org\/{rel}","templated":true}]}}