{"id":124361,"date":"2021-01-21T10:10:00","date_gmt":"2021-01-21T09:10:00","guid":{"rendered":"http:\/\/www.tucomarca.com\/wordpress\/segunda\/?p=124361"},"modified":"2021-01-21T19:35:44","modified_gmt":"2021-01-21T18:35:44","slug":"cau-la-contractacio-en-el-camp-pels-baixos-preus-del-raim-i-dels-vins","status":"publish","type":"post","link":"https:\/\/tucomarca.whitekongsoftware.com\/ca\/cau-la-contractacio-en-el-camp-pels-baixos-preus-del-raim-i-dels-vins\/","title":{"rendered":"Cau la contractaci\u00f3 en el camp pels baixos preus del ra\u00efm i dels vins"},"content":{"rendered":"\n<p class=\"wp-block-paragraph\">La crisi que travessa el sector productor de ra\u00efm per a vi de la comarca Requena-Utiel, est\u00e0 provocant tamb\u00e9 &#8220;una disminuci\u00f3 significativa en la contractaci\u00f3 de treballadors per a les tasques vit\u00edcoles&#8221; va afirmar Luis Javier Navarro, vicesecretari de la Uni\u00f3 de Llauradors i viticultor de la comarca. &#8220;El cost d&#8217;una jornada de treball -va explicar- incloent les cotitzacions, s&#8217;eleva a 75 euros, cosa que els viticultors no poden assumir com a conseq\u00fc\u00e8ncia dels baixos preus que es paguen per el ra\u00efm i els vins&#8221;.<\/p>\n\n\n\n<p class=\"wp-block-paragraph\">El dirigent agrari va concretar que &#8220;nom\u00e9s la poda d&#8217;una hect\u00e0rea de vinya pot costar m\u00e9s de 300 euros, de manera que, als agricultors no els surten els comptes&#8221;.<\/p>\n\n\n\n<p class=\"wp-block-paragraph\">Luis Javier Navarro, per\u00f2, va destacar que &#8220;enguany hi ha personal suficient per a les tasques agr\u00edcoles; per\u00f2 la contractaci\u00f3 \u00e9s escassa &#8220;.<br>Cal recordar que, les cotitzacions dels ra\u00efms i dels vins, han caigut m\u00e9s d&#8217;un 30% respecte a la campanya anterior, amb l&#8217;agreujant que els cellers acumulen grans quantitats de vi sense vendre, davant l&#8217;escassa demanda que existeix. Informa,<strong> Luis Ib\u00e1\u00f1ez.<\/strong><\/p>\n","protected":false},"excerpt":{"rendered":"<div class=\"mh-excerpt\">La crisi que travessa el sector productor de ra\u00efm per a vi de la comarca Requena-Utiel, est\u00e0 provocant tamb\u00e9 &#8220;una disminuci\u00f3 significativa en la contractaci\u00f3 de treballadors per a les tasques vit\u00edcoles&#8221; va afirmar Luis <a class=\"mh-excerpt-more\" href=\"https:\/\/tucomarca.whitekongsoftware.com\/ca\/cau-la-contractacio-en-el-camp-pels-baixos-preus-del-raim-i-dels-vins\/\" title=\"Cau la contractaci\u00f3 en el camp pels baixos preus del ra\u00efm i dels vins\">[+] <\/a><\/div>\n","protected":false},"author":12,"featured_media":120482,"comment_status":"open","ping_status":"open","sticky":false,"template":"","format":"standard","meta":{"footnotes":""},"categories":[10905,11030,11031,11006,11032,11054,11055,10948,10894,11056,10947,10908,10909,11057,10896,11058,11059,11060,11061],"tags":[11309,12228,11459],"class_list":["post-124361","post","type-post","status-publish","format-standard","has-post-thumbnail","category-agricultura-la-comarca-ca","category-campo-arcis-ca","category-camporrobles-ca","category-canal-vinos","category-caudete-ca","category-chera-ca","category-fuenterrobles-ca","category-infraestructuras-ca","category-la-comarca-ca","category-las-cuevas-ca","category-politica","category-requena-ca","category-requena-utiel-ca","category-san-antonio-ca","category-seccion-ca","category-sinarcas-ca","category-utiel-ca","category-venta-del-moro-ca","category-villargordo-del-cabriel-ca","tag-agricultura-ca","tag-unio-de-llauradors-i-ramaders-ca","tag-utiel-requena-ca"],"_links":{"self":[{"href":"https:\/\/tucomarca.whitekongsoftware.com\/ca\/wp-json\/wp\/v2\/posts\/124361","targetHints":{"allow":["GET"]}}],"collection":[{"href":"https:\/\/tucomarca.whitekongsoftware.com\/ca\/wp-json\/wp\/v2\/posts"}],"about":[{"href":"https:\/\/tucomarca.whitekongsoftware.com\/ca\/wp-json\/wp\/v2\/types\/post"}],"author":[{"embeddable":true,"href":"https:\/\/tucomarca.whitekongsoftware.com\/ca\/wp-json\/wp\/v2\/users\/12"}],"replies":[{"embeddable":true,"href":"https:\/\/tucomarca.whitekongsoftware.com\/ca\/wp-json\/wp\/v2\/comments?post=124361"}],"version-history":[{"count":0,"href":"https:\/\/tucomarca.whitekongsoftware.com\/ca\/wp-json\/wp\/v2\/posts\/124361\/revisions"}],"wp:featuredmedia":[{"embeddable":true,"href":"https:\/\/tucomarca.whitekongsoftware.com\/ca\/wp-json\/wp\/v2\/media\/120482"}],"wp:attachment":[{"href":"https:\/\/tucomarca.whitekongsoftware.com\/ca\/wp-json\/wp\/v2\/media?parent=124361"}],"wp:term":[{"taxonomy":"category","embeddable":true,"href":"https:\/\/tucomarca.whitekongsoftware.com\/ca\/wp-json\/wp\/v2\/categories?post=124361"},{"taxonomy":"post_tag","embeddable":true,"href":"https:\/\/tucomarca.whitekongsoftware.com\/ca\/wp-json\/wp\/v2\/tags?post=124361"}],"curies":[{"name":"wp","href":"https:\/\/api.w.org\/{rel}","templated":true}]}}